{"id":239441,"date":"2023-05-10T14:16:29","date_gmt":"2023-05-10T18:16:29","guid":{"rendered":"https:\/\/www.ocorreionews.com.br\/acervo-correio\/?p=239441"},"modified":"2023-05-10T14:16:29","modified_gmt":"2023-05-10T18:16:29","slug":"entidade-de-chapadao-do-sul-e-declarada-de-utilidade-publica-estadual","status":"publish","type":"post","link":"https:\/\/www.ocorreionews.com.br\/acervo-correio\/?p=239441","title":{"rendered":"Entidade de Chapad\u00e3o do Sul \u00e9 declarada de Utilidade P\u00fablica Estadual"},"content":{"rendered":"<p>Foi sancionada a <ins><a href=\"https:\/\/www.spdo.ms.gov.br\/diariodoe\/Index\/Download\/DO11145_03_05_2023\" target=\"_blank\" rel=\"noopener\">Lei 6.050 de 2023<\/a><\/ins>, que declara de Utilidade P\u00fablica Estadual a Associa\u00e7\u00e3o T\u00eanis Para Todos, com sede e foro no munic\u00edpio de Chapad\u00e3o do Sul. A nova norma, de autoria do deputado Junior Mochi (MDB) foi publicada no <ins><a href=\"https:\/\/www.spdo.ms.gov.br\/diariodoe\" target=\"_blank\" rel=\"noopener\">Di\u00e1rio Oficial do Estado<\/a><\/ins> quarta-feira (3) da semana passada.<\/p>\n<p>A entidade, fundada em 2017, promove programas sociais e esportivos com jovens de baixa renda, pessoas com defici\u00eancia f\u00edsica ou intelectual de todas as idades e classes sociais, visando o desenvolvimento social e o exerc\u00edcio da cidadania por meio de torneios, campeonatos e interc\u00e2mbio t\u00e9cnico e cient\u00edfico.<\/p>\n<p>\u201cHoje s\u00e3o 140 meninos e meninas que fazem aula de t\u00eanis e beach tennis no contraturno escolar, tirando as crian\u00e7as da rua. Muitas delas hoje t\u00eam obtido resultados espetaculares. Se olharmos no Mato Grosso do Sul as competi\u00e7\u00f5es infanto-juvenil, Chapad\u00e3o do Sul se destaca\u201d, afirmou Mochi.<\/p>\n<p>&nbsp;<\/p>\n<p>*Ag\u00eancia AL-MS<\/p>\n","protected":false},"excerpt":{"rendered":"<p>Foi sancionada a Lei 6.050 de 2023, que declara de Utilidade P\u00fablica Estadual a Associa\u00e7\u00e3o T\u00eanis Para Todos, com sede e foro no munic\u00edpio de Chapad\u00e3o do Sul. A nova norma, de autoria do deputado Junior Mochi (MDB) foi publicada no Di\u00e1rio Oficial do Estado quarta-feira (3) da semana passada. A entidade, fundada em 2017, [&hellip;]<\/p>\n","protected":false},"author":5,"featured_media":239445,"comment_status":"closed","ping_status":"closed","sticky":false,"template":"","format":"standard","meta":{"footnotes":""},"categories":[23],"tags":[],"class_list":["post-239441","post","type-post","status-publish","format-standard","has-post-thumbnail","hentry","category-chapadao-do-sul"],"_links":{"self":[{"href":"https:\/\/www.ocorreionews.com.br\/acervo-correio\/index.php?rest_route=\/wp\/v2\/posts\/239441","targetHints":{"allow":["GET"]}}],"collection":[{"href":"https:\/\/www.ocorreionews.com.br\/acervo-correio\/index.php?rest_route=\/wp\/v2\/posts"}],"about":[{"href":"https:\/\/www.ocorreionews.com.br\/acervo-correio\/index.php?rest_route=\/wp\/v2\/types\/post"}],"author":[{"embeddable":true,"href":"https:\/\/www.ocorreionews.com.br\/acervo-correio\/index.php?rest_route=\/wp\/v2\/users\/5"}],"replies":[{"embeddable":true,"href":"https:\/\/www.ocorreionews.com.br\/acervo-correio\/index.php?rest_route=%2Fwp%2Fv2%2Fcomments&post=239441"}],"version-history":[{"count":1,"href":"https:\/\/www.ocorreionews.com.br\/acervo-correio\/index.php?rest_route=\/wp\/v2\/posts\/239441\/revisions"}],"predecessor-version":[{"id":239446,"href":"https:\/\/www.ocorreionews.com.br\/acervo-correio\/index.php?rest_route=\/wp\/v2\/posts\/239441\/revisions\/239446"}],"wp:featuredmedia":[{"embeddable":true,"href":"https:\/\/www.ocorreionews.com.br\/acervo-correio\/index.php?rest_route=\/wp\/v2\/media\/239445"}],"wp:attachment":[{"href":"https:\/\/www.ocorreionews.com.br\/acervo-correio\/index.php?rest_route=%2Fwp%2Fv2%2Fmedia&parent=239441"}],"wp:term":[{"taxonomy":"category","embeddable":true,"href":"https:\/\/www.ocorreionews.com.br\/acervo-correio\/index.php?rest_route=%2Fwp%2Fv2%2Fcategories&post=239441"},{"taxonomy":"post_tag","embeddable":true,"href":"https:\/\/www.ocorreionews.com.br\/acervo-correio\/index.php?rest_route=%2Fwp%2Fv2%2Ftags&post=239441"}],"curies":[{"name":"wp","href":"https:\/\/api.w.org\/{rel}","templated":true}]}}