{"id":239447,"date":"2023-05-10T14:45:45","date_gmt":"2023-05-10T18:45:45","guid":{"rendered":"https:\/\/www.ocorreionews.com.br\/acervo-correio\/?p=239447"},"modified":"2023-05-10T14:45:45","modified_gmt":"2023-05-10T18:45:45","slug":"policias-apreendem-aparelho-de-som-apos-morador-se-negar-a-abaixar-o-volume-em-costa-rica","status":"publish","type":"post","link":"https:\/\/www.ocorreionews.com.br\/acervo-correio\/?p=239447","title":{"rendered":"Policias apreendem aparelho de som ap\u00f3s morador se negar a abaixar o volume em Costa Rica"},"content":{"rendered":"<p>Na noite desta ter\u00e7a-feira (09), policias militares de Costa Rica, encerraram uma \u201cfestinha\u201d, ap\u00f3s o morador recusar abaixar o volume do som alegando estar no dia de sua folga, e ainda uma mulher foi detida ap\u00f3s amea\u00e7ar o vizinho que havia denunciado o caso.<\/p>\n<p>De acordo com informa\u00e7\u00f5es do Boletim de Ocorr\u00eancia, a Policia Militar foi acionada referente a uma den\u00fancia a perturba\u00e7\u00e3o da tranquilidade em uma resid\u00eancia na Rua Petr\u00f3polis, onde a v\u00edtima de 28 anos comunicava que foi at\u00e9 a resid\u00eancia do perturbador e pediu para abaixar o volume do som pois estava perturbando, contudo, a v\u00edtima relata que tal pedido foi negado, com isso os militares foram acionados.<\/p>\n<p>A Policia Militar foi at\u00e9 o local informado e identificou o aparelho de som em volume alterado, ao realizar contato com o autor de26 anos, dono da resid\u00eancia o mesmo disse que n\u00e3o abaixou o volume do som pois era sua folga e ele queria aproveitar, novamente solicitado para que abaixasse o volume o autor se negou e disse que \u201cn\u00e3o iria parar sua festa\u201d.<\/p>\n<p>Desse modo os militares realizaram a apreens\u00e3o do aparelho de som e informou que seria propriet\u00e1rio da resid\u00eancia ia ser conduzido at\u00e9 a delegacia para registro do boletim de ocorr\u00eancia.<\/p>\n<p>Ainda assim, ap\u00f3s isso os convidados do autor, uma mulher de 35 anos e um menor infrator, come\u00e7aram a proferir palavras de baixo cal\u00e3o e amea\u00e7as contra a v\u00edtima, de tal forma que a Policia Militar voltou ao local e os encaminharam para que fosse tomada as devidas providencias cab\u00edveis.<\/p>\n","protected":false},"excerpt":{"rendered":"<p>Na noite desta ter\u00e7a-feira (09), policias militares de Costa Rica, encerraram uma \u201cfestinha\u201d, ap\u00f3s o morador recusar abaixar o volume do som alegando estar no dia de sua folga, e ainda uma mulher foi detida ap\u00f3s amea\u00e7ar o vizinho que havia denunciado o caso. De acordo com informa\u00e7\u00f5es do Boletim de Ocorr\u00eancia, a Policia Militar [&hellip;]<\/p>\n","protected":false},"author":5,"featured_media":228558,"comment_status":"closed","ping_status":"closed","sticky":false,"template":"","format":"standard","meta":{"footnotes":""},"categories":[25,38],"tags":[],"class_list":["post-239447","post","type-post","status-publish","format-standard","has-post-thumbnail","hentry","category-costa-rica","category-policia"],"_links":{"self":[{"href":"https:\/\/www.ocorreionews.com.br\/acervo-correio\/index.php?rest_route=\/wp\/v2\/posts\/239447","targetHints":{"allow":["GET"]}}],"collection":[{"href":"https:\/\/www.ocorreionews.com.br\/acervo-correio\/index.php?rest_route=\/wp\/v2\/posts"}],"about":[{"href":"https:\/\/www.ocorreionews.com.br\/acervo-correio\/index.php?rest_route=\/wp\/v2\/types\/post"}],"author":[{"embeddable":true,"href":"https:\/\/www.ocorreionews.com.br\/acervo-correio\/index.php?rest_route=\/wp\/v2\/users\/5"}],"replies":[{"embeddable":true,"href":"https:\/\/www.ocorreionews.com.br\/acervo-correio\/index.php?rest_route=%2Fwp%2Fv2%2Fcomments&post=239447"}],"version-history":[{"count":1,"href":"https:\/\/www.ocorreionews.com.br\/acervo-correio\/index.php?rest_route=\/wp\/v2\/posts\/239447\/revisions"}],"predecessor-version":[{"id":239448,"href":"https:\/\/www.ocorreionews.com.br\/acervo-correio\/index.php?rest_route=\/wp\/v2\/posts\/239447\/revisions\/239448"}],"wp:featuredmedia":[{"embeddable":true,"href":"https:\/\/www.ocorreionews.com.br\/acervo-correio\/index.php?rest_route=\/wp\/v2\/media\/228558"}],"wp:attachment":[{"href":"https:\/\/www.ocorreionews.com.br\/acervo-correio\/index.php?rest_route=%2Fwp%2Fv2%2Fmedia&parent=239447"}],"wp:term":[{"taxonomy":"category","embeddable":true,"href":"https:\/\/www.ocorreionews.com.br\/acervo-correio\/index.php?rest_route=%2Fwp%2Fv2%2Fcategories&post=239447"},{"taxonomy":"post_tag","embeddable":true,"href":"https:\/\/www.ocorreionews.com.br\/acervo-correio\/index.php?rest_route=%2Fwp%2Fv2%2Ftags&post=239447"}],"curies":[{"name":"wp","href":"https:\/\/api.w.org\/{rel}","templated":true}]}}