{"id":239458,"date":"2023-05-10T15:36:42","date_gmt":"2023-05-10T19:36:42","guid":{"rendered":"https:\/\/www.ocorreionews.com.br\/acervo-correio\/?p=239458"},"modified":"2023-05-10T15:36:42","modified_gmt":"2023-05-10T19:36:42","slug":"alems-conclui-nova-etapa-para-sinal-aberto-da-tv-e-radio-institucionais","status":"publish","type":"post","link":"https:\/\/www.ocorreionews.com.br\/acervo-correio\/?p=239458","title":{"rendered":"ALEMS conclui nova etapa para sinal aberto da TV e R\u00e1dio institucionais"},"content":{"rendered":"<p>Com a torre j\u00e1 montada, a Assembleia Legislativa de Mato Grosso do Sul (ALEMS) est\u00e1 mais pr\u00f3xima de iniciar a transmiss\u00e3o da programa\u00e7\u00e3o institucional\u00a0em canal aberto de r\u00e1dio e televis\u00e3o. Agora, ser\u00e1 erguida a antena e constru\u00eddo o abrigo dos transmissores. O sinal aberto alcan\u00e7ar\u00e1, inicialmente, Campo Grande e regi\u00e3o. Nesta quarta-feira (10), o presidente da Casa de Leis, deputado Gerson Claro (PP), e o 1\u00ba secret\u00e1rio, deputado Paulo Corr\u00eaa (PSDB), vistoriaram a torre.<\/p>\n<p>&#8220;Estamos muito felizes com mais um canal que estar\u00e1 \u00e0 disposi\u00e7\u00e3o da popula\u00e7\u00e3o, levando as informa\u00e7\u00f5es institucionais da Casa ao Estado&#8221;, afirmou o presidente Gerson Claro. &#8220;Al\u00e9m de ampliar o alcance, tanto da programa\u00e7\u00e3o da TV quanto da R\u00e1dio ALEMS, tamb\u00e9m buscaremos aprimorar a qualidade do sinal de internet, conversando com as operadoras de telefonia&#8221;, complementou Paulo Corr\u00eaa.<\/p>\n<p>O trabalho para instala\u00e7\u00e3o da antena deve iniciar nesta semana e, conclu\u00edda essa etapa, o abrigo poder\u00e1 ser constru\u00eddo, conforme informou o arquiteto Neder Schabib P\u00e9res, servidor da Casa de Leis. \u201cTemos a torre pronta. Agora vamos subir a antena e os cabos de transmiss\u00e3o. Isso antes do in\u00edcio da constru\u00e7\u00e3o do abrigo dos transmissores. Em torno de 60 dias para todo o processo ser conclu\u00eddo\u201d, disse.<\/p>\n<p>O arquiteto tamb\u00e9m detalhou que a torre \u00e9 met\u00e1lica, piramidal, tem 70 metros de altura e sete metros quadrados de base. A seu tamanho, somam-se 12 metros de altura do tubul\u00e3o, estrutura por\u00a0onde ser\u00e1 instalada a antena. \u201cAs pe\u00e7as da torre chegaram j\u00e1 galvanizadas. Ent\u00e3o, a pintura j\u00e1 foi conclu\u00edda. A gente est\u00e1 numa parte alta de Campo Grande. Ent\u00e3o, a torre com 82 metros vai cobrir grande parte da cidade\u201d, afirmou o arquiteto.<\/p>\n<p><strong>Conquista<\/strong><\/p>\n<p>Para o\u00a0deputado Paulo Corr\u00eaa, a realiza\u00e7\u00e3o do projeto \u00e9 motivo de orgulho para o Parlamento. Ele estima que, no segundo semestre deste ano, j\u00e1\u00a0seja poss\u00edvel iniciar as transmiss\u00f5es em sinal aberto. \u201cVamos ver se at\u00e9 agosto ou setembro deste ano, o sinal aberto\u00a0j\u00e1 esteja funcionando\u201d, projeta. O deputado enfatizou, ainda, que o projeto resulta de parceria com o Senado Federal. \u201cN\u00f3s recebemos esse decodificador, que \u00e9 o\u00a0sinal que vai nos dar um canal aberto, do Ant\u00f4nio Carlos Magalh\u00e3es, quando ele era presidente do Senado Federal. Isso foi feito para que as Assembleias pudessem colocar em canal aberto o seu trabalho\u201d, contou o parlamentar.<\/p>\n<p>O sinal aberto \u00e9 um marco na hist\u00f3ria da Casa de Leis. A\u00a0TV e a R\u00e1dio ALEMS foram criadas h\u00e1 mais de 20 anos, em novembro de 2001. Com a finalidade de permitir aos cidad\u00e3os acompanharem\u00a0os trabalhos parlamentares, s\u00e3o transmitidas, ao vivo, as sess\u00f5es plen\u00e1rias, audi\u00eancias p\u00fablicas, reuni\u00f5es de comiss\u00f5es e eventos realizados na Casa de Leis. Atualmente, a TV ALEMS tem 16 horas di\u00e1rias de programa\u00e7\u00e3o (acesse <ins><a href=\"https:\/\/al.ms.gov.br\/TvAssembleia\" target=\"_blank\" rel=\"noopener\">clicando aqui<\/a><\/ins>).<\/p>\n<p>A R\u00e1dio Web da ALEMS, al\u00e9m das transmiss\u00f5es ao vivo das sess\u00f5es plen\u00e1rias e solenes, al\u00e9m das reuni\u00f5es de comiss\u00f5es parlamentares, produz diariamente boletins com informa\u00e7\u00f5es sobre as atividades parlamentares, entrevistas com deputados e programas. A programa\u00e7\u00e3o\u00a0\u00e9 marcada tamb\u00e9m pela valoriza\u00e7\u00e3o da cultura local, por meio de programas musicais. O conte\u00fado publicado est\u00e1 dispon\u00edvel para download gratuito, no formato MP3\u00a0e pode ser ouvido e reproduzido desde que mantenha a edi\u00e7\u00e3o original, incluindo a assinatura da R\u00e1dio Assembleia. Acesse\u00a0<ins><a href=\"https:\/\/al.ms.gov.br\/RadioAssembleia\/Audios?idMenu=601\" target=\"_blank\" rel=\"noopener\">clicando aqui<\/a><\/ins>.<\/p>\n<p><em>Veja abaixo reportagem especial da\u00a0TV ALEMS sobre o assunto:<\/em><\/p>\n<p><iframe loading=\"lazy\" title=\"YouTube video player\" src=\"https:\/\/www.youtube.com\/embed\/5gjHfLR0E8E\" width=\"560\" height=\"315\" frameborder=\"0\" allowfullscreen=\"allowfullscreen\" data-mce-fragment=\"1\"><\/iframe><\/p>\n<p><strong>Por:<\/strong> Osvaldo J\u00fanior e Fabiana Silvestre\u00a0\u00a0 <strong>Foto:<\/strong> Carlos Godoy<\/p>\n<p>&nbsp;<\/p>\n","protected":false},"excerpt":{"rendered":"<p>Com a torre j\u00e1 montada, a Assembleia Legislativa de Mato Grosso do Sul (ALEMS) est\u00e1 mais pr\u00f3xima de iniciar a transmiss\u00e3o da programa\u00e7\u00e3o institucional\u00a0em canal aberto de r\u00e1dio e televis\u00e3o. Agora, ser\u00e1 erguida a antena e constru\u00eddo o abrigo dos transmissores. O sinal aberto alcan\u00e7ar\u00e1, inicialmente, Campo Grande e regi\u00e3o. Nesta quarta-feira (10), o presidente [&hellip;]<\/p>\n","protected":false},"author":4,"featured_media":239459,"comment_status":"closed","ping_status":"closed","sticky":false,"template":"","format":"standard","meta":{"footnotes":""},"categories":[37],"tags":[],"class_list":["post-239458","post","type-post","status-publish","format-standard","has-post-thumbnail","hentry","category-politica"],"_links":{"self":[{"href":"https:\/\/www.ocorreionews.com.br\/acervo-correio\/index.php?rest_route=\/wp\/v2\/posts\/239458","targetHints":{"allow":["GET"]}}],"collection":[{"href":"https:\/\/www.ocorreionews.com.br\/acervo-correio\/index.php?rest_route=\/wp\/v2\/posts"}],"about":[{"href":"https:\/\/www.ocorreionews.com.br\/acervo-correio\/index.php?rest_route=\/wp\/v2\/types\/post"}],"author":[{"embeddable":true,"href":"https:\/\/www.ocorreionews.com.br\/acervo-correio\/index.php?rest_route=\/wp\/v2\/users\/4"}],"replies":[{"embeddable":true,"href":"https:\/\/www.ocorreionews.com.br\/acervo-correio\/index.php?rest_route=%2Fwp%2Fv2%2Fcomments&post=239458"}],"version-history":[{"count":1,"href":"https:\/\/www.ocorreionews.com.br\/acervo-correio\/index.php?rest_route=\/wp\/v2\/posts\/239458\/revisions"}],"predecessor-version":[{"id":239460,"href":"https:\/\/www.ocorreionews.com.br\/acervo-correio\/index.php?rest_route=\/wp\/v2\/posts\/239458\/revisions\/239460"}],"wp:featuredmedia":[{"embeddable":true,"href":"https:\/\/www.ocorreionews.com.br\/acervo-correio\/index.php?rest_route=\/wp\/v2\/media\/239459"}],"wp:attachment":[{"href":"https:\/\/www.ocorreionews.com.br\/acervo-correio\/index.php?rest_route=%2Fwp%2Fv2%2Fmedia&parent=239458"}],"wp:term":[{"taxonomy":"category","embeddable":true,"href":"https:\/\/www.ocorreionews.com.br\/acervo-correio\/index.php?rest_route=%2Fwp%2Fv2%2Fcategories&post=239458"},{"taxonomy":"post_tag","embeddable":true,"href":"https:\/\/www.ocorreionews.com.br\/acervo-correio\/index.php?rest_route=%2Fwp%2Fv2%2Ftags&post=239458"}],"curies":[{"name":"wp","href":"https:\/\/api.w.org\/{rel}","templated":true}]}}