{"id":239485,"date":"2023-05-11T09:29:22","date_gmt":"2023-05-11T13:29:22","guid":{"rendered":"https:\/\/www.ocorreionews.com.br\/acervo-correio\/?p=239485"},"modified":"2023-05-11T10:21:50","modified_gmt":"2023-05-11T14:21:50","slug":"mato-grosso-do-sul-tem-8-mortes-por-influenza-em-uma-semana-dois-bebes-estao-entre-as-vitimas","status":"publish","type":"post","link":"https:\/\/www.ocorreionews.com.br\/acervo-correio\/?p=239485","title":{"rendered":"Mato Grosso do Sul tem 8 mortes por Influenza em uma semana; dois beb\u00eas est\u00e3o entre as v\u00edtimas"},"content":{"rendered":"<p>Um beb\u00ea rec\u00e9m-nascido de Campo Grande e outro de 1 ano de Sonora, a 361 km da Capital, est\u00e3o entre as oito novas v\u00edtimas do v\u00edrus da gripe em Mato Grosso do Sul, no intervalo de uma semana. Desde o in\u00edcio do ano, conforme o <a class=\"st_tag internal_tag \" title=\"Todas as not\u00edcias sobre novo\" href=\"https:\/\/midiamax.uol.com.br\/tag\/novo\/\" rel=\"tag\">novo<\/a> boletim epidemiol\u00f3gico, s\u00e3o 22 mortes causadas pelo v\u00edrus no Estado.<\/p>\n<p>De acordo com o boletim da SES (Secretaria Estadual de Sa\u00fade), as duas crian\u00e7as morreram em decorr\u00eancia do v\u00edrus Influenza B. O rec\u00e9m-nascido faleceu no \u00faltimo domingo (7) e sofria de prematuridade extrema.\u00a0J\u00e1 o beb\u00ea de Sonora n\u00e3o tinha nenhuma comorbidade e morreu no dia 14 de abril.<\/p>\n<p>Al\u00e9m dos dois garotos, uma menina de sete anos de Tacuru, a 422 km de Campo Grande, que sofria de doen\u00e7a renal cr\u00f4nica aparece na lista de v\u00edtimas da Influenza B.<\/p>\n<p>As demais v\u00edtimas eram um homem de 78 anos de Corumb\u00e1, uma mulher de 78 anos e um homem de 37 anos de Miranda, e um homem de 75 anos de Campo Grande.\u00a0O oitavo \u00f3bito n\u00e3o teve idade divulgada pela Sa\u00fade do Estado.<\/p>\n<p>At\u00e9 a semana passada, o Estado tinha 14 mortes pela doen\u00e7a.<\/p>\n<p>&nbsp;<\/p>\n<p>*Midiamax &#8211; Thalya Godoy<\/p>\n<div class=\"elementor-element elementor-element-ec9eab2 elementor-widget__width-auto elementor-widget elementor-widget-text-editor\" data-id=\"ec9eab2\" data-element_type=\"widget\" data-widget_type=\"text-editor.default\">\n<div class=\"elementor-widget-container\"><\/div>\n<\/div>\n","protected":false},"excerpt":{"rendered":"<p>Um beb\u00ea rec\u00e9m-nascido de Campo Grande e outro de 1 ano de Sonora, a 361 km da Capital, est\u00e3o entre as oito novas v\u00edtimas do v\u00edrus da gripe em Mato Grosso do Sul, no intervalo de uma semana. Desde o in\u00edcio do ano, conforme o novo boletim epidemiol\u00f3gico, s\u00e3o 22 mortes causadas pelo v\u00edrus no [&hellip;]<\/p>\n","protected":false},"author":5,"featured_media":223022,"comment_status":"closed","ping_status":"closed","sticky":false,"template":"","format":"standard","meta":{"footnotes":""},"categories":[39],"tags":[],"class_list":["post-239485","post","type-post","status-publish","format-standard","has-post-thumbnail","hentry","category-saude"],"_links":{"self":[{"href":"https:\/\/www.ocorreionews.com.br\/acervo-correio\/index.php?rest_route=\/wp\/v2\/posts\/239485","targetHints":{"allow":["GET"]}}],"collection":[{"href":"https:\/\/www.ocorreionews.com.br\/acervo-correio\/index.php?rest_route=\/wp\/v2\/posts"}],"about":[{"href":"https:\/\/www.ocorreionews.com.br\/acervo-correio\/index.php?rest_route=\/wp\/v2\/types\/post"}],"author":[{"embeddable":true,"href":"https:\/\/www.ocorreionews.com.br\/acervo-correio\/index.php?rest_route=\/wp\/v2\/users\/5"}],"replies":[{"embeddable":true,"href":"https:\/\/www.ocorreionews.com.br\/acervo-correio\/index.php?rest_route=%2Fwp%2Fv2%2Fcomments&post=239485"}],"version-history":[{"count":1,"href":"https:\/\/www.ocorreionews.com.br\/acervo-correio\/index.php?rest_route=\/wp\/v2\/posts\/239485\/revisions"}],"predecessor-version":[{"id":239487,"href":"https:\/\/www.ocorreionews.com.br\/acervo-correio\/index.php?rest_route=\/wp\/v2\/posts\/239485\/revisions\/239487"}],"wp:featuredmedia":[{"embeddable":true,"href":"https:\/\/www.ocorreionews.com.br\/acervo-correio\/index.php?rest_route=\/wp\/v2\/media\/223022"}],"wp:attachment":[{"href":"https:\/\/www.ocorreionews.com.br\/acervo-correio\/index.php?rest_route=%2Fwp%2Fv2%2Fmedia&parent=239485"}],"wp:term":[{"taxonomy":"category","embeddable":true,"href":"https:\/\/www.ocorreionews.com.br\/acervo-correio\/index.php?rest_route=%2Fwp%2Fv2%2Fcategories&post=239485"},{"taxonomy":"post_tag","embeddable":true,"href":"https:\/\/www.ocorreionews.com.br\/acervo-correio\/index.php?rest_route=%2Fwp%2Fv2%2Ftags&post=239485"}],"curies":[{"name":"wp","href":"https:\/\/api.w.org\/{rel}","templated":true}]}}