{"id":239489,"date":"2023-05-11T09:31:43","date_gmt":"2023-05-11T13:31:43","guid":{"rendered":"https:\/\/www.ocorreionews.com.br\/acervo-correio\/?p=239489"},"modified":"2023-05-11T09:31:43","modified_gmt":"2023-05-11T13:31:43","slug":"prefeito-anizio-andrade-fiscaliza-atendimento-ao-publico-da-ubs-de-paraiso-das-aguas","status":"publish","type":"post","link":"https:\/\/www.ocorreionews.com.br\/acervo-correio\/?p=239489","title":{"rendered":"Prefeito Aniz\u00edo Andrade fiscaliza atendimento ao p\u00fablico da UBS de Para\u00edso das \u00c1guas"},"content":{"rendered":"<p>Na tarde desta quarta-feira (10) o prefeito de Para\u00edso das \u00c1guas Aniz\u00edo Sobrinho de Andrade (PP), acompanhado do secret\u00e1rio de Sa\u00fade, Ueder Pereira de Paula, esteve reunido com as respons\u00e1veis da UBS (Unidade B\u00e1sica de Sa\u00fade) Arist\u00f3teles Garcia Vida, no Jardim Bom Jesus.<\/p>\n<p>O objetivo da visita foi averiguar o andamento dos atendimentos ao p\u00fablico, acompanhar as demandas e cobrar por melhorias na qualidade do atendimento a popula\u00e7\u00e3o.<\/p>\n<p>Aniz\u00edo Andrade informou que recebeu um relato de algo incoveniente que ocorreu na unidade e foi averiguar e cobrar provid\u00eancias.<\/p>\n<p>&#8220;Buscamos valorizar nossos servidores, proporcionando condi\u00e7\u00f5es para melhor oferecer qualidade no atendimento aos nossos pacientes. Inclusive, estamos com cinco m\u00e9dicos atendendo no munic\u00edpio e abrimos vagas para a contrata\u00e7\u00e3o de mais m\u00e9dicos nos pr\u00f3ximos dias. Teremos muitas novidades e mudan\u00e7as na \u00e1rea da sa\u00fade no decorrer dos pr\u00f3ximos dias e meses&#8221;, disse o prefeito Aniz\u00edo Andrade.<\/p>\n<p>&nbsp;<\/p>\n<p>*BNC Not\u00edcias.<\/p>\n","protected":false},"excerpt":{"rendered":"<p>Na tarde desta quarta-feira (10) o prefeito de Para\u00edso das \u00c1guas Aniz\u00edo Sobrinho de Andrade (PP), acompanhado do secret\u00e1rio de Sa\u00fade, Ueder Pereira de Paula, esteve reunido com as respons\u00e1veis da UBS (Unidade B\u00e1sica de Sa\u00fade) Arist\u00f3teles Garcia Vida, no Jardim Bom Jesus. O objetivo da visita foi averiguar o andamento dos atendimentos ao p\u00fablico, [&hellip;]<\/p>\n","protected":false},"author":5,"featured_media":211604,"comment_status":"closed","ping_status":"closed","sticky":false,"template":"","format":"standard","meta":{"footnotes":""},"categories":[36,38],"tags":[],"class_list":["post-239489","post","type-post","status-publish","format-standard","has-post-thumbnail","hentry","category-paraiso-das-aguas","category-policia"],"_links":{"self":[{"href":"https:\/\/www.ocorreionews.com.br\/acervo-correio\/index.php?rest_route=\/wp\/v2\/posts\/239489","targetHints":{"allow":["GET"]}}],"collection":[{"href":"https:\/\/www.ocorreionews.com.br\/acervo-correio\/index.php?rest_route=\/wp\/v2\/posts"}],"about":[{"href":"https:\/\/www.ocorreionews.com.br\/acervo-correio\/index.php?rest_route=\/wp\/v2\/types\/post"}],"author":[{"embeddable":true,"href":"https:\/\/www.ocorreionews.com.br\/acervo-correio\/index.php?rest_route=\/wp\/v2\/users\/5"}],"replies":[{"embeddable":true,"href":"https:\/\/www.ocorreionews.com.br\/acervo-correio\/index.php?rest_route=%2Fwp%2Fv2%2Fcomments&post=239489"}],"version-history":[{"count":1,"href":"https:\/\/www.ocorreionews.com.br\/acervo-correio\/index.php?rest_route=\/wp\/v2\/posts\/239489\/revisions"}],"predecessor-version":[{"id":239490,"href":"https:\/\/www.ocorreionews.com.br\/acervo-correio\/index.php?rest_route=\/wp\/v2\/posts\/239489\/revisions\/239490"}],"wp:featuredmedia":[{"embeddable":true,"href":"https:\/\/www.ocorreionews.com.br\/acervo-correio\/index.php?rest_route=\/wp\/v2\/media\/211604"}],"wp:attachment":[{"href":"https:\/\/www.ocorreionews.com.br\/acervo-correio\/index.php?rest_route=%2Fwp%2Fv2%2Fmedia&parent=239489"}],"wp:term":[{"taxonomy":"category","embeddable":true,"href":"https:\/\/www.ocorreionews.com.br\/acervo-correio\/index.php?rest_route=%2Fwp%2Fv2%2Fcategories&post=239489"},{"taxonomy":"post_tag","embeddable":true,"href":"https:\/\/www.ocorreionews.com.br\/acervo-correio\/index.php?rest_route=%2Fwp%2Fv2%2Ftags&post=239489"}],"curies":[{"name":"wp","href":"https:\/\/api.w.org\/{rel}","templated":true}]}}