{"id":239498,"date":"2023-05-11T10:05:13","date_gmt":"2023-05-11T14:05:13","guid":{"rendered":"https:\/\/www.ocorreionews.com.br\/acervo-correio\/?p=239498"},"modified":"2023-05-11T10:05:14","modified_gmt":"2023-05-11T14:05:14","slug":"chapadao-do-sul-esta-com-vagas-de-emprego-para-pessoas-com-deficiencia","status":"publish","type":"post","link":"https:\/\/www.ocorreionews.com.br\/acervo-correio\/?p=239498","title":{"rendered":"Chapad\u00e3o do Sul est\u00e1 com vagas de emprego para pessoas com defici\u00eancia"},"content":{"rendered":"<p style=\"font-weight: 400;\">Casa do Trabalhador atrav\u00e9s da Secretaria de Desenvolvimento Econ\u00f4mico e Meio Ambiente, disponibiliza vagas de emprego para pessoas com defici\u00eancia.<\/p>\n<p style=\"font-weight: 400;\">A vaga \u00e9 para repositor de estoque, n\u00e3o \u00e9 necess\u00e1rio ter experi\u00eancia profissional, basta ter talento, vontade e dedica\u00e7\u00e3o.<\/p>\n<p style=\"font-weight: 400;\">Os interessados devem comparecer \u00e0 Casa do Trabalhador, com os documentos: CPF, RG e Carteira de Trabalho, na Avenida Onze, n\u00b0 1045, (Pa\u00e7o Municipal), das 07h \u00e0s 11h.<\/p>\n<p style=\"font-weight: 400;\">Pensando na praticidade e personalizando o atendimento, a FUNTRAB disponibilizou o aplicativo \u201cMS Contrata+ para trabalhadores\u201d para agendamento de hor\u00e1rio, assim o interessado n\u00e3o fica muito tempo em filas. Para isso, baixe no celular o aplicativo.<\/p>\n<p style=\"font-weight: 400;\">As vagas de emprego s\u00e3o rotativas, assim, podem ser preenchidas a qualquer momento, sem pr\u00e9vio aviso.<\/p>\n<p style=\"font-weight: 400;\">Voc\u00ea empres\u00e1rio que tenha alguma vaga para ofertar, entre em contato com a Casa do Trabalhador pelo 67 99987-7939.<\/p>\n<p>&nbsp;<\/p>\n<p>&nbsp;<\/p>\n<p>*Assecom PMCS<\/p>\n","protected":false},"excerpt":{"rendered":"<p>Casa do Trabalhador atrav\u00e9s da Secretaria de Desenvolvimento Econ\u00f4mico e Meio Ambiente, disponibiliza vagas de emprego para pessoas com defici\u00eancia. A vaga \u00e9 para repositor de estoque, n\u00e3o \u00e9 necess\u00e1rio ter experi\u00eancia profissional, basta ter talento, vontade e dedica\u00e7\u00e3o. Os interessados devem comparecer \u00e0 Casa do Trabalhador, com os documentos: CPF, RG e Carteira de [&hellip;]<\/p>\n","protected":false},"author":5,"featured_media":239501,"comment_status":"closed","ping_status":"closed","sticky":false,"template":"","format":"standard","meta":{"footnotes":""},"categories":[23,24],"tags":[],"class_list":["post-239498","post","type-post","status-publish","format-standard","has-post-thumbnail","hentry","category-chapadao-do-sul","category-classificados"],"_links":{"self":[{"href":"https:\/\/www.ocorreionews.com.br\/acervo-correio\/index.php?rest_route=\/wp\/v2\/posts\/239498","targetHints":{"allow":["GET"]}}],"collection":[{"href":"https:\/\/www.ocorreionews.com.br\/acervo-correio\/index.php?rest_route=\/wp\/v2\/posts"}],"about":[{"href":"https:\/\/www.ocorreionews.com.br\/acervo-correio\/index.php?rest_route=\/wp\/v2\/types\/post"}],"author":[{"embeddable":true,"href":"https:\/\/www.ocorreionews.com.br\/acervo-correio\/index.php?rest_route=\/wp\/v2\/users\/5"}],"replies":[{"embeddable":true,"href":"https:\/\/www.ocorreionews.com.br\/acervo-correio\/index.php?rest_route=%2Fwp%2Fv2%2Fcomments&post=239498"}],"version-history":[{"count":1,"href":"https:\/\/www.ocorreionews.com.br\/acervo-correio\/index.php?rest_route=\/wp\/v2\/posts\/239498\/revisions"}],"predecessor-version":[{"id":239502,"href":"https:\/\/www.ocorreionews.com.br\/acervo-correio\/index.php?rest_route=\/wp\/v2\/posts\/239498\/revisions\/239502"}],"wp:featuredmedia":[{"embeddable":true,"href":"https:\/\/www.ocorreionews.com.br\/acervo-correio\/index.php?rest_route=\/wp\/v2\/media\/239501"}],"wp:attachment":[{"href":"https:\/\/www.ocorreionews.com.br\/acervo-correio\/index.php?rest_route=%2Fwp%2Fv2%2Fmedia&parent=239498"}],"wp:term":[{"taxonomy":"category","embeddable":true,"href":"https:\/\/www.ocorreionews.com.br\/acervo-correio\/index.php?rest_route=%2Fwp%2Fv2%2Fcategories&post=239498"},{"taxonomy":"post_tag","embeddable":true,"href":"https:\/\/www.ocorreionews.com.br\/acervo-correio\/index.php?rest_route=%2Fwp%2Fv2%2Ftags&post=239498"}],"curies":[{"name":"wp","href":"https:\/\/api.w.org\/{rel}","templated":true}]}}