{"id":239508,"date":"2023-05-11T10:55:57","date_gmt":"2023-05-11T14:55:57","guid":{"rendered":"https:\/\/www.ocorreionews.com.br\/acervo-correio\/?p=239508"},"modified":"2023-05-11T10:59:08","modified_gmt":"2023-05-11T14:59:08","slug":"plano-municipal-de-qualificacao-e-gestao-promoveu-entrega-de-mais-de-450-certificados","status":"publish","type":"post","link":"https:\/\/www.ocorreionews.com.br\/acervo-correio\/?p=239508","title":{"rendered":"Plano Municipal de Qualifica\u00e7\u00e3o e Gest\u00e3o promoveu entrega de mais de 450 certificados"},"content":{"rendered":"<p style=\"font-weight: 400;\">A Prefeitura de Chapad\u00e3o do Sul, por meio da\u00a0SEDEMA (Secretaria de Desenvolvimento Econ\u00f4mico e Meio Ambiente) , realizou na \u00faltima segunda-feira, 08, a entrega de certificados de cursos de qualifica\u00e7\u00e3o na C\u00e2mara municipal. Essa iniciativa faz parte do Plano Municipal de Qualifica\u00e7\u00e3o e Gest\u00e3o, que tem como objetivo promover a educa\u00e7\u00e3o inclusiva, equitativa e de qualidade, visando inserir as pessoas no mercado de trabalho, fomentando a gera\u00e7\u00e3o de emprego, renda e o empreendedorismo.<\/p>\n<p style=\"font-weight: 400;\">Os cursos profissionalizantes s\u00e3o uma forma essencial de capacita\u00e7\u00e3o para a mudan\u00e7a de vida daqueles que buscam oportunidades. O Plano Municipal de Qualifica\u00e7\u00e3o e Gest\u00e3o conta com o apoio de diversos parceiros, como SEBRAE, Programa Cidade Empreendedora, SENAI, SENAC, SENAR, Sindicato Rural, PROINCSUL, Associa\u00e7\u00e3o Comercial e Legislativo Municipal, que juntos t\u00eam transformado a realidade econ\u00f4mica e social do munic\u00edpio.<\/p>\n<p style=\"font-weight: 400;\">Desde a cria\u00e7\u00e3o do Plano em 2021, mais de 3.000 sul-chapadenses foram capacitados em \u00e1reas como empreendedorismo, constru\u00e7\u00e3o civil, com\u00e9rcio, agroneg\u00f3cio, gest\u00e3o e servi\u00e7os, entre outras. Em 2021, foram realizados 38 cursos, capacitando mais de 700 pessoas, e em 2022, foram realizados 50 cursos e workshops, com mais de 1600 capacitados.<\/p>\n<p style=\"font-weight: 400;\">Em 2023, o Plano Municipal de Qualifica\u00e7\u00e3o e Gest\u00e3o ter\u00e1 mais de 70 treinamentos, incluindo cursos profissionalizantes de maior dura\u00e7\u00e3o em parceria com o SENAI, como Mec\u00e2nica de Motocicleta, Mec\u00e2nica de Ve\u00edculos Leves, Assistente Administrativo e Assistente de Recursos Humanos, que possuem uma carga hor\u00e1ria maior.<\/p>\n<p style=\"font-weight: 400;\">O evento de entrega dos certificados contou com a presen\u00e7a de todas as autoridades do munic\u00edpio, incluindo o Presidente da C\u00e2mara Municipal, o Secret\u00e1rio de Governo e o Secret\u00e1rio Municipal da SEDEMA, Jos\u00e9 Teixeira Junior, que realizaram pronunciamentos destacando a import\u00e2ncia da iniciativa para o munic\u00edpio.<\/p>\n<p style=\"font-weight: 400;\">O Plano Municipal de Qualifica\u00e7\u00e3o e Gest\u00e3o \u00e9 uma iniciativa importante para o desenvolvimento econ\u00f4mico e social de Chapad\u00e3o do Sul-MS, proporcionando oportunidades de aprendizado e crescimento para toda a popula\u00e7\u00e3o.<\/p>\n<p style=\"font-weight: 400;\">As inscri\u00e7\u00f5es para os cursos disponibilizados pelo Plano Municipal de Qualifica\u00e7\u00e3o e Gest\u00e3o podem ser realizadas online, por meio do link:\u00a0<a href=\"https:\/\/linktr.ee\/Sedema.online.\">https:\/\/linktr.ee\/Sedema.online.<\/a><\/p>\n<p style=\"font-weight: 400;\">\u00a0Confira a galeria de imagens,\u00a0<a href=\"http:\/\/www.chapadaodosul.ms.gov.br\/galeria\/entrega-de-certificados-dos-cursos-do-plano-municipal-de-qualificao-e-gesto-08-05-2023\/9104\">clicando aqui<\/a><\/p>\n<p>&nbsp;<\/p>\n<p>&nbsp;<\/p>\n<p>*Assecom PMCS<\/p>\n","protected":false},"excerpt":{"rendered":"<p>A Prefeitura de Chapad\u00e3o do Sul, por meio da\u00a0SEDEMA (Secretaria de Desenvolvimento Econ\u00f4mico e Meio Ambiente) , realizou na \u00faltima segunda-feira, 08, a entrega de certificados de cursos de qualifica\u00e7\u00e3o na C\u00e2mara municipal. Essa iniciativa faz parte do Plano Municipal de Qualifica\u00e7\u00e3o e Gest\u00e3o, que tem como objetivo promover a educa\u00e7\u00e3o inclusiva, equitativa e de [&hellip;]<\/p>\n","protected":false},"author":5,"featured_media":239509,"comment_status":"closed","ping_status":"closed","sticky":false,"template":"","format":"standard","meta":{"footnotes":""},"categories":[23,41],"tags":[],"class_list":["post-239508","post","type-post","status-publish","format-standard","has-post-thumbnail","hentry","category-chapadao-do-sul","category-destaque"],"_links":{"self":[{"href":"https:\/\/www.ocorreionews.com.br\/acervo-correio\/index.php?rest_route=\/wp\/v2\/posts\/239508","targetHints":{"allow":["GET"]}}],"collection":[{"href":"https:\/\/www.ocorreionews.com.br\/acervo-correio\/index.php?rest_route=\/wp\/v2\/posts"}],"about":[{"href":"https:\/\/www.ocorreionews.com.br\/acervo-correio\/index.php?rest_route=\/wp\/v2\/types\/post"}],"author":[{"embeddable":true,"href":"https:\/\/www.ocorreionews.com.br\/acervo-correio\/index.php?rest_route=\/wp\/v2\/users\/5"}],"replies":[{"embeddable":true,"href":"https:\/\/www.ocorreionews.com.br\/acervo-correio\/index.php?rest_route=%2Fwp%2Fv2%2Fcomments&post=239508"}],"version-history":[{"count":1,"href":"https:\/\/www.ocorreionews.com.br\/acervo-correio\/index.php?rest_route=\/wp\/v2\/posts\/239508\/revisions"}],"predecessor-version":[{"id":239510,"href":"https:\/\/www.ocorreionews.com.br\/acervo-correio\/index.php?rest_route=\/wp\/v2\/posts\/239508\/revisions\/239510"}],"wp:featuredmedia":[{"embeddable":true,"href":"https:\/\/www.ocorreionews.com.br\/acervo-correio\/index.php?rest_route=\/wp\/v2\/media\/239509"}],"wp:attachment":[{"href":"https:\/\/www.ocorreionews.com.br\/acervo-correio\/index.php?rest_route=%2Fwp%2Fv2%2Fmedia&parent=239508"}],"wp:term":[{"taxonomy":"category","embeddable":true,"href":"https:\/\/www.ocorreionews.com.br\/acervo-correio\/index.php?rest_route=%2Fwp%2Fv2%2Fcategories&post=239508"},{"taxonomy":"post_tag","embeddable":true,"href":"https:\/\/www.ocorreionews.com.br\/acervo-correio\/index.php?rest_route=%2Fwp%2Fv2%2Ftags&post=239508"}],"curies":[{"name":"wp","href":"https:\/\/api.w.org\/{rel}","templated":true}]}}