{"id":239516,"date":"2023-05-11T13:05:31","date_gmt":"2023-05-11T17:05:31","guid":{"rendered":"https:\/\/www.ocorreionews.com.br\/acervo-correio\/?p=239516"},"modified":"2023-05-11T13:05:31","modified_gmt":"2023-05-11T17:05:31","slug":"costa-rica-asfalto-da-ms-135-e-solicitado-por-deputada-ao-governo-estadual","status":"publish","type":"post","link":"https:\/\/www.ocorreionews.com.br\/acervo-correio\/?p=239516","title":{"rendered":"Costa Rica: Asfalto da MS-135 \u00e9 solicitado por deputada ao governo estadual"},"content":{"rendered":"<p>A deputada estadual Mara Caseiro (PSDB) solicitou ao governo estadual, a pavimenta\u00e7\u00e3o asf\u00e1ltica da MS-135, no trecho que liga o munic\u00edpio de Costa Rica \u00e0 BR-359, na regi\u00e3o conhecida como \u201cEstreito\u201d. A presente Indica\u00e7\u00e3o decorre de pedido formulado pelos vereadores de Costa Rica, Ailton Martins de Amorim, Waldomiro Bocalan (Biri), Ros\u00e2ngela Mar\u00e7al, Averaldo Barbosa da Costa e Manuelina Martins da Silva Arantes Cabral.<\/p>\n<p>Na indica\u00e7\u00e3o encaminhada ao secret\u00e1rio estadual de Infraestrutura, H\u00e9lio Peluffo Filho e ao diretor-presidente da Ag\u00eancia Estadual de Gest\u00e3o de Empreendimentos, Mauro Azambuja Rondon, a deputada explicou que o trecho de aproximadamente 18 quil\u00f4metros \u00e9 importante para o munic\u00edpio, pois por meio dele s\u00e3o feitos o escoamento da produ\u00e7\u00e3o rural e do transporte dos produtos e insumos da Usina Alcooleira da Atvos. \u201cA infraestrutura vi\u00e1ria inapropriada n\u00e3o somente coloca em risco a popula\u00e7\u00e3o que mora e trafega pelo local, mas tamb\u00e9m prejudica o desenvolvimento econ\u00f4mico do munic\u00edpio e das propriedades rurais ali localizadas\u201d, afirmou.<\/p>\n<p>Ainda segundo a parlamentar, a aus\u00eancia de impermeabiliza\u00e7\u00e3o asf\u00e1ltica deste trecho da MS-135 em \u00e9poca de chuvas ocasiona muita lama, desmoronamentos e buracos em sua extens\u00e3o, tornando-a intransit\u00e1vel em algumas hip\u00f3teses. \u201cCom a pavimenta\u00e7\u00e3o da MS-135, a via deixar\u00e1 de ser uma estrada prec\u00e1ria para se transformar em um importante corredor comercial, fortalecendo a economia local e a seguran\u00e7a e o bem-estar daqueles que nela trafegam\u201d, disse ela.<\/p>\n<p><span style=\"color: #073763; font-family: arial, helvetica, sans-serif;\"><b><span style=\"font-size: large;\">Tavane Ferraresi<\/span><\/b><br aria-hidden=\"true\" \/><\/span><\/p>\n<div><span style=\"color: #073763; font-family: arial, helvetica, sans-serif;\">Assessoria de Comunica\u00e7\u00e3o<\/span><\/div>\n","protected":false},"excerpt":{"rendered":"<p>A deputada estadual Mara Caseiro (PSDB) solicitou ao governo estadual, a pavimenta\u00e7\u00e3o asf\u00e1ltica da MS-135, no trecho que liga o munic\u00edpio de Costa Rica \u00e0 BR-359, na regi\u00e3o conhecida como \u201cEstreito\u201d. A presente Indica\u00e7\u00e3o decorre de pedido formulado pelos vereadores de Costa Rica, Ailton Martins de Amorim, Waldomiro Bocalan (Biri), Ros\u00e2ngela Mar\u00e7al, Averaldo Barbosa da [&hellip;]<\/p>\n","protected":false},"author":4,"featured_media":239517,"comment_status":"closed","ping_status":"closed","sticky":false,"template":"","format":"standard","meta":{"footnotes":""},"categories":[25],"tags":[],"class_list":["post-239516","post","type-post","status-publish","format-standard","has-post-thumbnail","hentry","category-costa-rica"],"_links":{"self":[{"href":"https:\/\/www.ocorreionews.com.br\/acervo-correio\/index.php?rest_route=\/wp\/v2\/posts\/239516","targetHints":{"allow":["GET"]}}],"collection":[{"href":"https:\/\/www.ocorreionews.com.br\/acervo-correio\/index.php?rest_route=\/wp\/v2\/posts"}],"about":[{"href":"https:\/\/www.ocorreionews.com.br\/acervo-correio\/index.php?rest_route=\/wp\/v2\/types\/post"}],"author":[{"embeddable":true,"href":"https:\/\/www.ocorreionews.com.br\/acervo-correio\/index.php?rest_route=\/wp\/v2\/users\/4"}],"replies":[{"embeddable":true,"href":"https:\/\/www.ocorreionews.com.br\/acervo-correio\/index.php?rest_route=%2Fwp%2Fv2%2Fcomments&post=239516"}],"version-history":[{"count":1,"href":"https:\/\/www.ocorreionews.com.br\/acervo-correio\/index.php?rest_route=\/wp\/v2\/posts\/239516\/revisions"}],"predecessor-version":[{"id":239519,"href":"https:\/\/www.ocorreionews.com.br\/acervo-correio\/index.php?rest_route=\/wp\/v2\/posts\/239516\/revisions\/239519"}],"wp:featuredmedia":[{"embeddable":true,"href":"https:\/\/www.ocorreionews.com.br\/acervo-correio\/index.php?rest_route=\/wp\/v2\/media\/239517"}],"wp:attachment":[{"href":"https:\/\/www.ocorreionews.com.br\/acervo-correio\/index.php?rest_route=%2Fwp%2Fv2%2Fmedia&parent=239516"}],"wp:term":[{"taxonomy":"category","embeddable":true,"href":"https:\/\/www.ocorreionews.com.br\/acervo-correio\/index.php?rest_route=%2Fwp%2Fv2%2Fcategories&post=239516"},{"taxonomy":"post_tag","embeddable":true,"href":"https:\/\/www.ocorreionews.com.br\/acervo-correio\/index.php?rest_route=%2Fwp%2Fv2%2Ftags&post=239516"}],"curies":[{"name":"wp","href":"https:\/\/api.w.org\/{rel}","templated":true}]}}