{"id":239520,"date":"2023-05-11T13:20:24","date_gmt":"2023-05-11T17:20:24","guid":{"rendered":"https:\/\/www.ocorreionews.com.br\/acervo-correio\/?p=239520"},"modified":"2023-05-11T13:20:24","modified_gmt":"2023-05-11T17:20:24","slug":"prefeito-juvenal-consolaro-entrega-ponte-reformada-sobre-o-corrego-caracol-em-figueirao","status":"publish","type":"post","link":"https:\/\/www.ocorreionews.com.br\/acervo-correio\/?p=239520","title":{"rendered":"Prefeito Juvenal Consolaro entrega ponte reformada sobre o c\u00f3rrego caracol em Figueir\u00e3o"},"content":{"rendered":"<div class=\"x11i5rnm xat24cr x1mh8g0r x1vvkbs xtlvy1s x126k92a\">\n<div dir=\"auto\">A Prefeitura de Figueir\u00e3o reformou a ponte de madeira, pr\u00f3ximo a Fazenda Padroeira e Terra Nova, sobre o c\u00f3rrego Caracol. A ponte tem 12 metros de comprimento e capacidade de 15 toneladas. O investimento total foi e R$ 174.139,98.<\/div>\n<\/div>\n<div class=\"x11i5rnm xat24cr x1mh8g0r x1vvkbs xtlvy1s x126k92a\">\n<div dir=\"auto\">O prefeito Juvenal Consolaro explica que a obra foi poss\u00edvel gra\u00e7as a emenda parlamentar recebida do senador Nelsinho Trad, destinada ao munic\u00edpio para investimento em obras.<\/div>\n<\/div>\n<div class=\"x11i5rnm xat24cr x1mh8g0r x1vvkbs xtlvy1s x126k92a\">\n<div dir=\"auto\">\u201cO senador Nelsinho Trad deu de presente para o munic\u00edpio de Figueir\u00e3o uma emenda de R$ 700 mil. Nessa obra entregue da ponte de madeira, fizemos um investimento parcial. A localiza\u00e7\u00e3o da ponte \u00e9 estrat\u00e9gica, pois d\u00e1 tr\u00e2nsito para outro munic\u00edpio, o de S\u00e3o Gabriel do Oeste. Agrade\u00e7o ao senador, que est\u00e1 sempre presente investindo nas obras com emendas para o munic\u00edpio de Figueir\u00e3o\u201d, disse o prefeito.<\/div>\n<div dir=\"auto\"><a href=\"https:\/\/www.ocorreionews.com.br\/acervo-correio\/wp-content\/uploads\/2023\/05\/ponte-reforma2.jpg\"><img loading=\"lazy\" decoding=\"async\" class=\"alignnone size-full wp-image-239522\" src=\"https:\/\/www.ocorreionews.com.br\/acervo-correio\/wp-content\/uploads\/2023\/05\/ponte-reforma2.jpg\" alt=\"\" width=\"1152\" height=\"864\" srcset=\"https:\/\/www.ocorreionews.com.br\/acervo-correio\/wp-content\/uploads\/2023\/05\/ponte-reforma2.jpg 1152w, https:\/\/www.ocorreionews.com.br\/acervo-correio\/wp-content\/uploads\/2023\/05\/ponte-reforma2-300x225.jpg 300w, https:\/\/www.ocorreionews.com.br\/acervo-correio\/wp-content\/uploads\/2023\/05\/ponte-reforma2-1024x768.jpg 1024w, https:\/\/www.ocorreionews.com.br\/acervo-correio\/wp-content\/uploads\/2023\/05\/ponte-reforma2-768x576.jpg 768w, https:\/\/www.ocorreionews.com.br\/acervo-correio\/wp-content\/uploads\/2023\/05\/ponte-reforma2-86x64.jpg 86w\" sizes=\"auto, (max-width: 1152px) 100vw, 1152px\" \/><\/a><\/div>\n<div dir=\"auto\">Para o morador da regi\u00e3o Jorge, propriet\u00e1rio da Fazenda Padroeira, a reforma da ponte melhorou o acesso at\u00e9 o local onde mora, al\u00e9m do escoamento da produ\u00e7\u00e3o da regi\u00e3o.<\/div>\n<div dir=\"auto\">\u201cQuero agradecer ao Senador Nelsinho Trad por essa emenda de R$ 700 mil e ao prefeito Juvenal, pois esse investimento j\u00e1 serviu para a reforma da ponte dessa regi\u00e3o que estava bem esquecida e que atende mais de 15 fazendas. Tudo isso vai melhorar ainda mais o escoamento de produ\u00e7\u00e3o nessa regi\u00e3o\u201d, explicou Jorge.<\/div>\n<\/div>\n<div class=\"x11i5rnm xat24cr x1mh8g0r x1vvkbs xtlvy1s x126k92a\">\n<div dir=\"auto\">Com o valor restante da emenda, a previs\u00e3o \u00e9 que j\u00e1 na pr\u00f3xima semana, uma outra obra seja iniciada com a reforma da ponte sobre o C\u00f3rrego da Piraputanga, por onde transita o transporte escolar e outras demandas das fazendas. O valor investido ser\u00e1 de R$ 230.374,61.<\/div>\n<\/div>\n<div class=\"x11i5rnm xat24cr x1mh8g0r x1vvkbs xtlvy1s x126k92a\">\n<div dir=\"auto\">Fonte: PMFigueir\u00e3o \u2013 Fotos: Divulga\u00e7\u00e3o<\/div>\n<\/div>\n","protected":false},"excerpt":{"rendered":"<p>A Prefeitura de Figueir\u00e3o reformou a ponte de madeira, pr\u00f3ximo a Fazenda Padroeira e Terra Nova, sobre o c\u00f3rrego Caracol. A ponte tem 12 metros de comprimento e capacidade de 15 toneladas. O investimento total foi e R$ 174.139,98. O prefeito Juvenal Consolaro explica que a obra foi poss\u00edvel gra\u00e7as a emenda parlamentar recebida do [&hellip;]<\/p>\n","protected":false},"author":4,"featured_media":239521,"comment_status":"closed","ping_status":"closed","sticky":false,"template":"","format":"standard","meta":{"footnotes":""},"categories":[30],"tags":[],"class_list":["post-239520","post","type-post","status-publish","format-standard","has-post-thumbnail","hentry","category-figueirao"],"_links":{"self":[{"href":"https:\/\/www.ocorreionews.com.br\/acervo-correio\/index.php?rest_route=\/wp\/v2\/posts\/239520","targetHints":{"allow":["GET"]}}],"collection":[{"href":"https:\/\/www.ocorreionews.com.br\/acervo-correio\/index.php?rest_route=\/wp\/v2\/posts"}],"about":[{"href":"https:\/\/www.ocorreionews.com.br\/acervo-correio\/index.php?rest_route=\/wp\/v2\/types\/post"}],"author":[{"embeddable":true,"href":"https:\/\/www.ocorreionews.com.br\/acervo-correio\/index.php?rest_route=\/wp\/v2\/users\/4"}],"replies":[{"embeddable":true,"href":"https:\/\/www.ocorreionews.com.br\/acervo-correio\/index.php?rest_route=%2Fwp%2Fv2%2Fcomments&post=239520"}],"version-history":[{"count":1,"href":"https:\/\/www.ocorreionews.com.br\/acervo-correio\/index.php?rest_route=\/wp\/v2\/posts\/239520\/revisions"}],"predecessor-version":[{"id":239523,"href":"https:\/\/www.ocorreionews.com.br\/acervo-correio\/index.php?rest_route=\/wp\/v2\/posts\/239520\/revisions\/239523"}],"wp:featuredmedia":[{"embeddable":true,"href":"https:\/\/www.ocorreionews.com.br\/acervo-correio\/index.php?rest_route=\/wp\/v2\/media\/239521"}],"wp:attachment":[{"href":"https:\/\/www.ocorreionews.com.br\/acervo-correio\/index.php?rest_route=%2Fwp%2Fv2%2Fmedia&parent=239520"}],"wp:term":[{"taxonomy":"category","embeddable":true,"href":"https:\/\/www.ocorreionews.com.br\/acervo-correio\/index.php?rest_route=%2Fwp%2Fv2%2Fcategories&post=239520"},{"taxonomy":"post_tag","embeddable":true,"href":"https:\/\/www.ocorreionews.com.br\/acervo-correio\/index.php?rest_route=%2Fwp%2Fv2%2Ftags&post=239520"}],"curies":[{"name":"wp","href":"https:\/\/api.w.org\/{rel}","templated":true}]}}