{"id":239746,"date":"2023-05-14T18:17:55","date_gmt":"2023-05-14T22:17:55","guid":{"rendered":"https:\/\/www.ocorreionews.com.br\/acervo-correio\/?p=239746"},"modified":"2023-05-15T08:44:28","modified_gmt":"2023-05-15T12:44:28","slug":"garoto-de-14-anos-matou-padrasto-com-16-facadas-apos-ver-a-mae-apanhar","status":"publish","type":"post","link":"https:\/\/www.ocorreionews.com.br\/acervo-correio\/?p=239746","title":{"rendered":"Garoto de 14 anos matou padrasto com 16 facadas ap\u00f3s ver a m\u00e3e apanhar"},"content":{"rendered":"<p>Um ind\u00edgena identificado como Cildo Barrinho Dias, de 42 anos, <strong>foi assassinado com cerca de 16 facadas<\/strong> na madrugada deste domingo (14), na aldeia Jaguapiru, reserva ind\u00edgena de Dourados, distante a 229 quil\u00f4metros de Campo Grande. Dois adolescentes teriam cometido o crime.<\/p>\n<p>O crime foi cometido por dois garotos de 14 anos, por volta da 1 hora da madrugada. Um dos acusados do assassinato sendo \u00e9 o enteado da v\u00edtima, segundo o site Dourados News.\u00a0O homem estava na varanda da casa com a esposa, de 29 anos, consumindo bebida alco\u00f3lica na companhia dos dois adolescentes, quando Cildo come\u00e7ou a ficar agressivo e bateu na esposa.<\/p>\n<p>Cildo entrou na casa e foi seguido pelos dois adolescentes. Os tr\u00eas entraram em luta corporal e a v\u00edtima pegou uma faca, enquanto os jovens fizeram o mesmo e golpearam o homem. A pol\u00edcia foi acionada pela esposa da v\u00edtima durante a madrugada.<\/p>\n<p>Os dois adolescentes foram detidos por lideran\u00e7as ind\u00edgenas e foram levados at\u00e9 a agentes da R\u00e1dio Patrulha, do 3\u00ba Batalh\u00e3o de Pol\u00edcia Militar de Dourados. Eles confessaram o crime na Depac (Delegacia de Pronto Atendimento Comunit\u00e1rio), de Dourados.<\/p>\n<p>O corpo do \u00edndigena foi levado para o Imol (Instituto M\u00e9dico Odontol\u00f3gico Legal), onde passar\u00e1 por exame de necropsia e, posteriormente, ser\u00e1 liberado para sepultamento.<\/p>\n<p>O caso foi registrado na Pol\u00edcia Civil.<\/p>\n<figure class=\"wp-block-image size-full\"><picture><source srcset=\"https:\/\/midiamax.uol.com.br\/wp-content\/uploads\/2023\/05\/Indigena-morto-em-Dourados_Foto-por-Osvaldo-Duarte-Dourados-News.jpg.webp 900w, https:\/\/midiamax.uol.com.br\/wp-content\/uploads\/2023\/05\/Indigena-morto-em-Dourados_Foto-por-Osvaldo-Duarte-Dourados-News-300x169.jpg.webp 300w, https:\/\/midiamax.uol.com.br\/wp-content\/uploads\/2023\/05\/Indigena-morto-em-Dourados_Foto-por-Osvaldo-Duarte-Dourados-News-150x84.jpg.webp 150w\" type=\"image\/webp\" sizes=\"(max-width: 900px) 100vw, 900px\" \/><\/picture>\n<p><figure id=\"attachment_1507892\" aria-describedby=\"caption-attachment-1507892\" style=\"width: 900px\" class=\"wp-caption alignnone\"><img loading=\"lazy\" decoding=\"async\" class=\"wp-image-1507892\" src=\"https:\/\/midiamax.uol.com.br\/wp-content\/uploads\/2023\/05\/Indigena-morto-em-Dourados_Foto-por-Osvaldo-Duarte-Dourados-News.jpg\" sizes=\"auto, (max-width: 900px) 100vw, 900px\" srcset=\"https:\/\/midiamax.uol.com.br\/wp-content\/uploads\/2023\/05\/Indigena-morto-em-Dourados_Foto-por-Osvaldo-Duarte-Dourados-News.jpg 900w, https:\/\/midiamax.uol.com.br\/wp-content\/uploads\/2023\/05\/Indigena-morto-em-Dourados_Foto-por-Osvaldo-Duarte-Dourados-News-300x169.jpg 300w, https:\/\/midiamax.uol.com.br\/wp-content\/uploads\/2023\/05\/Indigena-morto-em-Dourados_Foto-por-Osvaldo-Duarte-Dourados-News-150x84.jpg 150w\" alt=\"\" width=\"900\" height=\"506\" data-eio=\"p\" \/><figcaption id=\"caption-attachment-1507892\" class=\"wp-caption-text\">Homem foi morto em Dourados. (Foto: Osvaldo Duarte\/ Dourados News)<\/figcaption><\/figure><\/figure>\n<p>&nbsp;<\/p>\n<p>&nbsp;<\/p>\n<p>*Midiamax,Thalya Godoy<\/p>\n","protected":false},"excerpt":{"rendered":"<p>Um ind\u00edgena identificado como Cildo Barrinho Dias, de 42 anos, foi assassinado com cerca de 16 facadas na madrugada deste domingo (14), na aldeia Jaguapiru, reserva ind\u00edgena de Dourados, distante a 229 quil\u00f4metros de Campo Grande. Dois adolescentes teriam cometido o crime. O crime foi cometido por dois garotos de 14 anos, por volta da [&hellip;]<\/p>\n","protected":false},"author":4,"featured_media":239747,"comment_status":"closed","ping_status":"closed","sticky":false,"template":"","format":"standard","meta":{"footnotes":""},"categories":[38],"tags":[],"class_list":["post-239746","post","type-post","status-publish","format-standard","has-post-thumbnail","hentry","category-policia"],"_links":{"self":[{"href":"https:\/\/www.ocorreionews.com.br\/acervo-correio\/index.php?rest_route=\/wp\/v2\/posts\/239746","targetHints":{"allow":["GET"]}}],"collection":[{"href":"https:\/\/www.ocorreionews.com.br\/acervo-correio\/index.php?rest_route=\/wp\/v2\/posts"}],"about":[{"href":"https:\/\/www.ocorreionews.com.br\/acervo-correio\/index.php?rest_route=\/wp\/v2\/types\/post"}],"author":[{"embeddable":true,"href":"https:\/\/www.ocorreionews.com.br\/acervo-correio\/index.php?rest_route=\/wp\/v2\/users\/4"}],"replies":[{"embeddable":true,"href":"https:\/\/www.ocorreionews.com.br\/acervo-correio\/index.php?rest_route=%2Fwp%2Fv2%2Fcomments&post=239746"}],"version-history":[{"count":1,"href":"https:\/\/www.ocorreionews.com.br\/acervo-correio\/index.php?rest_route=\/wp\/v2\/posts\/239746\/revisions"}],"predecessor-version":[{"id":239776,"href":"https:\/\/www.ocorreionews.com.br\/acervo-correio\/index.php?rest_route=\/wp\/v2\/posts\/239746\/revisions\/239776"}],"wp:featuredmedia":[{"embeddable":true,"href":"https:\/\/www.ocorreionews.com.br\/acervo-correio\/index.php?rest_route=\/wp\/v2\/media\/239747"}],"wp:attachment":[{"href":"https:\/\/www.ocorreionews.com.br\/acervo-correio\/index.php?rest_route=%2Fwp%2Fv2%2Fmedia&parent=239746"}],"wp:term":[{"taxonomy":"category","embeddable":true,"href":"https:\/\/www.ocorreionews.com.br\/acervo-correio\/index.php?rest_route=%2Fwp%2Fv2%2Fcategories&post=239746"},{"taxonomy":"post_tag","embeddable":true,"href":"https:\/\/www.ocorreionews.com.br\/acervo-correio\/index.php?rest_route=%2Fwp%2Fv2%2Ftags&post=239746"}],"curies":[{"name":"wp","href":"https:\/\/api.w.org\/{rel}","templated":true}]}}