{"id":23976,"date":"2016-03-31T10:21:02","date_gmt":"2016-03-31T14:21:02","guid":{"rendered":"https:\/\/ocorreionews.com.br\/?p=23976"},"modified":"2016-03-31T10:21:02","modified_gmt":"2016-03-31T14:21:02","slug":"videos-mostram-homem-ameacando-atear-fogo-em-juiza-no-forum","status":"publish","type":"post","link":"https:\/\/www.ocorreionews.com.br\/acervo-correio\/?p=23976","title":{"rendered":"V\u00eddeos mostram homem amea\u00e7ando atear fogo em ju\u00edza no F\u00f3rum"},"content":{"rendered":"<p>V\u00eddeos que circulam por meio do aplicativo WhatsApp mostram o homem que invadiu o F\u00f3rum Butant\u00e3, na Zona Oeste de S\u00e3o Paulo, amea\u00e7ando atear fogo na ju\u00edza que ele manteve ref\u00e9m na tarde de quarta-feira (30).<\/p>\n<p>Imagens tamb\u00e9m circulam por meio de celulares mostrando o momento da pris\u00e3o do agressor.<\/p>\n<p>A filmagem da amea\u00e7a foi feita por celular por um policial militar, atendendo uma das exig\u00eancias de Alfredo Jos\u00e9 dos Santos, que segurava a ju\u00edza Tatiane Moreira Lima, da Vara de Viol\u00eancia Dom\u00e9stica, pelo pesco\u00e7o. Ela foi mantida ref\u00e9m por cerca de 20 minutos.<\/p>\n<p>O agressor, que teria cursado ensino t\u00e9cnico em qu\u00edmica, havia jogado l\u00edquido inflam\u00e1vel nele e em Tatiane e amea\u00e7ava acender um isqueiro. Ele foi preso pela Pol\u00edcia Militar (PM) quando se distraiu com a grava\u00e7\u00e3o.<\/p>\n<p>Por conta do incidente, o F\u00f3rum ficar\u00e1 fechado nesta quinta-feira (31). Todas as audi\u00eancias agendadas foram canceladas e ser\u00e3o remarcadas. De acordo com Tribunal de Justi\u00e7a (TJ), &#8220;se constatadas falhas, medidas corretivas ser\u00e3o tomadas de imediato&#8221;.<\/p>\n<p>O\u00a0G1\u00a0n\u00e3o conseguiu confirmar se Alfredo constituiu advogado para defend\u00ea-lo. A equipe de reportagem tamb\u00e9m n\u00e3o localizou Tatiane para comentar o assunto.<\/p>\n<p>Alfredo responde na Justi\u00e7a por agress\u00e3o \u00e0 sua mulher, em 2013. Ele estaria sujeito \u00e0\u00a0 Lei Maria da Penha, que protege mulheres v\u00edtimas de viol\u00eancia ou amea\u00e7as.<\/p>\n<p>O homem, que dizia nas imagens ser inocente, tinha uma audi\u00eancia marcada com a ju\u00edza \u00e0s 14h. Segundo policiais ouvidos pela equipe de reportagem, o invasor estaria insatisfeito com a magistrada, que teria tirado dele a guarda do filho. Os agentes contaram que o agressor estava visivelmente abalado psicologicamente.<\/p>\n<p>\u201cT\u00e1 filmando isso a\u00ed?\u201d, indagou Alfredo para os policiais, enquanto mantinha a magistrada ref\u00e9m. \u201cColoca na televis\u00e3o\u201d.<\/p>\n<p>As cenas n\u00e3o mostram, no entanto, a pris\u00e3o do homem, que carregava uma mochila com artefatos suspeitos e garrafas com l\u00edquido inflam\u00e1vel, como gasolina e querosene. De acordo com policiais, dentro tamb\u00e9m estaria um dinossauro e uma arma de brinquedos, al\u00e9m de um capacete militar com a inscri\u00e7\u00e3o &#8216;inocente&#8217;. Segundo a Secretaria da Seguran\u00e7a P\u00fablica (SSP), Alfredo foi levado ao Hospital Universit\u00e1rio e liberado do atendimento m\u00e9dico.<\/p>\n<p>Em seguida, passou por uma delegacia, onde poderia ser indiciado por tentativa de homic\u00eddio e outros crimes. O boletim de ocorr\u00eancia foi registrado no 51\u00ba Distrito Policial (DP), no Butant\u00e3, onde o delegado Milton Toschi confirmou a pris\u00e3o em flagrante do homem por ter jogado l\u00edquido inflam\u00e1vel na ju\u00edza.<\/p>\n<p>Ap\u00f3s a elabora\u00e7\u00e3o do Boletim de Ocorr\u00eancia, ele seria transferido ao 91\u00ba DP, Ceasa. A ju\u00edza foi levada ao Hospital Albert Einstein e liberada. Policiais disseram que o agressor dizia que &#8216;juiz n\u00e3o \u00e9 Deus&#8217;.<\/p>\n<p><iframe loading=\"lazy\" width=\"1170\" height=\"878\" src=\"https:\/\/www.youtube.com\/embed\/fIixv1DyOvM?feature=oembed\" frameborder=\"0\" allow=\"autoplay; encrypted-media\" allowfullscreen><\/iframe><\/p>\n<p><strong>Caso<\/strong><\/p>\n<p>O crime aconteceu por volta das 13h30. Segundo policiais, Alfredo invadiu o F\u00f3rum do Butant\u00e3 correndo pela sa\u00edda, sem passar pela seguran\u00e7a. O local n\u00e3o teria detector de metais. Ele subiu as escadas ateando fogo no piso.<\/p>\n<p>Um seguran\u00e7a chegou a atirar na dire\u00e7\u00e3o do invasor, mas o disparo teria atingido a parede. Sem ser barrado, Alfredo correu at\u00e9 o gabinete da ju\u00edza, a agarrou pelo pesco\u00e7o e despejou um produto qu\u00edmico nela.<\/p>\n<p>Quando seguran\u00e7as do f\u00f3rum chegaram \u00e0 sala, Alfredo segurava a ju\u00edza pelo pesco\u00e7o. Ap\u00f3s negocia\u00e7\u00e3o com a pol\u00edcia, ele exigiu que as pessoas na sala filmassem ele segurando a magistrada. Pedia para que ela dissesse que ele n\u00e3o era louco e era inocente. Tamb\u00e9m pediu que chamassem a TV. A grava\u00e7\u00e3o foi feita por um policial.<\/p>\n<p><iframe loading=\"lazy\" width=\"1170\" height=\"878\" src=\"https:\/\/www.youtube.com\/embed\/XGZGkYyovS4?feature=oembed\" frameborder=\"0\" allow=\"autoplay; encrypted-media\" allowfullscreen><\/iframe><\/p>\n<p><strong>Veja abaixo o di\u00e1logo gravado por celular:<\/strong><\/p>\n<p>Alfredo Jos\u00e9 dos Santos &#8211; \u201cT\u00e1 filmando isso a\u00ed?\u201d<br \/>\nPM1 \u2013 \u201cT\u00e1.\u201d<br \/>\nAlfredo \u2013 \u201cColoca na televis\u00e3o.\u201d<br \/>\nPM 1 &#8211; \u201cCalma, calma, calma. Tenha calma, p\u00f4! Eu quero te ajudar, p\u00f4!\u201d<br \/>\nAlfredo &#8211; \u201cQuero a televis\u00e3o aqui, agora.\u201d<br \/>\nPM 1 &#8211;\u00a0 \u201cJ\u00e1 pedimo (sic), t\u00e1 vindo.\u201d<br \/>\nPM 2 \u2013 \u201cT\u00e1 vindo.\u201d<br \/>\nPM 1 &#8211; \u201cT\u00f4 sem arma, p\u00f4. Fica calmo.\u201d<br \/>\nAlfredo &#8211; \u201cS\u00f3 um minutinho. Pera\u00ed, pera\u00ed. Eu sou louco?\u201d<br \/>\nPM 1 &#8211; \u201cNingu\u00e9m quer te prejudicar \u201d<br \/>\nAlfredo &#8211; \u201cFala para eles bem alto. Eu sou louco?<br \/>\nPM1 \u2013 \u201cEla \u00e9 inocente.\u201d<br \/>\nJu\u00edza Tatiane Moreira Lima \u2013 \u201cVoc\u00ea n\u00e3o \u00e9 louco.\u201d<br \/>\nAlfredo \u2013 \u201cPera s\u00f3 um pouquinho&#8230; Tr\u00eas vezes.\u201d<br \/>\nJu\u00edza \u2013 \u201cVoc\u00ea n\u00e3o \u00e9 louco.\u201d<br \/>\nAlfredo &#8211; \u201cMais uma!\u201d<br \/>\nJu\u00edza \u2013 \u201cVoc\u00ea n\u00e3o \u00e9 louco.\u201d<br \/>\nAlfredo &#8211; \u201cSou culpado de algum crime?\u201d<br \/>\nJu\u00edza \u2013 \u201cN\u00e3o. Nenhum crime.\u201d<br \/>\nPM 1 \u2013 \u201cTenha calma.\u201d<br \/>\nAlfredo \u2013 \u201cVoc\u00eas ouviram?\u201d<br \/>\nJu\u00edza \u2013 \u201cNenhum crime.\u201d<br \/>\nAlfredo \u2013 \u201cVoc\u00eas ouviram?\u201d<br \/>\nPM 1 \u2013 \u201cT\u00e1 filmando.\u201d<br \/>\nAlfredo \u2013 \u201cT\u00e1 filmando isso a\u00ed?\u201d<br \/>\nPM \u2013 \u201cT\u00e1.\u201d<br \/>\nAlfredo \u2013 \u201cColoca na televis\u00e3o.\u201d<\/p>\n<p>Ao t\u00e9rmino da grava\u00e7\u00e3o acima, ele foi detido pelos policiais, rendido e preso. A ju\u00edza acabou libertada. Essa a\u00e7\u00e3o da pris\u00e3o tamb\u00e9m foi filmada. Um v\u00eddeo de 1 minuto e 50 segundos mostra policiais aproveitando um momento de distra\u00e7\u00e3o do agressor e avan\u00e7am sobre ele, o imobilizando. Em seguida, um extintor \u00e9 jogado para impedir que ele ateasse fogo na v\u00edtima.<\/p>\n<p>&#8220;Eu sou inocente, eu sou inocente&#8221;, dizia Alfredo aos policiais que o algemavam.<\/p>\n<p>&#8220;Ele [o agressor] falou que t\u00e1 cheio de coisa a\u00ed dentro&#8221;, disse em seguida um policial, se referindo a poss\u00edveis produtos inflam\u00e1veis colocados no f\u00f3rum.<\/p>\n<p><iframe loading=\"lazy\" width=\"1170\" height=\"878\" src=\"https:\/\/www.youtube.com\/embed\/vypbgnKvhAg?feature=oembed\" frameborder=\"0\" allow=\"autoplay; encrypted-media\" allowfullscreen><\/iframe><\/p>\n<p><strong>Gate<\/strong><br \/>\nSegundo t\u00e9cnicos da Companhia de Tecnologia de Saneamento Ambiental (Cetesb) e bombeiros, o produto jogado pelo homem na magistrada seria qu\u00edmico. No entanto, eles n\u00e3o souberam afirmar qual seria especificamente o material.<\/p>\n<p>Por conta do incidente, o f\u00f3rum passou a tarde de quarta-feira fechado e cercado pela pol\u00edcia. O Grupo de A\u00e7\u00f5es T\u00e1ticas Especiais (Gate), da PM, foi acionado para fazer uma varredura no local e verificar a possibilidade de explosivos. Caminh\u00f5es do Corpo de Bombeiros e equipes da PM tamb\u00e9m foram deslocados.<\/p>\n<p>A \u00e1rea foi liberada por volta das 19h20 de quarta-feira, quando o Gate deixou o f\u00f3rum levando um artefato suspeito de ser uma bomba caseira.<\/p>\n<p><strong>Magistrados<\/strong><br \/>\nPor meio de nota, a Associa\u00e7\u00e3o Paulista de Magistrados (Apamagis) manifestou &#8220;integral apoio e solidariedade \u00e0 nossa colega ju\u00edza da Vara de Viol\u00eancia Dom\u00e9stica, do Foro Regional do Butant\u00e3, alvo, nesta data, de grave e inusitado atentado, praticado provavelmente por pessoa que estava sob a sua jurisdi\u00e7\u00e3o, que invadiu o pr\u00e9dio p\u00fablico munido de l\u00edquido inflam\u00e1vel fazendo a magistrada de ref\u00e9m&#8221;.<\/p>\n<p>Os membros da Associa\u00e7\u00e3o informaram ainda que &#8220;repudiam qualquer ato de viol\u00eancia e reiteramos a necessidade de que os membros da Magistratura tenham prote\u00e7\u00e3o contra atos que atentem contra sua integridade f\u00edsica, coloquem em risco suas vidas e afetem diretamente o Poder Judici\u00e1rio. Essa prote\u00e7\u00e3o s\u00f3 se efetivar\u00e1 quando da cria\u00e7\u00e3o de uma pol\u00edtica nacional de seguran\u00e7a eficaz aos magistrados&#8221;.<\/p>\n<p>De acordo com a nota da Apamagis, um &#8220;Poder Judici\u00e1rio forte e independente \u00e9 o pilar de sustenta\u00e7\u00e3o do Estado Democr\u00e1tico de Direito e seus integrantes devem ter total prote\u00e7\u00e3o do Estado para o desempenho do exerc\u00edcio de suas fun\u00e7\u00f5es&#8221;.<\/p>\n<p>A Associa\u00e7\u00e3o finalizou o comunicado informando que &#8220;confia nas autoridades na c\u00e9lere e eficaz apura\u00e7\u00e3o destes fatos ocorridos no Foro Regional do Butant\u00e3 e desde j\u00e1 agradece as manifesta\u00e7\u00f5es de solidariedade de outras institui\u00e7\u00f5es ligadas \u00e0 Justi\u00e7a&#8221;.<\/p>\n<p>&nbsp;<\/p>\n<p>&nbsp;<\/p>\n<p>&nbsp;<\/p>\n<p>G1<\/p>\n","protected":false},"excerpt":{"rendered":"<p>V\u00eddeos que circulam por meio do aplicativo WhatsApp mostram o homem que invadiu o F\u00f3rum Butant\u00e3, na Zona Oeste de S\u00e3o Paulo, amea\u00e7ando atear fogo na ju\u00edza que ele manteve ref\u00e9m na tarde de quarta-feira (30). Imagens tamb\u00e9m circulam por meio de celulares mostrando o momento da pris\u00e3o do agressor. A filmagem da amea\u00e7a foi [&hellip;]<\/p>\n","protected":false},"author":4,"featured_media":23977,"comment_status":"closed","ping_status":"closed","sticky":false,"template":"","format":"standard","meta":{"footnotes":""},"categories":[38],"tags":[],"class_list":["post-23976","post","type-post","status-publish","format-standard","has-post-thumbnail","hentry","category-policia"],"_links":{"self":[{"href":"https:\/\/www.ocorreionews.com.br\/acervo-correio\/index.php?rest_route=\/wp\/v2\/posts\/23976","targetHints":{"allow":["GET"]}}],"collection":[{"href":"https:\/\/www.ocorreionews.com.br\/acervo-correio\/index.php?rest_route=\/wp\/v2\/posts"}],"about":[{"href":"https:\/\/www.ocorreionews.com.br\/acervo-correio\/index.php?rest_route=\/wp\/v2\/types\/post"}],"author":[{"embeddable":true,"href":"https:\/\/www.ocorreionews.com.br\/acervo-correio\/index.php?rest_route=\/wp\/v2\/users\/4"}],"replies":[{"embeddable":true,"href":"https:\/\/www.ocorreionews.com.br\/acervo-correio\/index.php?rest_route=%2Fwp%2Fv2%2Fcomments&post=23976"}],"version-history":[{"count":0,"href":"https:\/\/www.ocorreionews.com.br\/acervo-correio\/index.php?rest_route=\/wp\/v2\/posts\/23976\/revisions"}],"wp:featuredmedia":[{"embeddable":true,"href":"https:\/\/www.ocorreionews.com.br\/acervo-correio\/index.php?rest_route=\/wp\/v2\/media\/23977"}],"wp:attachment":[{"href":"https:\/\/www.ocorreionews.com.br\/acervo-correio\/index.php?rest_route=%2Fwp%2Fv2%2Fmedia&parent=23976"}],"wp:term":[{"taxonomy":"category","embeddable":true,"href":"https:\/\/www.ocorreionews.com.br\/acervo-correio\/index.php?rest_route=%2Fwp%2Fv2%2Fcategories&post=23976"},{"taxonomy":"post_tag","embeddable":true,"href":"https:\/\/www.ocorreionews.com.br\/acervo-correio\/index.php?rest_route=%2Fwp%2Fv2%2Ftags&post=23976"}],"curies":[{"name":"wp","href":"https:\/\/api.w.org\/{rel}","templated":true}]}}