{"id":239777,"date":"2023-05-15T08:54:04","date_gmt":"2023-05-15T12:54:04","guid":{"rendered":"https:\/\/www.ocorreionews.com.br\/acervo-correio\/?p=239777"},"modified":"2023-05-15T08:54:04","modified_gmt":"2023-05-15T12:54:04","slug":"adolescente-de-14-anos-e-ferido-com-garrafadas-na-cabeca-ao-se-recusar-a-dancar-com-menina-em-ms","status":"publish","type":"post","link":"https:\/\/www.ocorreionews.com.br\/acervo-correio\/?p=239777","title":{"rendered":"Adolescente de 14 anos \u00e9 ferido com garrafadas na cabe\u00e7a ao se recusar a dan\u00e7ar com menina em MS"},"content":{"rendered":"<p>Um\u00a0adolescente\u00a0de 14 anos foi socorrido na noite desse s\u00e1bado (13), em\u00a0Campo Grande, no Bairro Jardim Noroeste, ap\u00f3s ser agredido com garrafadas na cabe\u00e7a em um baile funk. Ele ter\u00e1 de passar por uma cirurgia pl\u00e1stica devido aos ferimentos.<\/p>\n<p>A confus\u00e3o que acabou em crime aconteceu por volta das 23 horas de s\u00e1bado (13), quando o adolescente estava na festa e teria se recusado a dan\u00e7ar com uma menina desconhecida. Segundo informa\u00e7\u00f5es, o garoto recusou o pedido por n\u00e3o saber dan\u00e7ar.<\/p>\n<p>Nisto, a garota pegou uma garrafa e acertou a cabe\u00e7a do adolescente causando grande ferimento pr\u00f3ximo a orelha . Ele foi levado inicialmente para a UPA (Unidade de Pronto Atendimento) do Tiradentes.<\/p>\n<p>Mas devido aos ferimentos, o adolescente foi transferido para a\u00a0Santa Casa\u00a0e ter\u00e1 de passar por cirurgia pl\u00e1stica por causa do corte profundo.<\/p>\n<p>&nbsp;<\/p>\n<p>*Midiamax &#8211; Thatiana Melo<\/p>\n","protected":false},"excerpt":{"rendered":"<p>Um\u00a0adolescente\u00a0de 14 anos foi socorrido na noite desse s\u00e1bado (13), em\u00a0Campo Grande, no Bairro Jardim Noroeste, ap\u00f3s ser agredido com garrafadas na cabe\u00e7a em um baile funk. Ele ter\u00e1 de passar por uma cirurgia pl\u00e1stica devido aos ferimentos. A confus\u00e3o que acabou em crime aconteceu por volta das 23 horas de s\u00e1bado (13), quando o [&hellip;]<\/p>\n","protected":false},"author":5,"featured_media":239778,"comment_status":"closed","ping_status":"closed","sticky":false,"template":"","format":"standard","meta":{"footnotes":""},"categories":[38],"tags":[],"class_list":["post-239777","post","type-post","status-publish","format-standard","has-post-thumbnail","hentry","category-policia"],"_links":{"self":[{"href":"https:\/\/www.ocorreionews.com.br\/acervo-correio\/index.php?rest_route=\/wp\/v2\/posts\/239777","targetHints":{"allow":["GET"]}}],"collection":[{"href":"https:\/\/www.ocorreionews.com.br\/acervo-correio\/index.php?rest_route=\/wp\/v2\/posts"}],"about":[{"href":"https:\/\/www.ocorreionews.com.br\/acervo-correio\/index.php?rest_route=\/wp\/v2\/types\/post"}],"author":[{"embeddable":true,"href":"https:\/\/www.ocorreionews.com.br\/acervo-correio\/index.php?rest_route=\/wp\/v2\/users\/5"}],"replies":[{"embeddable":true,"href":"https:\/\/www.ocorreionews.com.br\/acervo-correio\/index.php?rest_route=%2Fwp%2Fv2%2Fcomments&post=239777"}],"version-history":[{"count":1,"href":"https:\/\/www.ocorreionews.com.br\/acervo-correio\/index.php?rest_route=\/wp\/v2\/posts\/239777\/revisions"}],"predecessor-version":[{"id":239779,"href":"https:\/\/www.ocorreionews.com.br\/acervo-correio\/index.php?rest_route=\/wp\/v2\/posts\/239777\/revisions\/239779"}],"wp:featuredmedia":[{"embeddable":true,"href":"https:\/\/www.ocorreionews.com.br\/acervo-correio\/index.php?rest_route=\/wp\/v2\/media\/239778"}],"wp:attachment":[{"href":"https:\/\/www.ocorreionews.com.br\/acervo-correio\/index.php?rest_route=%2Fwp%2Fv2%2Fmedia&parent=239777"}],"wp:term":[{"taxonomy":"category","embeddable":true,"href":"https:\/\/www.ocorreionews.com.br\/acervo-correio\/index.php?rest_route=%2Fwp%2Fv2%2Fcategories&post=239777"},{"taxonomy":"post_tag","embeddable":true,"href":"https:\/\/www.ocorreionews.com.br\/acervo-correio\/index.php?rest_route=%2Fwp%2Fv2%2Ftags&post=239777"}],"curies":[{"name":"wp","href":"https:\/\/api.w.org\/{rel}","templated":true}]}}