{"id":239786,"date":"2023-05-15T09:37:16","date_gmt":"2023-05-15T13:37:16","guid":{"rendered":"https:\/\/www.ocorreionews.com.br\/acervo-correio\/?p=239786"},"modified":"2023-05-15T09:37:16","modified_gmt":"2023-05-15T13:37:16","slug":"apesar-de-frio-na-madrugada-e-tempo-seco-calor-volta-aos-poucos-em-mato-grosso-do-sul","status":"publish","type":"post","link":"https:\/\/www.ocorreionews.com.br\/acervo-correio\/?p=239786","title":{"rendered":"Apesar de frio na madrugada e tempo seco, calor volta aos poucos em Mato Grosso do Sul"},"content":{"rendered":"<p>A segunda-feira (15) amanheceu gelada em Mato Grosso do Sul. Apesar do frio nas primeiras horas, calor ser\u00e1 gradativo e temperaturas chegam aos 31\u00b0C, principalmente nas regi\u00f5es norte e pantaneira.<\/p>\n<p>A cidade de Chapad\u00e3o do Sul registrou durante esta madrugada 14\u00b0C, com a sensa\u00e7\u00e3o t\u00e8rmica de 12\u00b0C, j\u00e1 em Campo Grande registrou sensa\u00e7\u00e3o t\u00e9rmica de 11\u00b0C \u00e0s 5h da madrugada; Sidrol\u00e2ndia marcou m\u00ednima de 13\u00b0C; \u00c1gua Clara amanheceu com m\u00ednima de 9\u00b0C nas primeiras horas da manh\u00e3, com sensa\u00e7\u00e3o t\u00e9rmica de 10\u00b0C, conforme o Inmet (Instituto Nacional de Meteorologia).<\/p>\n<p>Em Chapad\u00e3o do Sul a temperatura vai variar de a m\u00ednima de 13C\u00b0 e a m\u00e1xima de 29C\u00b0 durante toda a semana.<\/p>\n<p>At\u00e9 a pr\u00f3xima quinta-feira (18), segundo o Cemtec (Centro de Monitoramento do Tempo e do Clima), a\u00a0previs\u00e3o\u00a0indica tempo est\u00e1vel, com sol e varia\u00e7\u00e3o de nebulosidade, devido \u00e0 atua\u00e7\u00e3o de um sistema de alta press\u00e3o, ou seja, uma\u00a0massa\u00a0de ar mais fria que favorece o tempo seco no Estado.<\/p>\n<p>\u201cDevido \u00e0s condi\u00e7\u00f5es de c\u00e9u limpo, a amplitude t\u00e9rmica, que \u00e9 a diferen\u00e7a entre as temperaturas m\u00e1xima e m\u00ednima, segue acentuada, com aquela sensa\u00e7\u00e3o de frio na madrugada e no amanhecer. Ao longo do dia a temperatura vai se elevando\u201d.<\/p>\n<p>Neste per\u00edodo, as temperaturas m\u00ednimas variam de 10\u00b0C a 13\u00b0C. E as temperaturas m\u00e1ximas na regi\u00e3o Sul s\u00e3o de at\u00e9 27\u00b0C. J\u00e1 para a regi\u00e3o Norte, s\u00e3o esperadas m\u00ednimas entre 12\u00b0C e 16\u00b0C, e m\u00e1ximas de at\u00e9 31\u00b0C. Campo Grande deve registrar m\u00ednima entre 13\u00b0C e 14\u00b0C e m\u00e1xima de at\u00e9 28\u00b0C.<\/p>\n<h2 id=\"h-beba-agua\">Beba \u00e1gua<\/h2>\n<p>As condi\u00e7\u00f5es meteorol\u00f3gicas favorecem a queda na umidade relativa do ar, que atinge n\u00edvel de alerta entre 20% e 40%, com destaque na regi\u00e3o norte. A recomenda\u00e7\u00e3o \u00e9 ingerir bastante \u00e1gua. Os ventos devem atingir entre 30 e 40 km\/h.<\/p>\n<p>&nbsp;<\/p>\n<p>*Midiamax &#8211; Karina Campos<\/p>\n<div class=\"elementor-element elementor-element-ec9eab2 elementor-widget__width-auto elementor-widget elementor-widget-text-editor\" data-id=\"ec9eab2\" data-element_type=\"widget\" data-widget_type=\"text-editor.default\"><\/div>\n","protected":false},"excerpt":{"rendered":"<p>A segunda-feira (15) amanheceu gelada em Mato Grosso do Sul. Apesar do frio nas primeiras horas, calor ser\u00e1 gradativo e temperaturas chegam aos 31\u00b0C, principalmente nas regi\u00f5es norte e pantaneira. A cidade de Chapad\u00e3o do Sul registrou durante esta madrugada 14\u00b0C, com a sensa\u00e7\u00e3o t\u00e8rmica de 12\u00b0C, j\u00e1 em Campo Grande registrou sensa\u00e7\u00e3o t\u00e9rmica de [&hellip;]<\/p>\n","protected":false},"author":5,"featured_media":239787,"comment_status":"closed","ping_status":"closed","sticky":false,"template":"","format":"standard","meta":{"footnotes":""},"categories":[31],"tags":[],"class_list":["post-239786","post","type-post","status-publish","format-standard","has-post-thumbnail","hentry","category-geral"],"_links":{"self":[{"href":"https:\/\/www.ocorreionews.com.br\/acervo-correio\/index.php?rest_route=\/wp\/v2\/posts\/239786","targetHints":{"allow":["GET"]}}],"collection":[{"href":"https:\/\/www.ocorreionews.com.br\/acervo-correio\/index.php?rest_route=\/wp\/v2\/posts"}],"about":[{"href":"https:\/\/www.ocorreionews.com.br\/acervo-correio\/index.php?rest_route=\/wp\/v2\/types\/post"}],"author":[{"embeddable":true,"href":"https:\/\/www.ocorreionews.com.br\/acervo-correio\/index.php?rest_route=\/wp\/v2\/users\/5"}],"replies":[{"embeddable":true,"href":"https:\/\/www.ocorreionews.com.br\/acervo-correio\/index.php?rest_route=%2Fwp%2Fv2%2Fcomments&post=239786"}],"version-history":[{"count":1,"href":"https:\/\/www.ocorreionews.com.br\/acervo-correio\/index.php?rest_route=\/wp\/v2\/posts\/239786\/revisions"}],"predecessor-version":[{"id":239790,"href":"https:\/\/www.ocorreionews.com.br\/acervo-correio\/index.php?rest_route=\/wp\/v2\/posts\/239786\/revisions\/239790"}],"wp:featuredmedia":[{"embeddable":true,"href":"https:\/\/www.ocorreionews.com.br\/acervo-correio\/index.php?rest_route=\/wp\/v2\/media\/239787"}],"wp:attachment":[{"href":"https:\/\/www.ocorreionews.com.br\/acervo-correio\/index.php?rest_route=%2Fwp%2Fv2%2Fmedia&parent=239786"}],"wp:term":[{"taxonomy":"category","embeddable":true,"href":"https:\/\/www.ocorreionews.com.br\/acervo-correio\/index.php?rest_route=%2Fwp%2Fv2%2Fcategories&post=239786"},{"taxonomy":"post_tag","embeddable":true,"href":"https:\/\/www.ocorreionews.com.br\/acervo-correio\/index.php?rest_route=%2Fwp%2Fv2%2Ftags&post=239786"}],"curies":[{"name":"wp","href":"https:\/\/api.w.org\/{rel}","templated":true}]}}