{"id":23983,"date":"2016-03-31T13:08:06","date_gmt":"2016-03-31T17:08:06","guid":{"rendered":"https:\/\/ocorreionews.com.br\/?p=23983"},"modified":"2016-03-31T13:08:06","modified_gmt":"2016-03-31T17:08:06","slug":"onibus-da-saude-de-figueirao-pega-fogo-na-ms-436","status":"publish","type":"post","link":"https:\/\/www.ocorreionews.com.br\/acervo-correio\/?p=23983","title":{"rendered":"\u00d4nibus da Sa\u00fade de Figueir\u00e3o pega fogo na MS-436"},"content":{"rendered":"<p>Um \u00f4nibus da secretaria de sa\u00fade de Figueir\u00e3o pegou fogo na madrugada desta quinta-feira (31), na MS-436, pr\u00f3ximo a Camapu\u00e3. O motorista e os 26 passageiros que seguiam para Campo Grande n\u00e3o se feriram.<\/p>\n<p>Segundo informa\u00e7\u00f5es, o ve\u00edculo saiu de Figueir\u00e3o por volta das 3 horas e levava os pacientes para consultas agendadas na Capital. No trajeto, o motorista Fauzio Cust\u00f3dio percebeu que o \u00f4nibus apresentou problemas e imediatamente retirou todos os passageiros.<\/p>\n<p>Alguns minutos depois o ve\u00edculo come\u00e7ou a pegar fogo e ficou totalmente destru\u00eddo pelas chamas. Apesar do ocorrido ningu\u00e9m ficou ferido.<\/p>\n<p>De acordo com a chefe de gabinete da Prefeitura de Figueir\u00e3o, Marinalva Paniago, assim que tomou conhecimento dos fatos, a prefeitura enviou outro \u00f4nibus e os passageiros seguiram a viagem para Campo Grande.<\/p>\n<p>Segundo Marinalva, o \u00f4nibus faz o mesmo trajeto todas as quintas e havia passado por manuten\u00e7\u00e3o de rotina nesta semana. Ele informou ainda que vai aguardar o laudo da per\u00edcia que deve apontar as causas do acidente.<\/p>\n<p>&nbsp;<\/p>\n<p>&nbsp;<\/p>\n<p>Edi\u00e7\u00e3o de Noticias<\/p>\n","protected":false},"excerpt":{"rendered":"<p>Um \u00f4nibus da secretaria de sa\u00fade de Figueir\u00e3o pegou fogo na madrugada desta quinta-feira (31), na MS-436, pr\u00f3ximo a Camapu\u00e3. O motorista e os 26 passageiros que seguiam para Campo Grande n\u00e3o se feriram. Segundo informa\u00e7\u00f5es, o ve\u00edculo saiu de Figueir\u00e3o por volta das 3 horas e levava os pacientes para consultas agendadas na Capital. [&hellip;]<\/p>\n","protected":false},"author":4,"featured_media":23984,"comment_status":"closed","ping_status":"closed","sticky":false,"template":"","format":"standard","meta":{"footnotes":""},"categories":[30,38],"tags":[],"class_list":["post-23983","post","type-post","status-publish","format-standard","has-post-thumbnail","hentry","category-figueirao","category-policia"],"_links":{"self":[{"href":"https:\/\/www.ocorreionews.com.br\/acervo-correio\/index.php?rest_route=\/wp\/v2\/posts\/23983","targetHints":{"allow":["GET"]}}],"collection":[{"href":"https:\/\/www.ocorreionews.com.br\/acervo-correio\/index.php?rest_route=\/wp\/v2\/posts"}],"about":[{"href":"https:\/\/www.ocorreionews.com.br\/acervo-correio\/index.php?rest_route=\/wp\/v2\/types\/post"}],"author":[{"embeddable":true,"href":"https:\/\/www.ocorreionews.com.br\/acervo-correio\/index.php?rest_route=\/wp\/v2\/users\/4"}],"replies":[{"embeddable":true,"href":"https:\/\/www.ocorreionews.com.br\/acervo-correio\/index.php?rest_route=%2Fwp%2Fv2%2Fcomments&post=23983"}],"version-history":[{"count":0,"href":"https:\/\/www.ocorreionews.com.br\/acervo-correio\/index.php?rest_route=\/wp\/v2\/posts\/23983\/revisions"}],"wp:featuredmedia":[{"embeddable":true,"href":"https:\/\/www.ocorreionews.com.br\/acervo-correio\/index.php?rest_route=\/wp\/v2\/media\/23984"}],"wp:attachment":[{"href":"https:\/\/www.ocorreionews.com.br\/acervo-correio\/index.php?rest_route=%2Fwp%2Fv2%2Fmedia&parent=23983"}],"wp:term":[{"taxonomy":"category","embeddable":true,"href":"https:\/\/www.ocorreionews.com.br\/acervo-correio\/index.php?rest_route=%2Fwp%2Fv2%2Fcategories&post=23983"},{"taxonomy":"post_tag","embeddable":true,"href":"https:\/\/www.ocorreionews.com.br\/acervo-correio\/index.php?rest_route=%2Fwp%2Fv2%2Ftags&post=23983"}],"curies":[{"name":"wp","href":"https:\/\/api.w.org\/{rel}","templated":true}]}}