{"id":239857,"date":"2023-05-15T17:11:05","date_gmt":"2023-05-15T21:11:05","guid":{"rendered":"https:\/\/www.ocorreionews.com.br\/acervo-correio\/?p=239857"},"modified":"2023-05-15T17:11:05","modified_gmt":"2023-05-15T21:11:05","slug":"video-cameras-flagram-acidente-e-acabou-na-morte-de-jovem-em-ms","status":"publish","type":"post","link":"https:\/\/www.ocorreionews.com.br\/acervo-correio\/?p=239857","title":{"rendered":"V\u00eddeo: C\u00e2meras flagram acidente e acabou na morte de jovem em MS"},"content":{"rendered":"<p>O motorista de 25 anos que provocou o acidente na Avenida Mato Grosso, em Campo Grande, e acabou na morte de sua namorada Angela Maria dos Santos Vieira, de 27 anos, estava em alta velocidade e c\u00e2meras de seguran\u00e7a da regi\u00e3o flagraram o momento da batida. Outras tr\u00eas pessoas tiveram ferimentos leves e foram encaminhadas para unidades de sa\u00fade.<\/p>\n<p>Pelas imagens das c\u00e2meras de seguran\u00e7a \u00e9 poss\u00edvel ver quando o ve\u00edculo Jetta segue na Avenida Mato Grosso em alta velocidade passando no sinal vermelho, no cruzamento com a Rua Dr. Paulo Machado, onde os dois ve\u00edculos acabam batendo.<\/p>\n<p>Com a colis\u00e3o, um dos carros atravessa o canteiro e bate no muro de um estabelecimento enquanto o outro carro roda na pista, batendo em pilares de prote\u00e7\u00e3o na cal\u00e7ada.<\/p>\n<p>Segundo informa\u00e7\u00f5es policiais, ap\u00f3s a batida, o Jetta foi lan\u00e7ado sobre o canteiro, subindo na cal\u00e7ada e batendo no muro de um estabelecimento comercial. J\u00e1 o outro ve\u00edculo rodou na pista e parou no meio da rua. Equipes do Corpo de Bombeiros foram acionadas para o local e tentaram a reanima\u00e7\u00e3o de Angela, mas ela n\u00e3o resistiu e morreu no local.<\/p>\n<p>O motorista do Jetta apresentava sinais de embriaguez e se recusou a fazer o teste do baf\u00f4metro. No carro v\u00e1rias garrafas de cerveja foram encontradas. Ele confessou que estava em um bar junto dos passageiros desde as 17h30, quando resolveram \u00e0 noite ir embora. Ele foi preso em flagrante. As outras v\u00edtimas tiveram ferimentos leves e foram encaminhadas para unidades de sa\u00fade.<\/p>\n<p><iframe loading=\"lazy\" title=\"C\u00e2meras flagram acidente na Mato Grosso que acabou na morte de mulher em Campo Grande\" width=\"1170\" height=\"658\" src=\"https:\/\/www.youtube.com\/embed\/xzRQv_Ur6ZE?wmode=transparent&amp;rel=0&amp;feature=oembed\" frameborder=\"0\" allow=\"accelerometer; autoplay; clipboard-write; encrypted-media; gyroscope; picture-in-picture; web-share\" allowfullscreen><\/iframe><\/p>\n<p>&nbsp;<\/p>\n<h2 id=\"h-amigos-e-familiares\">Amigos e familiares<\/h2>\n<p>Amigos e familiares de Angela postaram nas redes sociais homenagens e lamenta\u00e7\u00f5es sobre a morte prematura da jovem.<\/p>\n<p>Uma amiga postou uma conversa com a v\u00edtima, onde Angela pedia para se reunir, mas a amiga disse que iria combinar algo depois. \u201cA vida passa como um sopro, e hoje mais do que nunca eu entendo a frase que diz: \u2018N\u00e3o deixe para amanh\u00e3 porque o amanh\u00e3 pode n\u00e3o chegar\u2019, Te amo para sempre loira\u201d, publicou.<\/p>\n<p>\u201c\u00c9 dif\u00edcil entender os planos de Deus, mil perguntas na cabe\u00e7a nesse momento, mas s\u00f3 consigo dizer que vou sentir para sempre sua falta&#8230;\u201d, escreveu outra amiga.<\/p>\n<p>O Polo Universit\u00e1rio de Campo Grande lamentou a morte da jovem que era graduanda do curso de Biomedicina. \u201cNesse momento de dor, o Polo Universit\u00e1rio se solidariza com todos os familiares e amigos, expressando as mais sinceras condol\u00eancias\u201d.<\/p>\n<div class=\"wp-block-embed__wrapper\">*Midiamax, Mirian Machado e Thatiana Melo<\/p>\n<div class=\"elementor-element elementor-element-ec9eab2 elementor-widget__width-auto elementor-widget elementor-widget-text-editor\" data-id=\"ec9eab2\" data-element_type=\"widget\" data-widget_type=\"text-editor.default\">\n<div class=\"elementor-widget-container\"><\/div>\n<\/div>\n<\/div>\n","protected":false},"excerpt":{"rendered":"<p>O motorista de 25 anos que provocou o acidente na Avenida Mato Grosso, em Campo Grande, e acabou na morte de sua namorada Angela Maria dos Santos Vieira, de 27 anos, estava em alta velocidade e c\u00e2meras de seguran\u00e7a da regi\u00e3o flagraram o momento da batida. Outras tr\u00eas pessoas tiveram ferimentos leves e foram encaminhadas [&hellip;]<\/p>\n","protected":false},"author":5,"featured_media":239860,"comment_status":"closed","ping_status":"closed","sticky":false,"template":"","format":"standard","meta":{"footnotes":""},"categories":[38],"tags":[],"class_list":["post-239857","post","type-post","status-publish","format-standard","has-post-thumbnail","hentry","category-policia"],"_links":{"self":[{"href":"https:\/\/www.ocorreionews.com.br\/acervo-correio\/index.php?rest_route=\/wp\/v2\/posts\/239857","targetHints":{"allow":["GET"]}}],"collection":[{"href":"https:\/\/www.ocorreionews.com.br\/acervo-correio\/index.php?rest_route=\/wp\/v2\/posts"}],"about":[{"href":"https:\/\/www.ocorreionews.com.br\/acervo-correio\/index.php?rest_route=\/wp\/v2\/types\/post"}],"author":[{"embeddable":true,"href":"https:\/\/www.ocorreionews.com.br\/acervo-correio\/index.php?rest_route=\/wp\/v2\/users\/5"}],"replies":[{"embeddable":true,"href":"https:\/\/www.ocorreionews.com.br\/acervo-correio\/index.php?rest_route=%2Fwp%2Fv2%2Fcomments&post=239857"}],"version-history":[{"count":1,"href":"https:\/\/www.ocorreionews.com.br\/acervo-correio\/index.php?rest_route=\/wp\/v2\/posts\/239857\/revisions"}],"predecessor-version":[{"id":239861,"href":"https:\/\/www.ocorreionews.com.br\/acervo-correio\/index.php?rest_route=\/wp\/v2\/posts\/239857\/revisions\/239861"}],"wp:featuredmedia":[{"embeddable":true,"href":"https:\/\/www.ocorreionews.com.br\/acervo-correio\/index.php?rest_route=\/wp\/v2\/media\/239860"}],"wp:attachment":[{"href":"https:\/\/www.ocorreionews.com.br\/acervo-correio\/index.php?rest_route=%2Fwp%2Fv2%2Fmedia&parent=239857"}],"wp:term":[{"taxonomy":"category","embeddable":true,"href":"https:\/\/www.ocorreionews.com.br\/acervo-correio\/index.php?rest_route=%2Fwp%2Fv2%2Fcategories&post=239857"},{"taxonomy":"post_tag","embeddable":true,"href":"https:\/\/www.ocorreionews.com.br\/acervo-correio\/index.php?rest_route=%2Fwp%2Fv2%2Ftags&post=239857"}],"curies":[{"name":"wp","href":"https:\/\/api.w.org\/{rel}","templated":true}]}}