{"id":23986,"date":"2016-03-31T13:20:06","date_gmt":"2016-03-31T17:20:06","guid":{"rendered":"https:\/\/ocorreionews.com.br\/?p=23986"},"modified":"2016-03-31T13:20:06","modified_gmt":"2016-03-31T17:20:06","slug":"reforma-e-ampliacao-do-posto-de-saude-de-bela-alvorada-ja-esta-em-andamento","status":"publish","type":"post","link":"https:\/\/www.ocorreionews.com.br\/acervo-correio\/?p=23986","title":{"rendered":"Reforma e Amplia\u00e7\u00e3o do Posto de Sa\u00fade de Bela Alvorada j\u00e1 est\u00e1 em andamento"},"content":{"rendered":"<p>Come\u00e7ou na \u00faltima segunda-feira, dia 28 de mar\u00e7o a obra de reforma e amplia\u00e7\u00e3o do Posto de Sa\u00fade- PSF Roberto Ara\u00fajo dos Santos no distrito de Bela Alvorada no munic\u00edpio de Para\u00edso das \u00c1guas.<\/p>\n<p>Na obra ser\u00e3o investidos R$489.018,26(quatrocentos e oitenta e nove mil dezoito reais e vinte e seis centavos), desses R$202.995,00 (duzentos e dois mil novecentos e noventa e cinco reais) recursos do Governo Federal e o restante R$286.023,26(duzentos e oitenta e seis mil vinte e tr\u00eas reais e vinte e seis centavos) recursos pr\u00f3prios do munic\u00edpio.<\/p>\n<p>A data prevista para o t\u00e9rmino da obra \u00e9 28 de dezembro de 2016.<\/p>\n<p>&nbsp;<\/p>\n<p>ASSECOM- Prefeitura Municipal de Para\u00edso das \u00c1guas- MS<\/p>\n","protected":false},"excerpt":{"rendered":"<p>Come\u00e7ou na \u00faltima segunda-feira, dia 28 de mar\u00e7o a obra de reforma e amplia\u00e7\u00e3o do Posto de Sa\u00fade- PSF Roberto Ara\u00fajo dos Santos no distrito de Bela Alvorada no munic\u00edpio de Para\u00edso das \u00c1guas. Na obra ser\u00e3o investidos R$489.018,26(quatrocentos e oitenta e nove mil dezoito reais e vinte e seis centavos), desses R$202.995,00 (duzentos e [&hellip;]<\/p>\n","protected":false},"author":4,"featured_media":23987,"comment_status":"closed","ping_status":"closed","sticky":false,"template":"","format":"standard","meta":{"footnotes":""},"categories":[36],"tags":[],"class_list":["post-23986","post","type-post","status-publish","format-standard","has-post-thumbnail","hentry","category-paraiso-das-aguas"],"_links":{"self":[{"href":"https:\/\/www.ocorreionews.com.br\/acervo-correio\/index.php?rest_route=\/wp\/v2\/posts\/23986","targetHints":{"allow":["GET"]}}],"collection":[{"href":"https:\/\/www.ocorreionews.com.br\/acervo-correio\/index.php?rest_route=\/wp\/v2\/posts"}],"about":[{"href":"https:\/\/www.ocorreionews.com.br\/acervo-correio\/index.php?rest_route=\/wp\/v2\/types\/post"}],"author":[{"embeddable":true,"href":"https:\/\/www.ocorreionews.com.br\/acervo-correio\/index.php?rest_route=\/wp\/v2\/users\/4"}],"replies":[{"embeddable":true,"href":"https:\/\/www.ocorreionews.com.br\/acervo-correio\/index.php?rest_route=%2Fwp%2Fv2%2Fcomments&post=23986"}],"version-history":[{"count":0,"href":"https:\/\/www.ocorreionews.com.br\/acervo-correio\/index.php?rest_route=\/wp\/v2\/posts\/23986\/revisions"}],"wp:featuredmedia":[{"embeddable":true,"href":"https:\/\/www.ocorreionews.com.br\/acervo-correio\/index.php?rest_route=\/wp\/v2\/media\/23987"}],"wp:attachment":[{"href":"https:\/\/www.ocorreionews.com.br\/acervo-correio\/index.php?rest_route=%2Fwp%2Fv2%2Fmedia&parent=23986"}],"wp:term":[{"taxonomy":"category","embeddable":true,"href":"https:\/\/www.ocorreionews.com.br\/acervo-correio\/index.php?rest_route=%2Fwp%2Fv2%2Fcategories&post=23986"},{"taxonomy":"post_tag","embeddable":true,"href":"https:\/\/www.ocorreionews.com.br\/acervo-correio\/index.php?rest_route=%2Fwp%2Fv2%2Ftags&post=23986"}],"curies":[{"name":"wp","href":"https:\/\/api.w.org\/{rel}","templated":true}]}}