{"id":239862,"date":"2023-05-15T17:29:51","date_gmt":"2023-05-15T21:29:51","guid":{"rendered":"https:\/\/www.ocorreionews.com.br\/acervo-correio\/?p=239862"},"modified":"2023-05-15T17:32:14","modified_gmt":"2023-05-15T21:32:14","slug":"shows-nacionais-rodeio-e-cavalgada-marcam-a-2a-edicao-da-expo-rica","status":"publish","type":"post","link":"https:\/\/www.ocorreionews.com.br\/acervo-correio\/?p=239862","title":{"rendered":"Shows nacionais, rodeio e cavalgada marcam a 2\u00aa edi\u00e7\u00e3o da Expo Rica"},"content":{"rendered":"<div class=\"ntc_cont_descricao_noticia sw_txteditor\">A 2\u00aa edi\u00e7\u00e3o da Expo Rica \u2013 Exposi\u00e7\u00e3o Agropecu\u00e1ria de Costa Rica foi realizada de 11 a 14 de maio no Parque de Exposi\u00e7\u00f5es Laerte Paes Coelho e contou com uma s\u00e9rie de atra\u00e7\u00f5es imperd\u00edveis. Al\u00e9m dos shows nacionais no palco principal, os visitantes puderam curtir apresenta\u00e7\u00f5es musicais com artistas locais na pra\u00e7a de alimenta\u00e7\u00e3o.<\/div>\n<div><\/div>\n<div class=\"ntc_cont_descricao_noticia sw_txteditor\">\n<figure style=\"width: 800px\" class=\"wp-caption aligncenter\"><img loading=\"lazy\" decoding=\"async\" class=\"imgcentraliza\" src=\"https:\/\/www.costarica.ms.gov.br\/fotos\/b4a651ab356149324cf5b546f8903a75.jpg\" alt=\"Foto Noticia Principal Grande\" width=\"800\" height=\"450\" \/><figcaption class=\"wp-caption-text\">Fotos: Henrique Silva \/ Assecom \/ PMCR<\/figcaption><\/figure>\n<p>O prefeito de Costa Rica, delegado Cleverson Alves dos Santos, agradeceu a presen\u00e7a de todos na Expo Rica 2023 e a Deus pela oportunidade de realizar o evento com sucesso. Ele tamb\u00e9m lembrou de seu amigo Ant\u00f4nio Rodrigues, idealizador da festa, que faleceu antes da realiza\u00e7\u00e3o do evento, e agradeceu a todos que trabalharam e se dedicaram para tornar a Expo Rica uma realidade. O prefeito desejou um feliz dia das m\u00e3es e prometeu que a 3\u00aa Expo Rica ser\u00e1 ainda melhor.<\/p>\n<p>Considerada uma das maiores feiras agropecu\u00e1rias da regi\u00e3o, a Expo Rica celebrou o 43\u00ba anivers\u00e1rio de Costa Rica com quatro megashows nacionais e entrada franca, mediante a doa\u00e7\u00e3o facultativa de um quilo de alimento n\u00e3o perec\u00edvel. O evento foi realizado pelo Clube de La\u00e7o Tr\u00eas Divisas, com apoio da Prefeitura Municipal, Governo do Estado, C\u00e2mara de Vereadores, SETESCC (Secretaria de Estado de Turismo, Esporte, Cultura e Cidadania), Secretarias e Subsecretarias municipais, Funda\u00e7\u00e3o de Cultura de Mato Grosso do Sul, Sindicato Rural de Costa Rica, Corpo de Bombeiros, Conselho Tutelar e das Pol\u00edcias Civil e Militar.<\/p>\n<p>A Expo Rica 2023 contou com exposi\u00e7\u00f5es de agroneg\u00f3cios e tecnologias, rodeio, estrutura com \u00e1reas cobertas, pra\u00e7a de alimenta\u00e7\u00e3o com apresenta\u00e7\u00e3o de artistas locais, cavalgada e queima do alho, parque de divers\u00f5es, concurso de rainha da festa e madrinha dos pe\u00f5es, e shows nacionais com o grupo Falamansa (11\/05), Murilo Huff (12\/05), Humberto e Ronaldo (13\/05) e Almir Sater (14\/05) que arrastou multid\u00f5es de pessoas.<\/p>\n<p>A premia\u00e7\u00e3o para o rodeio em touros e cavalos chegou a R$ 70 mil em dinheiro, com locu\u00e7\u00f5es de Piracicabano, Helinho Para\u00edso, Rodolfo Silva, Edmar Goiano e Wellington WP. Os vencedores do rodeio foram os profissionais, Cleidson Soares Lima, em primeiro lugar na classifica\u00e7\u00e3o geral em cavalos, com 264,50 pontos; Roque Junior Palermo, em primeiro lugar na classifica\u00e7\u00e3o geral em touros, com 263,50 pontos.<\/p>\n<p>OS CAMPE\u00d5ES \u2013 Em Cavalos: 1\u00ba Cleidson Soares Lima com 264,50 pontos, 2\u00ba Rodrigo Alberto dos Santos com 259,75 pontos, 3\u00ba Lindomar Goulart 258,75 com pontos, 4\u00ba Jo\u00e3o da Concei\u00e7\u00e3o com 258,75 pontos e 5\u00ba Jeferson Bruno Queiroz com 257,25 pontos; Classifica\u00e7\u00e3o geral em Touros: \u00a01\u00ba Roque Junior Palermo com 263,50 pontos, 2\u00ba Rodrigo Santos Barbieri com 262,25 pontos, 3\u00ba Lucas Martins Munis com 258,50 pontos, 4\u00ba Fabricio Ferreira com 257,75 pontos e 5\u00ba Sandro Batista com 257,75 pontos.<\/p>\n<p>Representando o governador de MS, Eduardo Ridel, o secret\u00e1rio de Governo e Gest\u00e3o Estrat\u00e9gica, Pedro Arlei Caravina, enviou seu abra\u00e7o e parab\u00e9ns \u00e0 cidade de Costa Rica pelos seus 43 anos de emancipa\u00e7\u00e3o pol\u00edtico-administrativa. Ele cumprimentou a popula\u00e7\u00e3o e parabenizou as autoridades e o Clube do La\u00e7o Tr\u00eas Divisas pelo evento. Caravina destacou as dificuldades na organiza\u00e7\u00e3o, mas ressaltou o prazer e a alegria que o evento proporciona \u00e0 popula\u00e7\u00e3o. Ele elogiou a gest\u00e3o municipal e reafirmou a parceria do Governo do Estado com a cidade em a\u00e7\u00f5es importantes para o progresso e desenvolvimento. Caravina ainda se comprometeu, juntamente com o governador e a Assembleia Legislativa, com a administra\u00e7\u00e3o do prefeito em prol da popula\u00e7\u00e3o.<\/p>\n<p>O presidente da Assembleia Legislativa de MS, deputado estadual, Gerson Claro, agradeceu a Deus pela oportunidade de estar presente na segunda Expo Rica, festa que envolve muita gente e \u00e9 uma forma de prestigiar a cidade que os recebeu com carinho. Ele renovou o compromisso do governo estadual com a cidade e com a popula\u00e7\u00e3o, destacando a import\u00e2ncia de conversar com a sociedade e trabalhar pelos problemas do munic\u00edpio. Gerson Claro parabenizou a organiza\u00e7\u00e3o da festa, as m\u00e3es pelo Dia das M\u00e3es e a cidade pelos 43 anos de emancipa\u00e7\u00e3o pol\u00edtico-administrativa, e pediu a Deus para iluminar todos os competidores.<\/p>\n<p>O vice-prefeito, Roni Cota, agradeceu \u00e0 popula\u00e7\u00e3o de Costa Rica por comparecer em grande n\u00famero ao evento, e expressou sua gratid\u00e3o pelo apoio da administra\u00e7\u00e3o municipal. Ele destacou que o anivers\u00e1rio \u00e9 de Costa Rica, mas o presente \u00e9 da popula\u00e7\u00e3o. Ele concluiu agradecendo novamente e prometendo um evento ainda maior e melhor no pr\u00f3ximo ano, se Deus quiser.<\/p>\n<p>O presidente da C\u00e2mara de Vereadores, Ailton Martins de Amorim, cumprimentou todos e expressou sua alegria em participar da 2\u00aa Expo Rica. Ele mencionou que a festa est\u00e1 acontecendo no segundo dia em comemora\u00e7\u00e3o ao anivers\u00e1rio de Costa Rica. Ailton desejou uma boa festa para a popula\u00e7\u00e3o e parabenizou a cidade pelos seus 43 anos. Ele tamb\u00e9m enviou um abra\u00e7o para todos.<\/p>\n<p>Artistas locais que se apresentaram na 2\u00aa Expo Rica na Pra\u00e7a de Alimenta\u00e7\u00e3o, entre eles est\u00e3o Vanessa Silva Santos, Douglas Felix de Lima, Vicente de Castro Neto, Flavio do Carmo Correa Filho, Jhone Gomes Rodrigues Colman e Valdivino Jesus Nogueira. Cada um deles representa uma empresa ou escola de m\u00fasica diferente, como Musicalizando, Felix Produ\u00e7\u00f5es, Augusto Cesar e Christiano, Flavinho Correa Shows e Eventos, Escola de M\u00fasica Colman e Zizo Nogueira.<\/p>\n<p>Foram apresentadas as candidatas a Rainha do Rodeio, sendo elas Gisele Coelho, a Rainha de R\u00e1dio da 2\u00aa Expo Rica; Adriele Amorim, Jenara Monique, Milene Rodrigues e Thais Caroline em breve apresenta\u00e7\u00e3o.<\/p>\n<\/div>\n<div><\/div>\n<div class=\"ntc_cont_descricao_noticia sw_txteditor\">\n<figure style=\"width: 800px\" class=\"wp-caption alignnone\"><img loading=\"lazy\" decoding=\"async\" class=\"imgcentraliza\" src=\"https:\/\/www.costarica.ms.gov.br\/fotos\/311ef52102a0762275ba5286dafa8b83.jpg\" alt=\"Foto Noticia Principal Grande\" width=\"800\" height=\"450\" \/><figcaption class=\"wp-caption-text\">Fotos: Henrique Silva \/ Assecom \/ PMCR<\/figcaption><\/figure>\n<p>No dia 14 de maio, houve a tradicional cavalgada que percorreu as ruas da cidade, saindo do Clube do La\u00e7o Tr\u00eas Divisas e chegando no Parque de Exposi\u00e7\u00e3o Laerte Paes Coelho. 18 categorias foram premiadas com uma Fivela especial. Os melhores avaliados na cavalgada, incluindo a comitiva mais organizada, que foi a Quebra Torto. Tamb\u00e9m foram eleitos a mula mais bonita, que foi a Mulata, o burro mais bonito, o Can\u00e1rio, e o cavalo mais bonito, o Brother. A \u00e9gua mais bonita foi a Rancho J\u00c1 T\u00f3ia. Al\u00e9m disso, foram anunciados os melhores na charrua corneta, que foram Maxinei, na virola corneta, que foi Valtinho, e no estilo estrad\u00e3o, que foi Caximbinho. O Cowboy mais traiado foi Gauchinho e a Cowgirl mais traiada foi Evelyn. Na categoria mirim, o mais traiado foi Felipe e a Cowgirl mirim mais traiada foi Yasmin. Tamb\u00e9m foram eleitos os melhores na traia charrua inox, que foi Roseno, e na virola inox, que foi Cau\u00ea. O Pe\u00e3o mais velho foi Rox\u00e3o e o Pe\u00e3o mais novo foi Antonio Barbosa. J\u00e1 a Cowgirl mais velha foi Beatriz e a Cowgirl mais nova foi Elisa.<\/p>\n<p>A 7\u00aa Queima do Alho, realizada durante a Expo Rica 2023, foi uma experi\u00eancia gastron\u00f4mica \u00fanica e superou as expectativas. O card\u00e1pio composto por arroz carreteiro, feij\u00e3o, toucinho, torresmo, carne seca, pa\u00e7oca e farinha de mandioca, ingredientes que eram utilizados pelos tropeiros. A comida feita em uma cozinha improvisada, impressionou pela simplicidade e sabor inigual\u00e1vel, agradou em cheio.<\/p>\n<\/div>\n<div class=\"ntc_cont_descricao_noticia sw_txteditor\">\n<figure style=\"width: 800px\" class=\"wp-caption aligncenter\"><img loading=\"lazy\" decoding=\"async\" class=\"imgcentraliza\" src=\"https:\/\/www.costarica.ms.gov.br\/fotos\/49563d9869a0c811629d29e9e1da23e7.jpg\" alt=\"Foto Noticia Principal Grande\" width=\"800\" height=\"369\" \/><figcaption class=\"wp-caption-text\">Fotos: Silvestre de Castro \/ Assecom \/ PMCR<\/figcaption><\/figure>\n<p>A comitiva vencedora da queima do alho foi Herdeiros da Tradi\u00e7\u00e3o, que conseguiu 285 pontos. Em segundo lugar ficou a comitiva M\u00e1goa de Boiadeiro com 282 pontos, seguida de Quebra Torto com 281,5 pontos. Em quarto lugar ficou a comitiva S\u00f3 Muares com 275,5 pontos e em quinto lugar Espora de Prata com 252 pontos.<\/p>\n<figure style=\"width: 600px\" class=\"wp-caption aligncenter\"><img loading=\"lazy\" decoding=\"async\" class=\"imgcentraliza\" src=\"https:\/\/www.costarica.ms.gov.br\/fotos\/42de79212b31fb8a6c0f68dec9a2203c.jpg\" alt=\"Foto Noticia Principal Grande\" width=\"600\" height=\"800\" \/><figcaption class=\"wp-caption-text\">Fotos: Angela Bezerra \/ Assecom \/ PMCR<\/figcaption><\/figure>\n<p>A Expo Rica foi um sucesso de p\u00fablico e de organiza\u00e7\u00e3o, consolidando-se como um dos principais eventos agropecu\u00e1rios do estado de Mato Grosso do Sul.<\/p>\n<\/div>\n<div class=\"ntc_area_info_noticia sw_lato\">\n<div>\n<div class=\"ntc_info_noticia\"><strong class=\"sw_lato_black\">Fonte: <\/strong>Assessoria de Comunica\u00e7\u00e3o &#8211; PMCR,<strong class=\"sw_lato_black\">\u00a0<\/strong>Silvestre de Castro<\/div>\n<\/div>\n<\/div>\n","protected":false},"excerpt":{"rendered":"<p>A 2\u00aa edi\u00e7\u00e3o da Expo Rica \u2013 Exposi\u00e7\u00e3o Agropecu\u00e1ria de Costa Rica foi realizada de 11 a 14 de maio no Parque de Exposi\u00e7\u00f5es Laerte Paes Coelho e contou com uma s\u00e9rie de atra\u00e7\u00f5es imperd\u00edveis. Al\u00e9m dos shows nacionais no palco principal, os visitantes puderam curtir apresenta\u00e7\u00f5es musicais com artistas locais na pra\u00e7a de alimenta\u00e7\u00e3o. [&hellip;]<\/p>\n","protected":false},"author":5,"featured_media":239863,"comment_status":"closed","ping_status":"closed","sticky":false,"template":"","format":"standard","meta":{"footnotes":""},"categories":[25,41],"tags":[],"class_list":["post-239862","post","type-post","status-publish","format-standard","has-post-thumbnail","hentry","category-costa-rica","category-destaque"],"_links":{"self":[{"href":"https:\/\/www.ocorreionews.com.br\/acervo-correio\/index.php?rest_route=\/wp\/v2\/posts\/239862","targetHints":{"allow":["GET"]}}],"collection":[{"href":"https:\/\/www.ocorreionews.com.br\/acervo-correio\/index.php?rest_route=\/wp\/v2\/posts"}],"about":[{"href":"https:\/\/www.ocorreionews.com.br\/acervo-correio\/index.php?rest_route=\/wp\/v2\/types\/post"}],"author":[{"embeddable":true,"href":"https:\/\/www.ocorreionews.com.br\/acervo-correio\/index.php?rest_route=\/wp\/v2\/users\/5"}],"replies":[{"embeddable":true,"href":"https:\/\/www.ocorreionews.com.br\/acervo-correio\/index.php?rest_route=%2Fwp%2Fv2%2Fcomments&post=239862"}],"version-history":[{"count":1,"href":"https:\/\/www.ocorreionews.com.br\/acervo-correio\/index.php?rest_route=\/wp\/v2\/posts\/239862\/revisions"}],"predecessor-version":[{"id":239865,"href":"https:\/\/www.ocorreionews.com.br\/acervo-correio\/index.php?rest_route=\/wp\/v2\/posts\/239862\/revisions\/239865"}],"wp:featuredmedia":[{"embeddable":true,"href":"https:\/\/www.ocorreionews.com.br\/acervo-correio\/index.php?rest_route=\/wp\/v2\/media\/239863"}],"wp:attachment":[{"href":"https:\/\/www.ocorreionews.com.br\/acervo-correio\/index.php?rest_route=%2Fwp%2Fv2%2Fmedia&parent=239862"}],"wp:term":[{"taxonomy":"category","embeddable":true,"href":"https:\/\/www.ocorreionews.com.br\/acervo-correio\/index.php?rest_route=%2Fwp%2Fv2%2Fcategories&post=239862"},{"taxonomy":"post_tag","embeddable":true,"href":"https:\/\/www.ocorreionews.com.br\/acervo-correio\/index.php?rest_route=%2Fwp%2Fv2%2Ftags&post=239862"}],"curies":[{"name":"wp","href":"https:\/\/api.w.org\/{rel}","templated":true}]}}