{"id":239871,"date":"2023-05-15T18:02:45","date_gmt":"2023-05-15T22:02:45","guid":{"rendered":"https:\/\/www.ocorreionews.com.br\/acervo-correio\/?p=239871"},"modified":"2023-05-15T18:02:45","modified_gmt":"2023-05-15T22:02:45","slug":"acidente-com-aviao-de-marilia-mendonca-nao-foi-causado-por-falha-do-piloto-nem-da-aeronave-diz-advogado-da-familia-da-cantora","status":"publish","type":"post","link":"https:\/\/www.ocorreionews.com.br\/acervo-correio\/?p=239871","title":{"rendered":"Acidente com avi\u00e3o de Mar\u00edlia Mendon\u00e7a n\u00e3o foi causado por falha do piloto nem da aeronave, diz advogado da fam\u00edlia da cantora"},"content":{"rendered":"<div id=\"chunk-66ima\">\n<div class=\"mc-column content-text active-extra-styles \" data-block-type=\"unstyled\" data-block-weight=\"76\" data-block-id=\"3\">\n<p class=\"content-text__container \" data-track-category=\"Link no Texto\" data-track-links=\"\">O acidente com o avi\u00e3o de Mar\u00edlia Mendon\u00e7a, que provocou a morte da cantora e de mais quatro pessoas, <span class=\"highlight highlighted\">n\u00e3o foi causado por erro do piloto e nem por falha da aeronave, informou o advogado da fam\u00edlia da artista, Robson Cunha<\/span>. O relat\u00f3rio do <strong>Centro de Investiga\u00e7\u00e3o e Preven\u00e7\u00e3o de Acidentes Aeron\u00e1uticos<\/strong> (<strong>Cenipa<\/strong>) foi apresentado na tarde desta segunda-feira (15), em Bras\u00edlia, mas at\u00e9 a ultima atualiza\u00e7\u00e3o desta reportagem n\u00e3o havia sido divulgado publicamente.<\/p>\n<p data-track-category=\"Link no Texto\" data-track-links=\"\">\n<\/div>\n<\/div>\n<div class=\"wall protected-content\">\n<div class=\"mc-column content-text active-extra-styles\" data-block-type=\"raw\" data-block-weight=\"26\" data-block-id=\"4\">\n<p class=\"content-text__container\">\n<blockquote class=\"content-blockquote theme-border-color-primary-before\"><p>&#8220;De modo geral, o Cenipa entende que n\u00e3o houve nenhum erro do piloto. Atitudes tomadas fora do plano de voo n\u00e3o s\u00e3o erradas&#8221;, diz Robson Cunha.<\/p><\/blockquote>\n<\/div>\n<p>&nbsp;<\/p>\n<div id=\"chunk-3k7l0\">\n<div class=\"content-ads content-ads--reveal\" data-block-type=\"ads\" data-block-id=\"5\"><\/div>\n<\/div>\n<div id=\"chunk-aselq\">\n<div class=\"mc-column content-text active-extra-styles \" data-block-type=\"unstyled\" data-block-weight=\"43\" data-block-id=\"6\">\n<p class=\"content-text__container \" data-track-category=\"Link no Texto\" data-track-links=\"\">Segundo o advogado, <span class=\"highlight highlighted\">um cabo de energia \u00e9 apontado como o principal causador do acidente, mas \u00e9 preciso esperar a conclus\u00e3o do inqu\u00e9rito realizado pela Pol\u00edcia Civil<\/span> (<a href=\"https:\/\/g1.globo.com\/globonews\/globonewsmais\/video\/cabo-de-energia-e-apontado-como-principal-causador-do-acidente-de-marilia-mendonca-11619467.ghtml\"><strong><em>veja v\u00eddeo aqui<\/em><\/strong><\/a>). Cunha disse ainda que o piloto da aeronave &#8220;fez tudo dentro da regularidade&#8221;.<\/p>\n<p data-track-category=\"Link no Texto\" data-track-links=\"\">\n<\/div>\n<\/div>\n<div id=\"chunk-7tjel\">\n<div class=\"mc-column content-text active-extra-styles \" data-block-type=\"unstyled\" data-block-weight=\"49\" data-block-id=\"7\">\n<p class=\"content-text__container \" data-track-category=\"Link no Texto\" data-track-links=\"\">O representante da fam\u00edlia de Mar\u00edlia Mendon\u00e7a afirmou que a partir do relat\u00f3rio do Cenipa, o indicado \u00e9 que sejam colocados identificadores nas linhas de transmiss\u00e3o que passam pr\u00f3ximo da pista em Piedade de Caratinga, na Regi\u00e3o do Vale do Rio Doce, em Minas Gerais, onde ocorreu o acidente.<\/p>\n<\/div>\n<\/div>\n<div class=\"mc-column content-text active-extra-styles\" data-block-type=\"raw\" data-block-weight=\"17\" data-block-id=\"8\">\n<p class=\"content-text__container\">\n<blockquote class=\"content-blockquote theme-border-color-primary-before\"><p>&#8220;Ainda que esteja fora do per\u00edmetro de seguran\u00e7a do aeroporto, para evitar novos acidentes&#8221;, aponta o advogado.<\/p><\/blockquote>\n<\/div>\n<div id=\"chunk-c93he\">\n<div class=\"mc-column content-text active-extra-styles \" data-block-type=\"unstyled\" data-block-weight=\"32\" data-block-id=\"11\">\n<p class=\"content-text__container \" data-track-category=\"Link no Texto\" data-track-links=\"\">Robson Cunha explica que o trabalho do Cenipa n\u00e3o visa acusar, mas, sim, indicar os respons\u00e1veis e &#8220;criar ambiente&#8221; para que situa\u00e7\u00f5es, como a que ocorreu com a cantora, sejam evitadas.<\/p>\n<p data-track-category=\"Link no Texto\" data-track-links=\"\">\n<\/div>\n<\/div>\n<div id=\"chunk-ag9sv\">\n<div class=\"mc-column content-text active-extra-styles \" data-block-type=\"unstyled\" data-block-weight=\"49\" data-block-id=\"12\">\n<p class=\"content-text__container \" data-track-category=\"Link no Texto\" data-track-links=\"\">A fam\u00edlia da artista n\u00e3o quis comparecer na apresenta\u00e7\u00e3o do documento. Segundo o advogado, a m\u00e3e da cantora, Dona Ruth &#8220;entende que nada do que vier a ser tratado vai trazer Mar\u00edlia de volta e o interesse \u00e9 que, a partir de hoje, n\u00e3o ocorram acidentes como esse&#8221;.<\/p>\n<p data-track-category=\"Link no Texto\" data-track-links=\"\">\n<\/div>\n<\/div>\n<div class=\"content-intertitle\">\n<h2>O acidente<\/h2>\n<p>&nbsp;<\/p>\n<div id=\"chunk-e7d23\">\n<div class=\"mc-column content-text active-extra-styles \" data-block-type=\"unstyled\" data-block-weight=\"49\" data-block-id=\"18\">\n<p class=\"content-text__container \" data-track-category=\"Link no Texto\" data-track-links=\"\">No dia 5 de novembro de 2021, a aeronave que transportava a equipe da cantora caiu em Piedade de Caratinga, na Regi\u00e3o do Vale do Rio Doce, em Minas Gerais. Tratava-se de um bimotor Beech Aircraft, da PEC T\u00e1xi A\u00e9reo, de Goi\u00e1s, prefixo PT-ONJ, com capacidade para seis passageiros.<\/p>\n<p data-track-category=\"Link no Texto\" data-track-links=\"\">\n<\/div>\n<\/div>\n<div id=\"chunk-647l1\">\n<div class=\"mc-column content-text active-extra-styles \" data-block-type=\"unstyled\" data-block-weight=\"49\" data-block-id=\"19\">\n<p class=\"content-text__container \" data-track-category=\"Link no Texto\" data-track-links=\"\">Segundo a Ag\u00eancia Nacional de Avia\u00e7\u00e3o Civil (Anac), o avi\u00e3o estava em situa\u00e7\u00e3o regular e tinha autoriza\u00e7\u00e3o para fazer t\u00e1xi a\u00e9reo. Ele decolou do Aer\u00f3dromo Santa Genoveva, em Goi\u00e2nia (GO), \u00e0s 16h02min. O grupo voava em dire\u00e7\u00e3o \u00e0 cidade de Caratinga, onde a artista faria um show naquela noite.<\/p>\n<p data-track-category=\"Link no Texto\" data-track-links=\"\">\n<\/div>\n<\/div>\n<div id=\"chunk-dnjpd\">\n<div class=\"mc-column content-text active-extra-styles \" data-block-type=\"unstyled\" data-block-weight=\"39\" data-block-id=\"20\">\n<p class=\"content-text__container \" data-track-category=\"Link no Texto\" data-track-links=\"\">Al\u00e9m de Mar\u00edlia Mendon\u00e7a, morreram<strong> Geraldo Medeiros<\/strong> (piloto), <strong>Tarciso Viana<\/strong> (copiloto), <strong>Henrique Ribeiro <\/strong>(produtor) e <strong>Abicieli Silveira Dias Filho <\/strong>(tio e assessor da artista). A cantora partiu aos 26 anos, no auge da carreira, deixando o pequeno filho Leo.<\/p>\n<p data-track-category=\"Link no Texto\" data-track-links=\"\">\n<\/div>\n<\/div>\n<div id=\"chunk-fmgm2\">\n<div class=\"mc-column content-text active-extra-styles \" data-block-type=\"unstyled\" data-block-weight=\"29\" data-block-id=\"21\">\n<p class=\"content-text__container \" data-track-category=\"Link no Texto\" data-track-links=\"\">Os cinco ocupantes da aeronave foram v\u00edtimas de politraumatismo contuso, de acordo com o m\u00e9dico-legista Thales Bittencourt de Barcelos. As mortes aconteceram depois que todos j\u00e1 estavam no ch\u00e3o.<\/p>\n<p data-track-category=\"Link no Texto\" data-track-links=\"\">\n<\/div>\n<\/div>\n<div id=\"chunk-555mv\">\n<div class=\"row medium-uncollapsed content-media content-photo\" data-block-type=\"backstage-photo\" data-block-id=\"22\">\n<div class=\" mc-column  content-media__container\">\n<div class=\"content-media-container glb-skeleton-box\">\n<figure class=\"content-media-figure\">\n<p><figure style=\"width: 647px\" class=\"wp-caption aligncenter\"><img loading=\"lazy\" decoding=\"async\" class=\"i-amphtml-fill-content i-amphtml-replaced-content\" src=\"https:\/\/s2-g1.glbimg.com\/UzCqkeNL27d252n-2mrqELTgnIU=\/0x0:1600x1200\/984x0\/smart\/filters:strip_icc()\/i.s3.glbimg.com\/v1\/AUTH_59edd422c0c84a879bd37670ae4f538a\/internal_photos\/bs\/2021\/u\/W\/RzQvBlQ1elqlaHTlzEQA\/queda-aviao.jpeg\" sizes=\"auto, (max-width: 1366px) 648px, 100vw\" srcset=\"https:\/\/s2-g1.glbimg.com\/2V_okjXRFBnCl_2mHqG0vjk916I=\/0x0:1600x1200\/1000x0\/smart\/filters:strip_icc()\/i.s3.glbimg.com\/v1\/AUTH_59edd422c0c84a879bd37670ae4f538a\/internal_photos\/bs\/2021\/u\/W\/RzQvBlQ1elqlaHTlzEQA\/queda-aviao.jpeg 1000w, https:\/\/s2-g1.glbimg.com\/UzCqkeNL27d252n-2mrqELTgnIU=\/0x0:1600x1200\/984x0\/smart\/filters:strip_icc()\/i.s3.glbimg.com\/v1\/AUTH_59edd422c0c84a879bd37670ae4f538a\/internal_photos\/bs\/2021\/u\/W\/RzQvBlQ1elqlaHTlzEQA\/queda-aviao.jpeg 984w, https:\/\/s2-g1.glbimg.com\/iQlyXtkp3s8Qf-tFMKp8CPE6vzw=\/0x0:1600x1200\/640x0\/smart\/filters:strip_icc()\/i.s3.glbimg.com\/v1\/AUTH_59edd422c0c84a879bd37670ae4f538a\/internal_photos\/bs\/2021\/u\/W\/RzQvBlQ1elqlaHTlzEQA\/queda-aviao.jpeg 640w, https:\/\/s2-g1.glbimg.com\/Nsw3fihnB-0lbS-LTZxG32d94R4=\/0x0:1600x1200\/600x0\/smart\/filters:strip_icc()\/i.s3.glbimg.com\/v1\/AUTH_59edd422c0c84a879bd37670ae4f538a\/internal_photos\/bs\/2021\/u\/W\/RzQvBlQ1elqlaHTlzEQA\/queda-aviao.jpeg 600w\" alt=\"Avi\u00e3o de pequeno porte caiu em uma cachoeira na zona rural de Piedade de Caratinga \u2014 Foto: Redes Sociais\" width=\"647\" height=\"485\" \/><figcaption class=\"wp-caption-text\">Avi\u00e3o de pequeno porte caiu em uma cachoeira na zona rural de Piedade de Caratinga \u2014 Foto: Redes Sociais<\/figcaption><\/figure><\/figure>\n<\/div>\n<p class=\"content-media__description  \">\n<p class=\"content-publication-data__from\" title=\"Caroline Cintra Vieira e Jos\u00e9 Vianna, g1 DF e TV Globo\">Por Caroline Cintra Vieira e Jos\u00e9 Vianna, g1 DF e TV Globo<\/p>\n<\/div>\n<\/div>\n<\/div>\n<\/div>\n<\/div>\n","protected":false},"excerpt":{"rendered":"<p>O acidente com o avi\u00e3o de Mar\u00edlia Mendon\u00e7a, que provocou a morte da cantora e de mais quatro pessoas, n\u00e3o foi causado por erro do piloto e nem por falha da aeronave, informou o advogado da fam\u00edlia da artista, Robson Cunha. O relat\u00f3rio do Centro de Investiga\u00e7\u00e3o e Preven\u00e7\u00e3o de Acidentes Aeron\u00e1uticos (Cenipa) foi apresentado [&hellip;]<\/p>\n","protected":false},"author":5,"featured_media":191993,"comment_status":"closed","ping_status":"closed","sticky":false,"template":"","format":"standard","meta":{"footnotes":""},"categories":[38],"tags":[],"class_list":["post-239871","post","type-post","status-publish","format-standard","has-post-thumbnail","hentry","category-policia"],"_links":{"self":[{"href":"https:\/\/www.ocorreionews.com.br\/acervo-correio\/index.php?rest_route=\/wp\/v2\/posts\/239871","targetHints":{"allow":["GET"]}}],"collection":[{"href":"https:\/\/www.ocorreionews.com.br\/acervo-correio\/index.php?rest_route=\/wp\/v2\/posts"}],"about":[{"href":"https:\/\/www.ocorreionews.com.br\/acervo-correio\/index.php?rest_route=\/wp\/v2\/types\/post"}],"author":[{"embeddable":true,"href":"https:\/\/www.ocorreionews.com.br\/acervo-correio\/index.php?rest_route=\/wp\/v2\/users\/5"}],"replies":[{"embeddable":true,"href":"https:\/\/www.ocorreionews.com.br\/acervo-correio\/index.php?rest_route=%2Fwp%2Fv2%2Fcomments&post=239871"}],"version-history":[{"count":1,"href":"https:\/\/www.ocorreionews.com.br\/acervo-correio\/index.php?rest_route=\/wp\/v2\/posts\/239871\/revisions"}],"predecessor-version":[{"id":239872,"href":"https:\/\/www.ocorreionews.com.br\/acervo-correio\/index.php?rest_route=\/wp\/v2\/posts\/239871\/revisions\/239872"}],"wp:featuredmedia":[{"embeddable":true,"href":"https:\/\/www.ocorreionews.com.br\/acervo-correio\/index.php?rest_route=\/wp\/v2\/media\/191993"}],"wp:attachment":[{"href":"https:\/\/www.ocorreionews.com.br\/acervo-correio\/index.php?rest_route=%2Fwp%2Fv2%2Fmedia&parent=239871"}],"wp:term":[{"taxonomy":"category","embeddable":true,"href":"https:\/\/www.ocorreionews.com.br\/acervo-correio\/index.php?rest_route=%2Fwp%2Fv2%2Fcategories&post=239871"},{"taxonomy":"post_tag","embeddable":true,"href":"https:\/\/www.ocorreionews.com.br\/acervo-correio\/index.php?rest_route=%2Fwp%2Fv2%2Ftags&post=239871"}],"curies":[{"name":"wp","href":"https:\/\/api.w.org\/{rel}","templated":true}]}}