{"id":23989,"date":"2016-03-31T13:21:40","date_gmt":"2016-03-31T17:21:40","guid":{"rendered":"https:\/\/ocorreionews.com.br\/?p=23989"},"modified":"2016-03-31T13:21:40","modified_gmt":"2016-03-31T17:21:40","slug":"prazo-para-entrega-da-declaracao-anual-do-produtor-aumenta-em-ms","status":"publish","type":"post","link":"https:\/\/www.ocorreionews.com.br\/acervo-correio\/?p=23989","title":{"rendered":"Prazo para entrega da Declara\u00e7\u00e3o Anual do Produtor aumenta em MS"},"content":{"rendered":"<p>O prazo de entrega da Declara\u00e7\u00e3o Anual do Produtor (DAP) que terminaria nesta quinta-feira (31) foi prorrogado em dois meses em Mato Grosso do Sul, passando para 31 de maio. A resolu\u00e7\u00e3o da secretaria estadual de Fazendo com a determina\u00e7\u00e3o foi publicada nesta quarta-feira (30), no Di\u00e1rio Oficial do estado.<\/p>\n<div class=\"saibamais componente_materia\">A Federa\u00e7\u00e3o da Agricultura e Pecu\u00e1ria de Mato Grosso do Sul\u00a0 (Sistema Famasul) alerta aos produtores para que fiquem atentos ao novo prazo, a fim de evitar multas e impedimentos administrativos. Caso o produtor rural n\u00e3o entregue a DAP em tempo h\u00e1bil, o atraso implicar\u00e1 em multa e a n\u00e3o emiss\u00e3o da Certid\u00e3o Negativa Tribut\u00e1ria.<\/div>\n<p>Al\u00e9m disso, o produtor rural poder\u00e1 ter sua inscri\u00e7\u00e3o estadual cancelada se deixar de apresentar a DAP, relativa ao ano anterior, na forma e no prazo determinados pela Secretaria da Fazenda.<\/p>\n<p>O programa para preenchimento e entrega da DAP est\u00e1 dispon\u00edvel no site da Sefaz. <a href=\"http:\/\/www.sefaz.ms.gov.br\/dap-2016\/\">Clique aqui para baixar.<\/a><\/p>\n<p>&nbsp;<\/p>\n<p>&nbsp;<\/p>\n<p>&nbsp;<\/p>\n<p>G1 MS<\/p>\n","protected":false},"excerpt":{"rendered":"<p>O prazo de entrega da Declara\u00e7\u00e3o Anual do Produtor (DAP) que terminaria nesta quinta-feira (31) foi prorrogado em dois meses em Mato Grosso do Sul, passando para 31 de maio. A resolu\u00e7\u00e3o da secretaria estadual de Fazendo com a determina\u00e7\u00e3o foi publicada nesta quarta-feira (30), no Di\u00e1rio Oficial do estado. A Federa\u00e7\u00e3o da Agricultura e [&hellip;]<\/p>\n","protected":false},"author":4,"featured_media":23990,"comment_status":"closed","ping_status":"closed","sticky":false,"template":"","format":"standard","meta":{"footnotes":""},"categories":[17],"tags":[],"class_list":["post-23989","post","type-post","status-publish","format-standard","has-post-thumbnail","hentry","category-agropecuaria"],"_links":{"self":[{"href":"https:\/\/www.ocorreionews.com.br\/acervo-correio\/index.php?rest_route=\/wp\/v2\/posts\/23989","targetHints":{"allow":["GET"]}}],"collection":[{"href":"https:\/\/www.ocorreionews.com.br\/acervo-correio\/index.php?rest_route=\/wp\/v2\/posts"}],"about":[{"href":"https:\/\/www.ocorreionews.com.br\/acervo-correio\/index.php?rest_route=\/wp\/v2\/types\/post"}],"author":[{"embeddable":true,"href":"https:\/\/www.ocorreionews.com.br\/acervo-correio\/index.php?rest_route=\/wp\/v2\/users\/4"}],"replies":[{"embeddable":true,"href":"https:\/\/www.ocorreionews.com.br\/acervo-correio\/index.php?rest_route=%2Fwp%2Fv2%2Fcomments&post=23989"}],"version-history":[{"count":0,"href":"https:\/\/www.ocorreionews.com.br\/acervo-correio\/index.php?rest_route=\/wp\/v2\/posts\/23989\/revisions"}],"wp:featuredmedia":[{"embeddable":true,"href":"https:\/\/www.ocorreionews.com.br\/acervo-correio\/index.php?rest_route=\/wp\/v2\/media\/23990"}],"wp:attachment":[{"href":"https:\/\/www.ocorreionews.com.br\/acervo-correio\/index.php?rest_route=%2Fwp%2Fv2%2Fmedia&parent=23989"}],"wp:term":[{"taxonomy":"category","embeddable":true,"href":"https:\/\/www.ocorreionews.com.br\/acervo-correio\/index.php?rest_route=%2Fwp%2Fv2%2Fcategories&post=23989"},{"taxonomy":"post_tag","embeddable":true,"href":"https:\/\/www.ocorreionews.com.br\/acervo-correio\/index.php?rest_route=%2Fwp%2Fv2%2Ftags&post=23989"}],"curies":[{"name":"wp","href":"https:\/\/api.w.org\/{rel}","templated":true}]}}