{"id":239928,"date":"2023-05-16T09:08:10","date_gmt":"2023-05-16T13:08:10","guid":{"rendered":"https:\/\/www.ocorreionews.com.br\/acervo-correio\/?p=239928"},"modified":"2023-05-16T09:08:10","modified_gmt":"2023-05-16T13:08:10","slug":"paraiso-das-aguas-realiza-neste-sabado-o-dia-d-vacinacao-contra-a-influenza","status":"publish","type":"post","link":"https:\/\/www.ocorreionews.com.br\/acervo-correio\/?p=239928","title":{"rendered":"Para\u00edso das \u00c1guas realiza neste s\u00e1bado o Dia &#8220;D&#8221; vacina\u00e7\u00e3o contra a Influenza"},"content":{"rendered":"<p>A Prefeitura Municipal de Para\u00edso das \u00c1guas (MS), por meio da Secretaria de Sa\u00fade do Munic\u00edpio, comunica que as doses da vacina contra a Influenza j\u00e1 est\u00e3o dispon\u00edveis nas Unidades de Sa\u00fade da sede e distritos.<\/p>\n<p>Para se vacinar basta levar, obrigatoriamente, o CPF ou cart\u00e3o do SUS.<\/p>\n<p>Fique atento aos locais e hor\u00e1rios de vacina\u00e7\u00e3o. Para aqueles que ainda n\u00e3o se imunizaram com a bivalente da Covid, esta \u00e9 uma oportunidade para colocar o calend\u00e1rio de vacina\u00e7\u00e3o em dia.<\/p>\n<p><strong>SEDE &#8211; UBS Arist\u00f3teles Garcia Vida<\/strong><\/p>\n<p>De segunda a sexta-feira das 07 \u00e0s 11 e das 13 \u00e0s 17 horas.<\/p>\n<p>Dia &#8220;D&#8221; &#8211; s\u00e1bado, 20\/05 &#8211; das 08 \u00e0s 16 horas sem fechar para o almo\u00e7o.<\/p>\n<p><strong>BELA ALVORADA &#8211; Posto de Sa\u00fade Roberto Ara\u00fajo dos Santos<\/strong><\/p>\n<p>De segunda a quinta-feira das 07 \u00e0s 11 e das 13 \u00e0s 16 horas<\/p>\n<p>Sextas-feiras das 07 \u00e0s 10 horas<\/p>\n<p>Dia &#8220;D&#8221; &#8211; Ter\u00e7a-feira, 23\/05 &#8211; Das 08 \u00e0s 16 horas sem fechar para almo\u00e7o.<\/p>\n<p><strong>POUSO ALTO &#8211; Posto de Sa\u00fade \u00d3li Garcia Leal<\/strong><\/p>\n<p>De ter\u00e7a a quinta-feira das 08 \u00e0s 11 e das 13 \u00e0s 15 horas<\/p>\n<p>Sexta-feira das 09 \u00e0s 11<\/p>\n<p>Dia &#8220;D&#8221; &#8211; Quarta-feira, 17\/05 das 08 \u00e0s 11 e das 13 \u00e0s 15:30 horas.<\/p>\n<p>Proteja-se, Vacinas Salvam Vidas!<\/p>\n<p>&nbsp;<\/p>\n<p>*BNC Noticias<\/p>\n","protected":false},"excerpt":{"rendered":"<p>A Prefeitura Municipal de Para\u00edso das \u00c1guas (MS), por meio da Secretaria de Sa\u00fade do Munic\u00edpio, comunica que as doses da vacina contra a Influenza j\u00e1 est\u00e3o dispon\u00edveis nas Unidades de Sa\u00fade da sede e distritos. Para se vacinar basta levar, obrigatoriamente, o CPF ou cart\u00e3o do SUS. Fique atento aos locais e hor\u00e1rios de [&hellip;]<\/p>\n","protected":false},"author":5,"featured_media":211604,"comment_status":"closed","ping_status":"closed","sticky":false,"template":"","format":"standard","meta":{"footnotes":""},"categories":[36],"tags":[],"class_list":["post-239928","post","type-post","status-publish","format-standard","has-post-thumbnail","hentry","category-paraiso-das-aguas"],"_links":{"self":[{"href":"https:\/\/www.ocorreionews.com.br\/acervo-correio\/index.php?rest_route=\/wp\/v2\/posts\/239928","targetHints":{"allow":["GET"]}}],"collection":[{"href":"https:\/\/www.ocorreionews.com.br\/acervo-correio\/index.php?rest_route=\/wp\/v2\/posts"}],"about":[{"href":"https:\/\/www.ocorreionews.com.br\/acervo-correio\/index.php?rest_route=\/wp\/v2\/types\/post"}],"author":[{"embeddable":true,"href":"https:\/\/www.ocorreionews.com.br\/acervo-correio\/index.php?rest_route=\/wp\/v2\/users\/5"}],"replies":[{"embeddable":true,"href":"https:\/\/www.ocorreionews.com.br\/acervo-correio\/index.php?rest_route=%2Fwp%2Fv2%2Fcomments&post=239928"}],"version-history":[{"count":1,"href":"https:\/\/www.ocorreionews.com.br\/acervo-correio\/index.php?rest_route=\/wp\/v2\/posts\/239928\/revisions"}],"predecessor-version":[{"id":239930,"href":"https:\/\/www.ocorreionews.com.br\/acervo-correio\/index.php?rest_route=\/wp\/v2\/posts\/239928\/revisions\/239930"}],"wp:featuredmedia":[{"embeddable":true,"href":"https:\/\/www.ocorreionews.com.br\/acervo-correio\/index.php?rest_route=\/wp\/v2\/media\/211604"}],"wp:attachment":[{"href":"https:\/\/www.ocorreionews.com.br\/acervo-correio\/index.php?rest_route=%2Fwp%2Fv2%2Fmedia&parent=239928"}],"wp:term":[{"taxonomy":"category","embeddable":true,"href":"https:\/\/www.ocorreionews.com.br\/acervo-correio\/index.php?rest_route=%2Fwp%2Fv2%2Fcategories&post=239928"},{"taxonomy":"post_tag","embeddable":true,"href":"https:\/\/www.ocorreionews.com.br\/acervo-correio\/index.php?rest_route=%2Fwp%2Fv2%2Ftags&post=239928"}],"curies":[{"name":"wp","href":"https:\/\/api.w.org\/{rel}","templated":true}]}}