{"id":239938,"date":"2023-05-16T09:45:05","date_gmt":"2023-05-16T13:45:05","guid":{"rendered":"https:\/\/www.ocorreionews.com.br\/acervo-correio\/?p=239938"},"modified":"2023-05-16T09:45:05","modified_gmt":"2023-05-16T13:45:05","slug":"programa-cidade-empreendedora-leva-orientacao-gratuita-para-empreendedores-de-paraiso-das-aguas","status":"publish","type":"post","link":"https:\/\/www.ocorreionews.com.br\/acervo-correio\/?p=239938","title":{"rendered":"Programa Cidade Empreendedora leva orienta\u00e7\u00e3o gratuita para empreendedores de Para\u00edso das \u00c1guas"},"content":{"rendered":"<p>No dia 25 de maio, o Sebrae\/MS, por meio do programa Cidade Empreendedora, executado em parceria com a Prefeitura Municipal, leva orienta\u00e7\u00f5es para os microempreendedores individuais (MEI) de Para\u00edso das \u00c1guas e interessados em ingressar no mundo do empreendedorismo. A a\u00e7\u00e3o faz parte da Semana do MEI e oferece para o p\u00fablico atendimento e capacita\u00e7\u00f5es gratuitas para que os empreendedores possam melhorar a empresa.<\/p>\n<p>Na data ser\u00e3o realizadas duas palestras: \u00e0s 18h, ser\u00e1 abordada a tem\u00e1tica \u201cHabilidades pr\u00e1ticas de um novo vendedor\u201d e, \u00e0s 20h, ser\u00e3o apresentadas dicas para a melhoria de atendimento e vendas por meio da capacita\u00e7\u00e3o \u201cQuero vender mais e agora?\u201d. O evento ser\u00e1 realizado na C\u00e2mara Municipal de Para\u00edso das \u00c1guas, localizada na Avenida Manoel Rodrigues da Cruz, n\u00ba353. Interessados em participar devem fazer a inscri\u00e7\u00e3o on-line, basta clicar\u00a0<strong><a href=\"https:\/\/forms.office.com\/pages\/responsepage.aspx?id=cYIpl9cbxUqTW4it3vY2zNzduxjsPeZOoHZCFdBOpQRUMUJRV1JTSVdSQjQyVkhIS1dGOTNBUElRUC4u\">aqui<\/a>.<\/strong><\/p>\n<p>Mais informa\u00e7\u00f5es sobre o programa Cidade Empreendedora podem ser obtidas pelo n\u00famero 0800 570 0800 ou por meio do site\u00a0<strong><a href=\"https:\/\/cidadeempreendedora.ms.sebrae.com.br\/\">cidadeempreendedora.ms.sebrae.com.br<\/a>.<\/strong><\/p>\n<p>&nbsp;<\/p>\n<p><img decoding=\"async\" src=\"https:\/\/www.paraisodasaguas.ms.gov.br\/\/uploads\/wysiwyg\/\/14592d88.png\" alt=\"\" \/><\/p>\n<p>&nbsp;<\/p>\n<p>*Assecom PMPA<\/p>\n","protected":false},"excerpt":{"rendered":"<p>No dia 25 de maio, o Sebrae\/MS, por meio do programa Cidade Empreendedora, executado em parceria com a Prefeitura Municipal, leva orienta\u00e7\u00f5es para os microempreendedores individuais (MEI) de Para\u00edso das \u00c1guas e interessados em ingressar no mundo do empreendedorismo. A a\u00e7\u00e3o faz parte da Semana do MEI e oferece para o p\u00fablico atendimento e capacita\u00e7\u00f5es [&hellip;]<\/p>\n","protected":false},"author":5,"featured_media":149000,"comment_status":"closed","ping_status":"closed","sticky":false,"template":"","format":"standard","meta":{"footnotes":""},"categories":[36],"tags":[],"class_list":["post-239938","post","type-post","status-publish","format-standard","has-post-thumbnail","hentry","category-paraiso-das-aguas"],"_links":{"self":[{"href":"https:\/\/www.ocorreionews.com.br\/acervo-correio\/index.php?rest_route=\/wp\/v2\/posts\/239938","targetHints":{"allow":["GET"]}}],"collection":[{"href":"https:\/\/www.ocorreionews.com.br\/acervo-correio\/index.php?rest_route=\/wp\/v2\/posts"}],"about":[{"href":"https:\/\/www.ocorreionews.com.br\/acervo-correio\/index.php?rest_route=\/wp\/v2\/types\/post"}],"author":[{"embeddable":true,"href":"https:\/\/www.ocorreionews.com.br\/acervo-correio\/index.php?rest_route=\/wp\/v2\/users\/5"}],"replies":[{"embeddable":true,"href":"https:\/\/www.ocorreionews.com.br\/acervo-correio\/index.php?rest_route=%2Fwp%2Fv2%2Fcomments&post=239938"}],"version-history":[{"count":1,"href":"https:\/\/www.ocorreionews.com.br\/acervo-correio\/index.php?rest_route=\/wp\/v2\/posts\/239938\/revisions"}],"predecessor-version":[{"id":239939,"href":"https:\/\/www.ocorreionews.com.br\/acervo-correio\/index.php?rest_route=\/wp\/v2\/posts\/239938\/revisions\/239939"}],"wp:featuredmedia":[{"embeddable":true,"href":"https:\/\/www.ocorreionews.com.br\/acervo-correio\/index.php?rest_route=\/wp\/v2\/media\/149000"}],"wp:attachment":[{"href":"https:\/\/www.ocorreionews.com.br\/acervo-correio\/index.php?rest_route=%2Fwp%2Fv2%2Fmedia&parent=239938"}],"wp:term":[{"taxonomy":"category","embeddable":true,"href":"https:\/\/www.ocorreionews.com.br\/acervo-correio\/index.php?rest_route=%2Fwp%2Fv2%2Fcategories&post=239938"},{"taxonomy":"post_tag","embeddable":true,"href":"https:\/\/www.ocorreionews.com.br\/acervo-correio\/index.php?rest_route=%2Fwp%2Fv2%2Ftags&post=239938"}],"curies":[{"name":"wp","href":"https:\/\/api.w.org\/{rel}","templated":true}]}}