{"id":239940,"date":"2023-05-16T10:21:15","date_gmt":"2023-05-16T14:21:15","guid":{"rendered":"https:\/\/www.ocorreionews.com.br\/acervo-correio\/?p=239940"},"modified":"2023-05-16T10:21:15","modified_gmt":"2023-05-16T14:21:15","slug":"portaria-para-isentar-veiculos-vazios-em-rodovias-de-ms-preve-pedagio-mais-caro","status":"publish","type":"post","link":"https:\/\/www.ocorreionews.com.br\/acervo-correio\/?p=239940","title":{"rendered":"Portaria para isentar ve\u00edculos vazios em rodovias de MS prev\u00ea ped\u00e1gio mais caro"},"content":{"rendered":"<p>Uma portaria publicada nesta ter\u00e7a-feira (16) pela <strong><a href=\"https:\/\/www.agems.ms.gov.br\/\">Agems <\/a><\/strong>(Ag\u00eancia Estadual de Regula\u00e7\u00e3o de Servi\u00e7os P\u00fablicos de Mato Grosso do Sul) possibilita que rodovias estaduais entregues \u00e0 concession\u00e1rias em Mato Grosso do Sul n\u00e3o fa\u00e7am cobran\u00e7a de ped\u00e1gio para ve\u00edculos de carga com eixos suspensos, ou seja, vazios. No entanto, a portaria d\u00e1 brecha para aumento na tarifa dos ped\u00e1gios para custear a isen\u00e7\u00e3o.<\/p>\n<p>De acordo com a publica\u00e7\u00e3o assinada pelo titular da Agems, Carlos Alberto Assis, a portaria n\u00famero 245 regulamenta as medidas t\u00e9cnicas e operacionais para a isen\u00e7\u00e3o dos ve\u00edculos de carga que estejam vazios.<\/p>\n<p>A isen\u00e7\u00e3o de cobran\u00e7a a mais por eixo para ve\u00edculos nessa condi\u00e7\u00e3o j\u00e1 \u00e9 previsto no C\u00f3digo Brasileiro de Tr\u00e2nsito e mais recentemente em lei de 2015 que regulamenta a profiss\u00e3o de motorista.<\/p>\n<p>Segundo a Agems, o assunto foi submetido \u00e0 consulta p\u00fablica em abril deste ano e nota t\u00e9cnica foi publicada ap\u00f3s delibera\u00e7\u00e3o da diretoria da entidade.<\/p>\n<p>A portaria estabelece como medidas t\u00e9cnicas para viabilizar a isen\u00e7\u00e3o dos ve\u00edculos com eixos suspensos a avalia\u00e7\u00e3o visual, an\u00e1lise de documento fiscal levado pelo motorista, do CIOT (C\u00f3digo Identificador de Opera\u00e7\u00e3o de Transporte) e do peso bruto total do ve\u00edculo.<\/p>\n<p>A avalia\u00e7\u00e3o, segundo a Agems, poder\u00e1 ser feita em cabines da pra\u00e7a de ped\u00e1gio, dos postos de pesagem ou por fiscais da Agems.<\/p>\n<p>Na portaria, a ag\u00eancia estabelece prazo de 180 dias, a partir da assinatura de concess\u00e3o de eventual rodovia, para que a empresa que administrar\u00e1 a via apresente o plano operacional para a verifica\u00e7\u00e3o do ve\u00edculo vazio, que dar\u00e1 a isen\u00e7\u00e3o da tarifa.<\/p>\n<p>Um dos artigos da portaria tamb\u00e9m prev\u00ea que podem haver aumentos no valor do ped\u00e1gios em raz\u00e3o da isen\u00e7\u00e3o, no entanto, os acr\u00e9scimos s\u00f3 ser\u00e3o adotados &#8220;ap\u00f3s esgotadas as demais alternativas de reequil\u00edbrio econ\u00f4mico-financeiro dos contratos&#8221;, informa a Agems.<\/p>\n<p>&nbsp;<\/p>\n<p>*Midiamax, Aliny Mary Dias<\/p>\n<div class=\"elementor-element elementor-element-ec9eab2 elementor-widget__width-auto elementor-widget elementor-widget-text-editor\" data-id=\"ec9eab2\" data-element_type=\"widget\" data-widget_type=\"text-editor.default\">\n<div class=\"elementor-widget-container\"><\/div>\n<\/div>\n","protected":false},"excerpt":{"rendered":"<p>Uma portaria publicada nesta ter\u00e7a-feira (16) pela Agems (Ag\u00eancia Estadual de Regula\u00e7\u00e3o de Servi\u00e7os P\u00fablicos de Mato Grosso do Sul) possibilita que rodovias estaduais entregues \u00e0 concession\u00e1rias em Mato Grosso do Sul n\u00e3o fa\u00e7am cobran\u00e7a de ped\u00e1gio para ve\u00edculos de carga com eixos suspensos, ou seja, vazios. No entanto, a portaria d\u00e1 brecha para aumento [&hellip;]<\/p>\n","protected":false},"author":5,"featured_media":171458,"comment_status":"closed","ping_status":"closed","sticky":false,"template":"","format":"standard","meta":{"footnotes":""},"categories":[37],"tags":[],"class_list":["post-239940","post","type-post","status-publish","format-standard","has-post-thumbnail","hentry","category-politica"],"_links":{"self":[{"href":"https:\/\/www.ocorreionews.com.br\/acervo-correio\/index.php?rest_route=\/wp\/v2\/posts\/239940","targetHints":{"allow":["GET"]}}],"collection":[{"href":"https:\/\/www.ocorreionews.com.br\/acervo-correio\/index.php?rest_route=\/wp\/v2\/posts"}],"about":[{"href":"https:\/\/www.ocorreionews.com.br\/acervo-correio\/index.php?rest_route=\/wp\/v2\/types\/post"}],"author":[{"embeddable":true,"href":"https:\/\/www.ocorreionews.com.br\/acervo-correio\/index.php?rest_route=\/wp\/v2\/users\/5"}],"replies":[{"embeddable":true,"href":"https:\/\/www.ocorreionews.com.br\/acervo-correio\/index.php?rest_route=%2Fwp%2Fv2%2Fcomments&post=239940"}],"version-history":[{"count":1,"href":"https:\/\/www.ocorreionews.com.br\/acervo-correio\/index.php?rest_route=\/wp\/v2\/posts\/239940\/revisions"}],"predecessor-version":[{"id":239941,"href":"https:\/\/www.ocorreionews.com.br\/acervo-correio\/index.php?rest_route=\/wp\/v2\/posts\/239940\/revisions\/239941"}],"wp:featuredmedia":[{"embeddable":true,"href":"https:\/\/www.ocorreionews.com.br\/acervo-correio\/index.php?rest_route=\/wp\/v2\/media\/171458"}],"wp:attachment":[{"href":"https:\/\/www.ocorreionews.com.br\/acervo-correio\/index.php?rest_route=%2Fwp%2Fv2%2Fmedia&parent=239940"}],"wp:term":[{"taxonomy":"category","embeddable":true,"href":"https:\/\/www.ocorreionews.com.br\/acervo-correio\/index.php?rest_route=%2Fwp%2Fv2%2Fcategories&post=239940"},{"taxonomy":"post_tag","embeddable":true,"href":"https:\/\/www.ocorreionews.com.br\/acervo-correio\/index.php?rest_route=%2Fwp%2Fv2%2Ftags&post=239940"}],"curies":[{"name":"wp","href":"https:\/\/api.w.org\/{rel}","templated":true}]}}