{"id":239949,"date":"2023-05-16T12:51:08","date_gmt":"2023-05-16T16:51:08","guid":{"rendered":"https:\/\/www.ocorreionews.com.br\/acervo-correio\/?p=239949"},"modified":"2023-05-16T12:51:08","modified_gmt":"2023-05-16T16:51:08","slug":"alcinopolis-projeto-de-lei-proibi-uso-de-fogos-de-estampido-e-artigos-explosivos","status":"publish","type":"post","link":"https:\/\/www.ocorreionews.com.br\/acervo-correio\/?p=239949","title":{"rendered":"Alcin\u00f3polis: Projeto de Lei proibi uso de \u201cfogos de estampido\u201d e \u201cartigos explosivos\u201d."},"content":{"rendered":"<p class=\"x_MsoNormal\">Na \u00faltima segunda, 15 de maio, os vereadores reuniram-se para a realiza\u00e7\u00e3o de mais uma Sess\u00e3o Ordin\u00e1ria no Plen\u00e1rio Adolfo Alves Carneiro, com o destaque para a vota\u00e7\u00e3o do Projeto de Lei Complementar n\u00ba 005\/23, que disp\u00f5e sobre a amplia\u00e7\u00e3o do n\u00famero de vagas para o cargo em provimento efetivo de Farmac\u00eautico-Bioqu\u00edmico, constante da Tabela I, do Anexo I, da Lei Complementar Municipal n\u00ba 88\/23, aprovado por unanimidade dos votos dos vereadores presentes.<\/p>\n<p class=\"x_MsoNormal\">Outro destaque desta Sess\u00e3o foi a apresenta\u00e7\u00e3o do Projeto de Lei n\u00ba 002\/23, de autoria da vereadora Rosangela Campos (PL), que pro\u00edbe a queima, soltura e manuseio de fogos de artif\u00edcio e artefatos pirot\u00e9cnicos de alto impacto sonoro, tecnicamente classificados como \u201cfogos de estampido\u201d e \u201cartigos explosivos\u201d.<\/p>\n<p class=\"x_MsoNormal\">Foram apresentadas as seguintes indica\u00e7\u00f5es: de autoria da vereadora Onilza Matias (PL) a de n\u00ba 41\/23 sugerindo a cria\u00e7\u00e3o de bustos das ex-vereadoras F\u00e1tima Cris\u00f3stomo da Silva e Sirlei Aparecida Rulli Teodoro; e a 42\/23 solicitando a substitui\u00e7\u00e3o de l\u00e2mpadas queimadas nas ruas Armando Fernandes de Souza e Avenida Lino Domingos de Oliveira, no bairro Jardim P\u00f4r do Sol; de autoria da vereadora Paula do Edivaldinho (PP), a de n\u00ba 49\/23, sugerindo a constru\u00e7\u00e3o de uma sala de Integra\u00e7\u00e3o Sensorial maior e equipada na APAE.<\/p>\n<p class=\"x_MsoNormal\">J\u00e1 de autoria da vereadora Rosangela Campos (PL), foram apresentadas as indica\u00e7\u00f5es de n\u00b0 40\/23, solicitando a constru\u00e7\u00e3o de escadas entre os degraus da arquibancada do Est\u00e1dio Municipal Joaquim Pereira Fran\u00e7a; a de n\u00ba 44\/23, sugerindo a cria\u00e7\u00e3o do busto em homenagem ao sr. Deodato Pio Elias para o p\u00e1tio da Veladoria Municipal; a de n\u00ba 46\/23, solicitando a cobertura do Campo Sint\u00e9tico de Futebol Society; e a de n\u00ba 47\/23, sugerindo a constru\u00e7\u00e3o de academia ao ar livre na Vila Novo Belo Horizonte.<\/p>\n<p class=\"x_MsoNormal\">Al\u00e9m das indica\u00e7\u00f5es, o Legislativo Municipal apresentou o demonstrativo da Presta\u00e7\u00e3o de Contas da C\u00e2mara, referente ao m\u00eas de abril deste ano.<\/p>\n<p class=\"x_MsoNormal\">ser\u00e1 transmitida pelas m\u00eddias sociais oficiais do Poder Legislativo Municipal, atrav\u00e9s de Live, e pela R\u00e1dio Educativa FM.&#8211;<\/p>\n<p class=\"x_MsoNormal\"><i>C\u00e2mara Municipal de Alcin\u00f3polis \u2013 MS<\/i><\/p>\n<p class=\"x_MsoNormal\"><i>Assessoria de Comunica\u00e7\u00e3o \u2013 ASCOM<\/i><\/p>\n<p class=\"x_MsoNormal\"><i>Jornalista Bruna Souza<\/i><\/p>\n<div><\/div>\n","protected":false},"excerpt":{"rendered":"<p>Na \u00faltima segunda, 15 de maio, os vereadores reuniram-se para a realiza\u00e7\u00e3o de mais uma Sess\u00e3o Ordin\u00e1ria no Plen\u00e1rio Adolfo Alves Carneiro, com o destaque para a vota\u00e7\u00e3o do Projeto de Lei Complementar n\u00ba 005\/23, que disp\u00f5e sobre a amplia\u00e7\u00e3o do n\u00famero de vagas para o cargo em provimento efetivo de Farmac\u00eautico-Bioqu\u00edmico, constante da Tabela [&hellip;]<\/p>\n","protected":false},"author":4,"featured_media":239952,"comment_status":"closed","ping_status":"closed","sticky":false,"template":"","format":"standard","meta":{"footnotes":""},"categories":[18,20],"tags":[],"class_list":["post-239949","post","type-post","status-publish","format-standard","has-post-thumbnail","hentry","category-alcinopolis","category-camara-municipal"],"_links":{"self":[{"href":"https:\/\/www.ocorreionews.com.br\/acervo-correio\/index.php?rest_route=\/wp\/v2\/posts\/239949","targetHints":{"allow":["GET"]}}],"collection":[{"href":"https:\/\/www.ocorreionews.com.br\/acervo-correio\/index.php?rest_route=\/wp\/v2\/posts"}],"about":[{"href":"https:\/\/www.ocorreionews.com.br\/acervo-correio\/index.php?rest_route=\/wp\/v2\/types\/post"}],"author":[{"embeddable":true,"href":"https:\/\/www.ocorreionews.com.br\/acervo-correio\/index.php?rest_route=\/wp\/v2\/users\/4"}],"replies":[{"embeddable":true,"href":"https:\/\/www.ocorreionews.com.br\/acervo-correio\/index.php?rest_route=%2Fwp%2Fv2%2Fcomments&post=239949"}],"version-history":[{"count":1,"href":"https:\/\/www.ocorreionews.com.br\/acervo-correio\/index.php?rest_route=\/wp\/v2\/posts\/239949\/revisions"}],"predecessor-version":[{"id":239953,"href":"https:\/\/www.ocorreionews.com.br\/acervo-correio\/index.php?rest_route=\/wp\/v2\/posts\/239949\/revisions\/239953"}],"wp:featuredmedia":[{"embeddable":true,"href":"https:\/\/www.ocorreionews.com.br\/acervo-correio\/index.php?rest_route=\/wp\/v2\/media\/239952"}],"wp:attachment":[{"href":"https:\/\/www.ocorreionews.com.br\/acervo-correio\/index.php?rest_route=%2Fwp%2Fv2%2Fmedia&parent=239949"}],"wp:term":[{"taxonomy":"category","embeddable":true,"href":"https:\/\/www.ocorreionews.com.br\/acervo-correio\/index.php?rest_route=%2Fwp%2Fv2%2Fcategories&post=239949"},{"taxonomy":"post_tag","embeddable":true,"href":"https:\/\/www.ocorreionews.com.br\/acervo-correio\/index.php?rest_route=%2Fwp%2Fv2%2Ftags&post=239949"}],"curies":[{"name":"wp","href":"https:\/\/api.w.org\/{rel}","templated":true}]}}