{"id":23995,"date":"2016-03-31T15:02:40","date_gmt":"2016-03-31T19:02:40","guid":{"rendered":"https:\/\/ocorreionews.com.br\/?p=23995"},"modified":"2016-03-31T15:02:40","modified_gmt":"2016-03-31T19:02:40","slug":"homem-que-invadiu-a-igreja-com-cortes-pelo-corpo-e-sujo-de-sangue-nao-quis-permanecer-hospitalizado","status":"publish","type":"post","link":"https:\/\/www.ocorreionews.com.br\/acervo-correio\/?p=23995","title":{"rendered":"Homem que invadiu a Igreja com cortes pelo corpo e sujo de sangue n\u00e3o quis permanecer hospitalizado"},"content":{"rendered":"<div>O homem ferido que estava sujo de sangue e invadiu a Igreja Matriz de Santo Ant\u00f4nio em Costa Rica\/MS no \u00faltimo, 30 por volta das 20 horas recebeu atendimento do m\u00e9dico plantonista na Funda\u00e7\u00e3o Hospitalar, por\u00e9m se negou a continuar hospitalizado e foi embora, informou o hospital para o Hora da Not\u00edcia nesta quinta-feira (31).<\/div>\n<div><\/div>\n<div>De acordo com o hospital ele recebeu atendimento de emerg\u00eancia em uma les\u00e3o na cabe\u00e7a.<\/div>\n<div><\/div>\n<div>O homem de aproximadamente 40 anos segundo informa\u00e7\u00f5es apuradas \u00e9 conhecido como Luizinho. Ele caiu no meio do corredor da Igreja logo que entrou na par\u00f3quia, houve um pequeno tumulto e gritos uma vez que as pessoas se assustaram.<\/div>\n<div><\/div>\n<div>Ele apresentava um ferimento aparentemente profundo na cabe\u00e7a, outro na perna e no bra\u00e7o. Logo que caiu recebeu os primeiros socorros de uma enfermeira que estava no local, em seguida uma equipe do Corpo de Bombeiros chegou, realizou os procedimentos e levou a v\u00edtima para a Funda\u00e7\u00e3o Hospitalar.<\/div>\n<div><\/div>\n<div>De acordo com informa\u00e7\u00f5es o homem vive na rua, \u00e9 alco\u00f3latra e a fam\u00edlia j\u00e1 tentou todos os meios para recuper\u00e1-lo. Ainda de acordo com informa\u00e7\u00f5es apuradas no local, \u00a0o homem trabalhou e recebeu cerca de R$ 100,00. O valor foi gasto em cacha\u00e7a.<\/div>\n<div><\/div>\n<div>A igreja est\u00e1 localizada em frente \u00e0 Pra\u00e7a Central da cidade, o local se tornou ponto de encontro de pessoas alco\u00f3latras e usu\u00e1rios de drogas, esse n\u00e3o foi o primeiro registro de pessoas v\u00edtimas de esfaqueamento no local.<\/div>\n<div><\/div>\n<div><\/div>\n<div><\/div>\n<div><\/div>\n<div>Hora da Noticia<\/div>\n","protected":false},"excerpt":{"rendered":"<p>O homem ferido que estava sujo de sangue e invadiu a Igreja Matriz de Santo Ant\u00f4nio em Costa Rica\/MS no \u00faltimo, 30 por volta das 20 horas recebeu atendimento do m\u00e9dico plantonista na Funda\u00e7\u00e3o Hospitalar, por\u00e9m se negou a continuar hospitalizado e foi embora, informou o hospital para o Hora da Not\u00edcia nesta quinta-feira (31). [&hellip;]<\/p>\n","protected":false},"author":4,"featured_media":23996,"comment_status":"closed","ping_status":"closed","sticky":false,"template":"","format":"standard","meta":{"footnotes":""},"categories":[25,38],"tags":[],"class_list":["post-23995","post","type-post","status-publish","format-standard","has-post-thumbnail","hentry","category-costa-rica","category-policia"],"_links":{"self":[{"href":"https:\/\/www.ocorreionews.com.br\/acervo-correio\/index.php?rest_route=\/wp\/v2\/posts\/23995","targetHints":{"allow":["GET"]}}],"collection":[{"href":"https:\/\/www.ocorreionews.com.br\/acervo-correio\/index.php?rest_route=\/wp\/v2\/posts"}],"about":[{"href":"https:\/\/www.ocorreionews.com.br\/acervo-correio\/index.php?rest_route=\/wp\/v2\/types\/post"}],"author":[{"embeddable":true,"href":"https:\/\/www.ocorreionews.com.br\/acervo-correio\/index.php?rest_route=\/wp\/v2\/users\/4"}],"replies":[{"embeddable":true,"href":"https:\/\/www.ocorreionews.com.br\/acervo-correio\/index.php?rest_route=%2Fwp%2Fv2%2Fcomments&post=23995"}],"version-history":[{"count":0,"href":"https:\/\/www.ocorreionews.com.br\/acervo-correio\/index.php?rest_route=\/wp\/v2\/posts\/23995\/revisions"}],"wp:featuredmedia":[{"embeddable":true,"href":"https:\/\/www.ocorreionews.com.br\/acervo-correio\/index.php?rest_route=\/wp\/v2\/media\/23996"}],"wp:attachment":[{"href":"https:\/\/www.ocorreionews.com.br\/acervo-correio\/index.php?rest_route=%2Fwp%2Fv2%2Fmedia&parent=23995"}],"wp:term":[{"taxonomy":"category","embeddable":true,"href":"https:\/\/www.ocorreionews.com.br\/acervo-correio\/index.php?rest_route=%2Fwp%2Fv2%2Fcategories&post=23995"},{"taxonomy":"post_tag","embeddable":true,"href":"https:\/\/www.ocorreionews.com.br\/acervo-correio\/index.php?rest_route=%2Fwp%2Fv2%2Ftags&post=23995"}],"curies":[{"name":"wp","href":"https:\/\/api.w.org\/{rel}","templated":true}]}}