{"id":239954,"date":"2023-05-16T13:15:50","date_gmt":"2023-05-16T17:15:50","guid":{"rendered":"https:\/\/www.ocorreionews.com.br\/acervo-correio\/?p=239954"},"modified":"2023-05-16T13:15:50","modified_gmt":"2023-05-16T17:15:50","slug":"vereadores-homenagearam-responsaveis-pelo-programa-familia-acolhedora-no-municipio-de-paraiso-das-agua","status":"publish","type":"post","link":"https:\/\/www.ocorreionews.com.br\/acervo-correio\/?p=239954","title":{"rendered":"Vereadores homenagearam respons\u00e1veis pelo programa Fam\u00edlia Acolhedora no Munic\u00edpio de Para\u00edso das \u00c1gua"},"content":{"rendered":"<p>A C\u00e2mara Municipal de Para\u00edso das \u00c1guas prestou homenagem aos respons\u00e1veis pelo programa Fam\u00edlia Acolhedora no Munic\u00edpio de Para\u00edso das \u00c1guas, pelo Dia do Assistente Social &#8211; celebrado no dia 15 de maio.<\/p>\n<p>V\u00e1rios profissionais que exercem a fun\u00e7\u00e3o de assistente social no munic\u00edpio ou que realizam a\u00e7\u00f5es sociais, foram lembrados pelos vereadores, em especial, nesta ocasi\u00e3o, aos respons\u00e1veis pelo programa Fam\u00edlia Acolhedora, em que entregaram a Mo\u00e7\u00e3o de Congratula\u00e7\u00e3o e Apoio, durante a realiza\u00e7\u00e3o da 15\u00aa Sess\u00e3o Ordin\u00e1ria, nesta segunda-feira, dia 15\/5.<\/p>\n<p>S\u00e3o os homenageados:<\/p>\n<p><strong>ZEULA FERREIRA DE MORAES FURMAN,<\/strong> ASSISTENTE SOCIAL E COORDENADORA DO SERVI\u00c7O DE ACOLHIMENTO EM FAM\u00cdLIA ACOLHEDORA<\/p>\n<p><strong>MICHELE TIAGO DE OLIVEIRA<\/strong>, PSIC\u00d3LOGA NO SERVI\u00c7O DE ACOLHIMENTO EM FAM\u00cdLIA ACOLHEDORA<\/p>\n<p><strong>LET\u00cdCIA XAVIER DA SILVA AUR\u00c9LIO<\/strong>, FAMILIA ACOLHEDORA<\/p>\n<p><strong>RODRIGO PEREIRA DE AUR\u00c9LIO<\/strong>, FAMILIA ACOLHEDORA<\/p>\n<p>A propositura foi do vereador Jos\u00e9 Divino Francisco da Silva (Fio do Povo\/PSDB), com o apoio dos demais pares da Casa de Leis.<\/p>\n<p><strong><em>&#8220;<\/em><\/strong><em>Honra-nos muito homenage\u00e1-lo, por ser<br \/>\nmerecedor de reconhecimento do Servi\u00e7o de Acolhimento em Fam\u00edlia Acolhedora<br \/>\n(SFA) essa modalidade de acolhimento visa oferecer prote\u00e7\u00e3o integral \u00e0s<br \/>\ncrian\u00e7as e adolescentes que precisam ser afastados temporariamente de sua<br \/>\nfam\u00edlia de origem ou extensa por medida de prote\u00e7\u00e3o. O acolhimento deve ser a<br \/>\n\u00faltima medida para garantia dos direitos de crian\u00e7as e\/ou adolescentes, ap\u00f3s se<br \/>\nesgotarem as outras possibilidades de apoio \u00e0 fam\u00edlia de origem pela rede de<br \/>\nservi\u00e7os&#8221;,<\/em> destacou o vereador.<\/p>\n<p><strong>15 de maio \u2013 Dia do Assistente Social<\/strong><\/p>\n<p>Celebra-se no dia 15 de maio como o Dia do\/a Assistente Social. Profissional mais do necess\u00e1rio para a defesa dos direitos humanos, o Assistente social tem como principal desafio compreender a realidade dos indiv\u00edduos, construindo propostas de trabalhos adequados com \u00e0s suas necessidades. Ele atua na garantia dos direitos do cidad\u00e3o, atrav\u00e9s da mobiliza\u00e7\u00e3o dos recursos da comunidadevia pol\u00edticas tanto nas esferas p\u00fablicas quanto privadas e em organiza\u00e7\u00f5es n\u00e3o governamentais (ONGs).<\/p>\n<p>A data foi escolhida em virtude do Decreto 994\/62 editado em 15 de maio de 1962, que regulamenta a profiss\u00e3o, criando assim os Conselhos Federal e Regionais, que regimentam as atividades da clase.<\/p>\n<p>A pr\u00e1tica profissional tamb\u00e9m \u00e9 orientada pelos princ\u00edpios e direitos firmados na Constitui\u00e7\u00e3o de 1988 e na legisla\u00e7\u00e3o complementar referente \u00e0s pol\u00edticas sociais e aos direitos da popula\u00e7\u00e3o. Atualmente existem no Brasil cerca de 110 mil assistentes sociais inscritos\/as nos CRESS em exerc\u00edcio profissional.<\/p>\n<p><strong>Programa Fam\u00edlia Acolhedora<\/strong><\/p>\n<p>O acolhimento \u00e9 uma medida de prote\u00e7\u00e3o, prevista no Estatuto da Crian\u00e7a e do Adolescente, para crian\u00e7as e adolescentes que precisam ser afastados temporariamente de sua fam\u00edlia de origem. Esta medida \u00e9 excepcional e provis\u00f3ria, e n\u00e3o deve ultrapassar 18 meses.\u00a0<b>Existem tr\u00eas modalidades de acolhimento por medida de prote\u00e7\u00e3o, e o acolhimento em fam\u00edlia acolhedora \u00e9 uma dessas.<\/b><\/p>\n<p>Diferente dos abrigos institucionais (em que h\u00e1 educadores contratados), trata-se de uma modalidade em que\u00a0<b>a crian\u00e7a ou adolescente \u00e9 cuidada?temporariamente por uma outra fam\u00edlia: a fam\u00edlia acolhedora.<\/b>?Essa fam\u00edlia \u00e9 parte do Servi\u00e7o de Acolhimento em Fam\u00edlia Acolhedora (SFA) e, durante o per\u00edodo de acolhimento, assume todos os cuidados e a prote\u00e7\u00e3o da crian\u00e7a e\/ou do adolescente.<\/p>\n<p>As fam\u00edlias acolhedoras?s\u00e3o?selecionadas, preparadas e acompanhadas por uma equipe de profissionais para?receber crian\u00e7as e?adolescentes?em situa\u00e7\u00e3o de vulnerabilidade, at\u00e9 que possam retornar para sua fam\u00edlia de origem ou, quando isso n\u00e3o \u00e9 poss\u00edvel, ser encaminhadas para ado\u00e7\u00e3o. Ou seja,\u00a0<b>acolhimento familiar e ado\u00e7\u00e3o s\u00e3o situa\u00e7\u00f5es distintas<\/b>, inclusive no seu tempo de dura\u00e7\u00e3o: o acolhimento \u00e9 tempor\u00e1rio, a ado\u00e7\u00e3o \u00e9 definitiva. A fam\u00edlia acolhedora tem a guarda?provis\u00f3ria?da crian\u00e7a ou adolescente que acolhe vinculada a sua?participa\u00e7\u00e3o?no?Servi\u00e7o.<\/p>\n<p>BNC noticias<\/p>\n","protected":false},"excerpt":{"rendered":"<p>A C\u00e2mara Municipal de Para\u00edso das \u00c1guas prestou homenagem aos respons\u00e1veis pelo programa Fam\u00edlia Acolhedora no Munic\u00edpio de Para\u00edso das \u00c1guas, pelo Dia do Assistente Social &#8211; celebrado no dia 15 de maio. V\u00e1rios profissionais que exercem a fun\u00e7\u00e3o de assistente social no munic\u00edpio ou que realizam a\u00e7\u00f5es sociais, foram lembrados pelos vereadores, em especial, [&hellip;]<\/p>\n","protected":false},"author":4,"featured_media":239961,"comment_status":"closed","ping_status":"closed","sticky":false,"template":"","format":"standard","meta":{"footnotes":""},"categories":[20,36],"tags":[],"class_list":["post-239954","post","type-post","status-publish","format-standard","has-post-thumbnail","hentry","category-camara-municipal","category-paraiso-das-aguas"],"_links":{"self":[{"href":"https:\/\/www.ocorreionews.com.br\/acervo-correio\/index.php?rest_route=\/wp\/v2\/posts\/239954","targetHints":{"allow":["GET"]}}],"collection":[{"href":"https:\/\/www.ocorreionews.com.br\/acervo-correio\/index.php?rest_route=\/wp\/v2\/posts"}],"about":[{"href":"https:\/\/www.ocorreionews.com.br\/acervo-correio\/index.php?rest_route=\/wp\/v2\/types\/post"}],"author":[{"embeddable":true,"href":"https:\/\/www.ocorreionews.com.br\/acervo-correio\/index.php?rest_route=\/wp\/v2\/users\/4"}],"replies":[{"embeddable":true,"href":"https:\/\/www.ocorreionews.com.br\/acervo-correio\/index.php?rest_route=%2Fwp%2Fv2%2Fcomments&post=239954"}],"version-history":[{"count":1,"href":"https:\/\/www.ocorreionews.com.br\/acervo-correio\/index.php?rest_route=\/wp\/v2\/posts\/239954\/revisions"}],"predecessor-version":[{"id":239962,"href":"https:\/\/www.ocorreionews.com.br\/acervo-correio\/index.php?rest_route=\/wp\/v2\/posts\/239954\/revisions\/239962"}],"wp:featuredmedia":[{"embeddable":true,"href":"https:\/\/www.ocorreionews.com.br\/acervo-correio\/index.php?rest_route=\/wp\/v2\/media\/239961"}],"wp:attachment":[{"href":"https:\/\/www.ocorreionews.com.br\/acervo-correio\/index.php?rest_route=%2Fwp%2Fv2%2Fmedia&parent=239954"}],"wp:term":[{"taxonomy":"category","embeddable":true,"href":"https:\/\/www.ocorreionews.com.br\/acervo-correio\/index.php?rest_route=%2Fwp%2Fv2%2Fcategories&post=239954"},{"taxonomy":"post_tag","embeddable":true,"href":"https:\/\/www.ocorreionews.com.br\/acervo-correio\/index.php?rest_route=%2Fwp%2Fv2%2Ftags&post=239954"}],"curies":[{"name":"wp","href":"https:\/\/api.w.org\/{rel}","templated":true}]}}