{"id":239963,"date":"2023-05-16T13:39:25","date_gmt":"2023-05-16T17:39:25","guid":{"rendered":"https:\/\/www.ocorreionews.com.br\/acervo-correio\/?p=239963"},"modified":"2023-05-16T13:39:25","modified_gmt":"2023-05-16T17:39:25","slug":"casa-do-trabalhador-de-costa-rica-realiza-feirao-de-emprego-no-dia-31-de-maio","status":"publish","type":"post","link":"https:\/\/www.ocorreionews.com.br\/acervo-correio\/?p=239963","title":{"rendered":"Casa do Trabalhador de Costa Rica realiza Feir\u00e3o de Emprego no dia 31 de maio"},"content":{"rendered":"<div class=\"ntc_cont_descricao_noticia sw_txteditor\">\n<div>Com objetivo de intermediar a inser\u00e7\u00e3o de pessoas no mercado de trabalho, a SEMAD (Secretaria Municipal de Agricultura e Desenvolvimento), por meio da Casa do Trabalhador de Costa Rica realiza no dia 31 de maio, o Feir\u00e3o de Emprego. O evento acontecer\u00e1 no Centro de Eventos Ramez Tebet, das 7 \u00e0s 11 e das 13 \u00e0s 17 horas.<\/p>\n<p>A iniciativa conta com apoio do Sebrae (Servi\u00e7o Brasileiro de Apoio \u00e0s Empresas) atrav\u00e9s do Programa Cidade Empreendedora, ACIACRI (Associa\u00e7\u00e3o Comercial de Costa Rica) e C\u00e2mara de Vereadores.<\/p>\n<p>De acordo com o subsecret\u00e1rio de Desenvolvimento, Airton Ruiz, as vagas foram captadas junto \u00e0s empresas parceiras do munic\u00edpio e a expectativa \u00e9 intermediar a inser\u00e7\u00e3o do maior n\u00famero de pessoas poss\u00edvel durante a a\u00e7\u00e3o.<\/p>\n<p>Ainda conforme o secret\u00e1rio, a recep\u00e7\u00e3o aos candidatos ser\u00e1 din\u00e2mica e os representantes das empresas contratantes estar\u00e3o no local para agilizar o procedimento. Os candidatos devem estar munidos de documentos pessoais, certificados (caso possuam) e curr\u00edculo.<\/p>\n<p>O evento \u00e9 em homenagem ao Dia do Trabalhador celebrado neste m\u00eas de maio.<\/p><\/div>\n<\/div>\n<p>&nbsp;<\/p>\n<div><a href=\"https:\/\/www.ocorreionews.com.br\/acervo-correio\/wp-content\/uploads\/2023\/05\/Feirao-de-Emprego-no-dia-31-de-maio.jpg\"><img loading=\"lazy\" decoding=\"async\" class=\"alignnone size-full wp-image-239966\" src=\"https:\/\/www.ocorreionews.com.br\/acervo-correio\/wp-content\/uploads\/2023\/05\/Feirao-de-Emprego-no-dia-31-de-maio.jpg\" alt=\"\" width=\"800\" height=\"800\" srcset=\"https:\/\/www.ocorreionews.com.br\/acervo-correio\/wp-content\/uploads\/2023\/05\/Feirao-de-Emprego-no-dia-31-de-maio.jpg 800w, https:\/\/www.ocorreionews.com.br\/acervo-correio\/wp-content\/uploads\/2023\/05\/Feirao-de-Emprego-no-dia-31-de-maio-300x300.jpg 300w, https:\/\/www.ocorreionews.com.br\/acervo-correio\/wp-content\/uploads\/2023\/05\/Feirao-de-Emprego-no-dia-31-de-maio-150x150.jpg 150w, https:\/\/www.ocorreionews.com.br\/acervo-correio\/wp-content\/uploads\/2023\/05\/Feirao-de-Emprego-no-dia-31-de-maio-768x768.jpg 768w\" sizes=\"auto, (max-width: 800px) 100vw, 800px\" \/><\/a><\/div>\n<div class=\"ntc_area_info_noticia sw_lato\">\n<div>\n<div class=\"ntc_info_noticia\"><strong class=\"sw_lato_black\">Fonte: <\/strong>Assessoria de Comunica\u00e7\u00e3o,<strong class=\"sw_lato_black\">\u00a0<\/strong>Angela Bezerra<\/div>\n<\/div>\n<\/div>\n","protected":false},"excerpt":{"rendered":"<p>Com objetivo de intermediar a inser\u00e7\u00e3o de pessoas no mercado de trabalho, a SEMAD (Secretaria Municipal de Agricultura e Desenvolvimento), por meio da Casa do Trabalhador de Costa Rica realiza no dia 31 de maio, o Feir\u00e3o de Emprego. O evento acontecer\u00e1 no Centro de Eventos Ramez Tebet, das 7 \u00e0s 11 e das 13 [&hellip;]<\/p>\n","protected":false},"author":5,"featured_media":239966,"comment_status":"closed","ping_status":"closed","sticky":false,"template":"","format":"standard","meta":{"footnotes":""},"categories":[25],"tags":[],"class_list":["post-239963","post","type-post","status-publish","format-standard","has-post-thumbnail","hentry","category-costa-rica"],"_links":{"self":[{"href":"https:\/\/www.ocorreionews.com.br\/acervo-correio\/index.php?rest_route=\/wp\/v2\/posts\/239963","targetHints":{"allow":["GET"]}}],"collection":[{"href":"https:\/\/www.ocorreionews.com.br\/acervo-correio\/index.php?rest_route=\/wp\/v2\/posts"}],"about":[{"href":"https:\/\/www.ocorreionews.com.br\/acervo-correio\/index.php?rest_route=\/wp\/v2\/types\/post"}],"author":[{"embeddable":true,"href":"https:\/\/www.ocorreionews.com.br\/acervo-correio\/index.php?rest_route=\/wp\/v2\/users\/5"}],"replies":[{"embeddable":true,"href":"https:\/\/www.ocorreionews.com.br\/acervo-correio\/index.php?rest_route=%2Fwp%2Fv2%2Fcomments&post=239963"}],"version-history":[{"count":1,"href":"https:\/\/www.ocorreionews.com.br\/acervo-correio\/index.php?rest_route=\/wp\/v2\/posts\/239963\/revisions"}],"predecessor-version":[{"id":239967,"href":"https:\/\/www.ocorreionews.com.br\/acervo-correio\/index.php?rest_route=\/wp\/v2\/posts\/239963\/revisions\/239967"}],"wp:featuredmedia":[{"embeddable":true,"href":"https:\/\/www.ocorreionews.com.br\/acervo-correio\/index.php?rest_route=\/wp\/v2\/media\/239966"}],"wp:attachment":[{"href":"https:\/\/www.ocorreionews.com.br\/acervo-correio\/index.php?rest_route=%2Fwp%2Fv2%2Fmedia&parent=239963"}],"wp:term":[{"taxonomy":"category","embeddable":true,"href":"https:\/\/www.ocorreionews.com.br\/acervo-correio\/index.php?rest_route=%2Fwp%2Fv2%2Fcategories&post=239963"},{"taxonomy":"post_tag","embeddable":true,"href":"https:\/\/www.ocorreionews.com.br\/acervo-correio\/index.php?rest_route=%2Fwp%2Fv2%2Ftags&post=239963"}],"curies":[{"name":"wp","href":"https:\/\/api.w.org\/{rel}","templated":true}]}}