{"id":239968,"date":"2023-05-16T13:56:53","date_gmt":"2023-05-16T17:56:53","guid":{"rendered":"https:\/\/www.ocorreionews.com.br\/acervo-correio\/?p=239968"},"modified":"2023-05-16T14:11:28","modified_gmt":"2023-05-16T18:11:28","slug":"homem-com-lesoes-no-pescoco-e-sinais-de-agressao-e-encontrado-morto-pelo-vizinho-em-aparecida-do-taboado","status":"publish","type":"post","link":"https:\/\/www.ocorreionews.com.br\/acervo-correio\/?p=239968","title":{"rendered":"Homem com les\u00f5es no pesco\u00e7o e sinais de agress\u00e3o \u00e9 encontrado morto pelo vizinho em Aparecida do Taboado"},"content":{"rendered":"<div id=\"chunk-9vg8i\">\n<div class=\"mc-column content-text active-extra-styles active-capital-letter\" data-block-type=\"unstyled\" data-block-weight=\"43\" data-block-id=\"2\">\n<p class=\"content-text__container theme-color-primary-first-letter\" data-track-category=\"Link no Texto\" data-track-links=\"\">Um homem, de 53 anos, foi encontrado morto pelo vizinho dentro da pr\u00f3pria casa em Aparecida do Taboado. A v\u00edtima apresentava les\u00f5es no pesco\u00e7o e sinais de agress\u00e3o. O caso segue em investiga\u00e7\u00e3o pela Pol\u00edcia Civil.<\/p>\n<p data-track-category=\"Link no Texto\" data-track-links=\"\">\n<\/div>\n<\/div>\n<div class=\"wall protected-content\">\n<div id=\"chunk-a2pel\">\n<div class=\"mc-column content-text active-extra-styles \" data-block-type=\"unstyled\" data-block-weight=\"64\" data-block-id=\"3\">\n<p class=\"content-text__container \" data-track-category=\"Link no Texto\" data-track-links=\"\">Segundo o boletim de ocorr\u00eancia, o vizinho contou que tinha encontrado com a v\u00edtima no s\u00e1bado (13), por volta das 07h da manh\u00e3, em uma mercearia. Ainda conforme o depoimento para a pol\u00edcia, o amigo disse que depois de sair do com\u00e9rcio n\u00e3o viu mais o amigo, at\u00e9 a tarde de domingo (14), quando decidiu ir \u00e0 resid\u00eancia ver o que estava acontecendo.<\/p>\n<p data-track-category=\"Link no Texto\" data-track-links=\"\">\n<\/div>\n<\/div>\n<div id=\"chunk-ddduu\">\n<div class=\"mc-column content-text active-extra-styles \" data-block-type=\"unstyled\" data-block-weight=\"35\" data-block-id=\"4\">\n<p class=\"content-text__container \" data-track-category=\"Link no Texto\" data-track-links=\"\">No local, o vizinho encontrou a casa trancada com corrente e cadeado, chamou pela v\u00edtima, mas ningu\u00e9m respondeu. Ao olhar pela janela, encontrou o amigo ca\u00eddo no ch\u00e3o e acionou o Corpo de Bombeiros.<\/p>\n<p data-track-category=\"Link no Texto\" data-track-links=\"\">\n<\/div>\n<\/div>\n<div id=\"chunk-f2ter\">\n<div class=\"mc-column content-text active-extra-styles \" data-block-type=\"unstyled\" data-block-weight=\"39\" data-block-id=\"5\">\n<p class=\"content-text__container \" data-track-category=\"Link no Texto\" data-track-links=\"\">Ao chegar na casa, os militares constataram que a v\u00edtima estava morta e identificaram sinais de viol\u00eancia no corpo. A Pol\u00edcia Civil foi acionada, assim como a per\u00edcia de Parana\u00edba (MS) e o caso foi registrado como homic\u00eddio.<\/p>\n<p data-track-category=\"Link no Texto\" data-track-links=\"\">\n<\/div>\n<\/div>\n<div id=\"chunk-e8075\">\n<div class=\"mc-column content-text active-extra-styles \" data-block-type=\"unstyled\" data-block-weight=\"33\" data-block-id=\"6\">\n<p class=\"content-text__container \" data-track-category=\"Link no Texto\" data-track-links=\"\">Conforme o depoimento da irm\u00e3 da v\u00edtima \u00e0 pol\u00edcia, um ex-inquilino do irm\u00e3o j\u00e1 havia feito amea\u00e7as. O corpo foi encaminhado para o exame necrosc\u00f3pico, que deve apontar a causa da morte.<\/p>\n<p class=\"content-publication-data__from\" title=\"g1 MS\">Por g1 MS<\/p>\n<\/div>\n<\/div>\n<\/div>\n","protected":false},"excerpt":{"rendered":"<p>Um homem, de 53 anos, foi encontrado morto pelo vizinho dentro da pr\u00f3pria casa em Aparecida do Taboado. A v\u00edtima apresentava les\u00f5es no pesco\u00e7o e sinais de agress\u00e3o. O caso segue em investiga\u00e7\u00e3o pela Pol\u00edcia Civil. Segundo o boletim de ocorr\u00eancia, o vizinho contou que tinha encontrado com a v\u00edtima no s\u00e1bado (13), por volta [&hellip;]<\/p>\n","protected":false},"author":5,"featured_media":148640,"comment_status":"closed","ping_status":"closed","sticky":false,"template":"","format":"standard","meta":{"footnotes":""},"categories":[38],"tags":[],"class_list":["post-239968","post","type-post","status-publish","format-standard","has-post-thumbnail","hentry","category-policia"],"_links":{"self":[{"href":"https:\/\/www.ocorreionews.com.br\/acervo-correio\/index.php?rest_route=\/wp\/v2\/posts\/239968","targetHints":{"allow":["GET"]}}],"collection":[{"href":"https:\/\/www.ocorreionews.com.br\/acervo-correio\/index.php?rest_route=\/wp\/v2\/posts"}],"about":[{"href":"https:\/\/www.ocorreionews.com.br\/acervo-correio\/index.php?rest_route=\/wp\/v2\/types\/post"}],"author":[{"embeddable":true,"href":"https:\/\/www.ocorreionews.com.br\/acervo-correio\/index.php?rest_route=\/wp\/v2\/users\/5"}],"replies":[{"embeddable":true,"href":"https:\/\/www.ocorreionews.com.br\/acervo-correio\/index.php?rest_route=%2Fwp%2Fv2%2Fcomments&post=239968"}],"version-history":[{"count":1,"href":"https:\/\/www.ocorreionews.com.br\/acervo-correio\/index.php?rest_route=\/wp\/v2\/posts\/239968\/revisions"}],"predecessor-version":[{"id":239971,"href":"https:\/\/www.ocorreionews.com.br\/acervo-correio\/index.php?rest_route=\/wp\/v2\/posts\/239968\/revisions\/239971"}],"wp:featuredmedia":[{"embeddable":true,"href":"https:\/\/www.ocorreionews.com.br\/acervo-correio\/index.php?rest_route=\/wp\/v2\/media\/148640"}],"wp:attachment":[{"href":"https:\/\/www.ocorreionews.com.br\/acervo-correio\/index.php?rest_route=%2Fwp%2Fv2%2Fmedia&parent=239968"}],"wp:term":[{"taxonomy":"category","embeddable":true,"href":"https:\/\/www.ocorreionews.com.br\/acervo-correio\/index.php?rest_route=%2Fwp%2Fv2%2Fcategories&post=239968"},{"taxonomy":"post_tag","embeddable":true,"href":"https:\/\/www.ocorreionews.com.br\/acervo-correio\/index.php?rest_route=%2Fwp%2Fv2%2Ftags&post=239968"}],"curies":[{"name":"wp","href":"https:\/\/api.w.org\/{rel}","templated":true}]}}