{"id":239976,"date":"2023-05-16T14:37:15","date_gmt":"2023-05-16T18:37:15","guid":{"rendered":"https:\/\/www.ocorreionews.com.br\/acervo-correio\/?p=239976"},"modified":"2023-05-16T14:37:15","modified_gmt":"2023-05-16T18:37:15","slug":"aviao-dos-bombeiros-sofre-pane-durante-pouso-no-aeroporto-de-rio-verde-go","status":"publish","type":"post","link":"https:\/\/www.ocorreionews.com.br\/acervo-correio\/?p=239976","title":{"rendered":"Avi\u00e3o dos bombeiros sofre pane durante pouso no Aeroporto de Rio Verde &#8211; GO"},"content":{"rendered":"<div id=\"chunk-8i53g\">\n<div class=\"mc-column content-text active-extra-styles \" data-block-type=\"unstyled\" data-block-weight=\"46\" data-block-id=\"3\">\n<p class=\"content-text__container \" data-track-category=\"Link no Texto\" data-track-links=\"\">Um avi\u00e3o dos bombeiros sofreu pane durante o pouso no Aeroporto de Rio Verde, no sudoeste goiano, nesta ter\u00e7a-feira (16). Aeronave havia partido de Goi\u00e2nia para fazer um resgate aerom\u00e9dico de uma crian\u00e7a de 1 ano e 5 meses que havia sido diagnosticada com pneumonia bacteriana.<\/p>\n<\/div>\n<\/div>\n<div class=\"wall protected-content\">\n<p>&nbsp;<\/p>\n<div id=\"chunk-der82\">\n<div class=\"mc-column content-text active-extra-styles \" data-block-type=\"unstyled\" data-block-weight=\"60\" data-block-id=\"5\">\n<p class=\"content-text__container \" data-track-category=\"Link no Texto\" data-track-links=\"\">Segundo o Corpo de Bombeiros, estavam na aeronave dois bombeiros, sendo um piloto e o copiloto, um m\u00e9dico e uma enfermeira do Servi\u00e7o de Atendimento M\u00f3vel de Urg\u00eancia (Samu). Os bombeiros informaram que todos os que estavam dentro do avi\u00e3o est\u00e3o bem, sem ferimentos. Com o incidente, a crian\u00e7a que seria transportada para Urua\u00e7u, permanece internada em Rio Verde.<\/p>\n<\/div>\n<\/div>\n<div id=\"chunk-9uge0\">\n<div class=\"content-ads content-ads--reveal\" data-block-type=\"ads\" data-block-id=\"6\">\n<div><\/div>\n<\/div>\n<\/div>\n<div id=\"chunk-1u7l\">\n<div class=\"mc-column content-text active-extra-styles \" data-block-type=\"unstyled\" data-block-weight=\"43\" data-block-id=\"7\">\n<p class=\"content-text__container \" data-track-category=\"Link no Texto\" data-track-links=\"\">Ainda de acordo com os bombeiros, o problema no trem de pouso da aeronave foi verificado durante o procedimento descida. Segundo a corpora\u00e7\u00e3o, as autoridades investigam as circunst\u00e2ncias que levaram ao incidente, uma vez que a aeronave estaria com a manuten\u00e7\u00e3o em dia.<\/p>\n<p data-track-category=\"Link no Texto\" data-track-links=\"\">\n<\/div>\n<\/div>\n<div id=\"chunk-5bh5d\">\n<div class=\"row medium-uncollapsed content-media content-photo\" data-block-type=\"backstage-photo\" data-block-id=\"10\">\n<div class=\" mc-column  content-media__container\">\n<div class=\"content-media-container glb-skeleton-box\">\n<figure class=\"content-media-figure\">\n<p><figure style=\"width: 647px\" class=\"wp-caption aligncenter\"><img loading=\"lazy\" decoding=\"async\" class=\"i-amphtml-fill-content i-amphtml-replaced-content\" src=\"https:\/\/s2-g1.glbimg.com\/1HRapVQlPZzz5TvhHwKHEd-3wCE=\/0x0:1700x1065\/984x0\/smart\/filters:strip_icc()\/i.s3.glbimg.com\/v1\/AUTH_59edd422c0c84a879bd37670ae4f538a\/internal_photos\/bs\/2023\/T\/z\/vker0pTkAp0fwBj6fpRw\/imagens-74-.png\" sizes=\"auto, (max-width: 1366px) 648px, 100vw\" srcset=\"https:\/\/s2-g1.glbimg.com\/IWf8A473tysesNo0W1U0S98ytEQ=\/0x0:1700x1065\/1000x0\/smart\/filters:strip_icc()\/i.s3.glbimg.com\/v1\/AUTH_59edd422c0c84a879bd37670ae4f538a\/internal_photos\/bs\/2023\/T\/z\/vker0pTkAp0fwBj6fpRw\/imagens-74-.png 1000w, https:\/\/s2-g1.glbimg.com\/1HRapVQlPZzz5TvhHwKHEd-3wCE=\/0x0:1700x1065\/984x0\/smart\/filters:strip_icc()\/i.s3.glbimg.com\/v1\/AUTH_59edd422c0c84a879bd37670ae4f538a\/internal_photos\/bs\/2023\/T\/z\/vker0pTkAp0fwBj6fpRw\/imagens-74-.png 984w, https:\/\/s2-g1.glbimg.com\/_UAdWbFUJUfA5aJFQGETydf69Yk=\/0x0:1700x1065\/640x0\/smart\/filters:strip_icc()\/i.s3.glbimg.com\/v1\/AUTH_59edd422c0c84a879bd37670ae4f538a\/internal_photos\/bs\/2023\/T\/z\/vker0pTkAp0fwBj6fpRw\/imagens-74-.png 640w, https:\/\/s2-g1.glbimg.com\/UvCJX5uNHUPjJW0pvXL7OXqq4lk=\/0x0:1700x1065\/600x0\/smart\/filters:strip_icc()\/i.s3.glbimg.com\/v1\/AUTH_59edd422c0c84a879bd37670ae4f538a\/internal_photos\/bs\/2023\/T\/z\/vker0pTkAp0fwBj6fpRw\/imagens-74-.png 600w\" alt=\"Aeronave que sofreu pane, em Rio Verde, em Goi\u00e1s \u2014 Foto: Divulga\u00e7\u00e3o\/Corpo de Bombeiros\" width=\"647\" height=\"405\" \/><figcaption class=\"wp-caption-text\">Aeronave que sofreu pane, em Rio Verde, em Goi\u00e1s \u2014 Foto: Divulga\u00e7\u00e3o\/Corpo de Bombeiros<\/figcaption><\/figure><\/figure>\n<\/div>\n<p class=\"content-media__description  \">\n<p class=\"content-publication-data__from\" title=\"Gabriela Mac\u00eado, g1 Goi\u00e1s\">Por Gabriela Mac\u00eado, g1 Goi\u00e1s<\/p>\n<\/div>\n<\/div>\n<\/div>\n<\/div>\n","protected":false},"excerpt":{"rendered":"<p>Um avi\u00e3o dos bombeiros sofreu pane durante o pouso no Aeroporto de Rio Verde, no sudoeste goiano, nesta ter\u00e7a-feira (16). Aeronave havia partido de Goi\u00e2nia para fazer um resgate aerom\u00e9dico de uma crian\u00e7a de 1 ano e 5 meses que havia sido diagnosticada com pneumonia bacteriana. &nbsp; Segundo o Corpo de Bombeiros, estavam na aeronave [&hellip;]<\/p>\n","protected":false},"author":5,"featured_media":239977,"comment_status":"closed","ping_status":"closed","sticky":false,"template":"","format":"standard","meta":{"footnotes":""},"categories":[38],"tags":[],"class_list":["post-239976","post","type-post","status-publish","format-standard","has-post-thumbnail","hentry","category-policia"],"_links":{"self":[{"href":"https:\/\/www.ocorreionews.com.br\/acervo-correio\/index.php?rest_route=\/wp\/v2\/posts\/239976","targetHints":{"allow":["GET"]}}],"collection":[{"href":"https:\/\/www.ocorreionews.com.br\/acervo-correio\/index.php?rest_route=\/wp\/v2\/posts"}],"about":[{"href":"https:\/\/www.ocorreionews.com.br\/acervo-correio\/index.php?rest_route=\/wp\/v2\/types\/post"}],"author":[{"embeddable":true,"href":"https:\/\/www.ocorreionews.com.br\/acervo-correio\/index.php?rest_route=\/wp\/v2\/users\/5"}],"replies":[{"embeddable":true,"href":"https:\/\/www.ocorreionews.com.br\/acervo-correio\/index.php?rest_route=%2Fwp%2Fv2%2Fcomments&post=239976"}],"version-history":[{"count":1,"href":"https:\/\/www.ocorreionews.com.br\/acervo-correio\/index.php?rest_route=\/wp\/v2\/posts\/239976\/revisions"}],"predecessor-version":[{"id":239979,"href":"https:\/\/www.ocorreionews.com.br\/acervo-correio\/index.php?rest_route=\/wp\/v2\/posts\/239976\/revisions\/239979"}],"wp:featuredmedia":[{"embeddable":true,"href":"https:\/\/www.ocorreionews.com.br\/acervo-correio\/index.php?rest_route=\/wp\/v2\/media\/239977"}],"wp:attachment":[{"href":"https:\/\/www.ocorreionews.com.br\/acervo-correio\/index.php?rest_route=%2Fwp%2Fv2%2Fmedia&parent=239976"}],"wp:term":[{"taxonomy":"category","embeddable":true,"href":"https:\/\/www.ocorreionews.com.br\/acervo-correio\/index.php?rest_route=%2Fwp%2Fv2%2Fcategories&post=239976"},{"taxonomy":"post_tag","embeddable":true,"href":"https:\/\/www.ocorreionews.com.br\/acervo-correio\/index.php?rest_route=%2Fwp%2Fv2%2Ftags&post=239976"}],"curies":[{"name":"wp","href":"https:\/\/api.w.org\/{rel}","templated":true}]}}