{"id":239985,"date":"2023-05-16T19:01:37","date_gmt":"2023-05-16T23:01:37","guid":{"rendered":"https:\/\/www.ocorreionews.com.br\/acervo-correio\/?p=239985"},"modified":"2023-05-16T19:01:37","modified_gmt":"2023-05-16T23:01:37","slug":"casal-e-crianca-que-estavam-em-moto-morrem-em-acidente-com-carreta","status":"publish","type":"post","link":"https:\/\/www.ocorreionews.com.br\/acervo-correio\/?p=239985","title":{"rendered":"Casal e crian\u00e7a que estavam em moto morrem em acidente com carreta"},"content":{"rendered":"<p>Acidente entre motocicleta e carreta tanque deixou tr\u00eas mortos BR-163, perto de S\u00e3o Gabriel do Oeste, cidade a 137 quil\u00f4metros de Campo Grande. As v\u00edtimas seriam um casal e uma crian\u00e7a moradores de um assentamento na regi\u00e3o. Equipes da PRF (Pol\u00edcia Rodovi\u00e1ria Federal) e da Per\u00edcia est\u00e3o no local.<\/p>\n<p>Segundo informa\u00e7\u00f5es iniciais, a fam\u00edlia ocupava a motocicleta que foi atingida pela carreta que seguia sentido S\u00e3o Gabriel do Oeste. O ve\u00edculo foi arrastado por cerca de 15 metros e sofreu um princ\u00edpio de inc\u00eandio. As v\u00edtimas tiveram os corpos dilacerados. O acidente aconteceu na altura do km 227 da rodovia.<\/p>\n<figure id=\"attachment_239986\" aria-describedby=\"caption-attachment-239986\" style=\"width: 640px\" class=\"wp-caption alignnone\"><a href=\"https:\/\/www.ocorreionews.com.br\/acervo-correio\/wp-content\/uploads\/2023\/05\/ac-sgoeste-casal.png\"><img loading=\"lazy\" decoding=\"async\" class=\"wp-image-239986 size-full\" src=\"https:\/\/www.ocorreionews.com.br\/acervo-correio\/wp-content\/uploads\/2023\/05\/ac-sgoeste-casal.png\" alt=\"\" width=\"640\" height=\"480\" srcset=\"https:\/\/www.ocorreionews.com.br\/acervo-correio\/wp-content\/uploads\/2023\/05\/ac-sgoeste-casal.png 640w, https:\/\/www.ocorreionews.com.br\/acervo-correio\/wp-content\/uploads\/2023\/05\/ac-sgoeste-casal-300x225.png 300w, https:\/\/www.ocorreionews.com.br\/acervo-correio\/wp-content\/uploads\/2023\/05\/ac-sgoeste-casal-86x64.png 86w\" sizes=\"auto, (max-width: 640px) 100vw, 640px\" \/><\/a><figcaption id=\"caption-attachment-239986\" class=\"wp-caption-text\">Motocicleta pegou fogo e ficou presa na frente da carreta. (Foto: Sidney Assis)<\/figcaption><\/figure>\n<p>A motocicleta ficou presa na frente da carreta, que foi queimada, e um dos corpos ficou enroscado embaixo de um dos pneus do ve\u00edculo. Os corpos foram dilacerados com o impacto do acidente. As v\u00edtimas ainda n\u00e3o foram identificadas, mas seriam moradores de um assentamento na regi\u00e3o.<\/p>\n<p>Equipes da PRF e da Per\u00edcia de Coxim est\u00e3o no local. O tr\u00e2nsito segue com desvios para quem precisa passar pela rodovia. O motorista da carreta n\u00e3o sofreu ferimentos, mas est\u00e1 muito abalado com o acidente.<\/p>\n<p>Por Ana Paula Chuva e Sidney Assis, de Coxim &#8211;<\/p>\n<p>CAMPO GRANDE NEWS<\/p>\n","protected":false},"excerpt":{"rendered":"<p>Acidente entre motocicleta e carreta tanque deixou tr\u00eas mortos BR-163, perto de S\u00e3o Gabriel do Oeste, cidade a 137 quil\u00f4metros de Campo Grande. As v\u00edtimas seriam um casal e uma crian\u00e7a moradores de um assentamento na regi\u00e3o. Equipes da PRF (Pol\u00edcia Rodovi\u00e1ria Federal) e da Per\u00edcia est\u00e3o no local. Segundo informa\u00e7\u00f5es iniciais, a fam\u00edlia ocupava [&hellip;]<\/p>\n","protected":false},"author":4,"featured_media":239987,"comment_status":"closed","ping_status":"closed","sticky":false,"template":"","format":"standard","meta":{"footnotes":""},"categories":[38],"tags":[],"class_list":["post-239985","post","type-post","status-publish","format-standard","has-post-thumbnail","hentry","category-policia"],"_links":{"self":[{"href":"https:\/\/www.ocorreionews.com.br\/acervo-correio\/index.php?rest_route=\/wp\/v2\/posts\/239985","targetHints":{"allow":["GET"]}}],"collection":[{"href":"https:\/\/www.ocorreionews.com.br\/acervo-correio\/index.php?rest_route=\/wp\/v2\/posts"}],"about":[{"href":"https:\/\/www.ocorreionews.com.br\/acervo-correio\/index.php?rest_route=\/wp\/v2\/types\/post"}],"author":[{"embeddable":true,"href":"https:\/\/www.ocorreionews.com.br\/acervo-correio\/index.php?rest_route=\/wp\/v2\/users\/4"}],"replies":[{"embeddable":true,"href":"https:\/\/www.ocorreionews.com.br\/acervo-correio\/index.php?rest_route=%2Fwp%2Fv2%2Fcomments&post=239985"}],"version-history":[{"count":1,"href":"https:\/\/www.ocorreionews.com.br\/acervo-correio\/index.php?rest_route=\/wp\/v2\/posts\/239985\/revisions"}],"predecessor-version":[{"id":239989,"href":"https:\/\/www.ocorreionews.com.br\/acervo-correio\/index.php?rest_route=\/wp\/v2\/posts\/239985\/revisions\/239989"}],"wp:featuredmedia":[{"embeddable":true,"href":"https:\/\/www.ocorreionews.com.br\/acervo-correio\/index.php?rest_route=\/wp\/v2\/media\/239987"}],"wp:attachment":[{"href":"https:\/\/www.ocorreionews.com.br\/acervo-correio\/index.php?rest_route=%2Fwp%2Fv2%2Fmedia&parent=239985"}],"wp:term":[{"taxonomy":"category","embeddable":true,"href":"https:\/\/www.ocorreionews.com.br\/acervo-correio\/index.php?rest_route=%2Fwp%2Fv2%2Fcategories&post=239985"},{"taxonomy":"post_tag","embeddable":true,"href":"https:\/\/www.ocorreionews.com.br\/acervo-correio\/index.php?rest_route=%2Fwp%2Fv2%2Ftags&post=239985"}],"curies":[{"name":"wp","href":"https:\/\/api.w.org\/{rel}","templated":true}]}}