{"id":239990,"date":"2023-05-16T19:07:33","date_gmt":"2023-05-16T23:07:33","guid":{"rendered":"https:\/\/www.ocorreionews.com.br\/acervo-correio\/?p=239990"},"modified":"2023-05-17T07:45:04","modified_gmt":"2023-05-17T11:45:04","slug":"em-crescimento-no-pais-oab-cria-comissao-para-debater-falencias-credito-campo-grande-news","status":"publish","type":"post","link":"https:\/\/www.ocorreionews.com.br\/acervo-correio\/?p=239990","title":{"rendered":"Em crescimento no Pa\u00eds, OAB\/MS cria Comiss\u00e3o para debater fal\u00eancias"},"content":{"rendered":"<p>Com empresas famosas anunciando pedido de recupera\u00e7\u00e3o judicial, como as Americanas e, mais recentemente, a Light, do Rio de Janeiro, o complexo tema da condu\u00e7\u00e3o desses processos em varas de fal\u00eancia e recupera\u00e7\u00e3o judicial demanda discuss\u00f5es no meio jur\u00eddico. Por ser um ramo do direito espec\u00edfico, a OAB\/MS (Ordem do Advogados do Brasil seccional de Mato Grosso do Sul) decidiu criar uma comiss\u00e3o com profissionais desta \u00e1rea para auxiliar a entidade nos debates sobre o tema.<\/p>\n<p>O presidente da OAB, Bitto Pereira, informou que a entidade tem previs\u00e3o de 116 comiss\u00f5es tem\u00e1ticas em MS e ainda n\u00e3o havia um grupo espec\u00edfico para as recupera\u00e7\u00f5es e fal\u00eancias, que eram discutidas no \u00e2mbito da comiss\u00e3o que trata do Direito Empresarial.<\/p>\n<p>Hoje foram empossados na Comiss\u00e3o Especial de Fal\u00eancia e Recupera\u00e7\u00e3o Judicial Diego Baltuilhe dos Santos, presidente, e Edmilson Antonio Pattini Junior, como secret\u00e1rio-geral adjunto.<\/p>\n<p>Bitto Pereira destacou a relev\u00e2ncia do tema, exigindo um debate mais qualificado para tratar das quest\u00f5es jur\u00eddicas e as implica\u00e7\u00f5es para a sociedade diante do aumento do n\u00famero de empresas ingressando com pedido de recupera\u00e7\u00e3o judicial ou mesmo os pedidos de fal\u00eancia.<\/p>\n<p>A CNN divulgou hoje, com dados do Serasa Experian, que houve acr\u00e9scimo de 43,1% em abril nas solicita\u00e7\u00f5es de recupera\u00e7\u00e3o na compara\u00e7\u00e3o com o mesmo m\u00eas do ano passado, somando 93 solicita\u00e7\u00f5es no Brasil. J\u00e1 os pedidos de fal\u00eancia cresceram 12,%.<\/p>\n<p>&nbsp;<\/p>\n<p>&nbsp;<\/p>\n<p>Por Maristela Brunetto\u00a0 CAMPO GRANDE NEWS<\/p>\n","protected":false},"excerpt":{"rendered":"<p>Com empresas famosas anunciando pedido de recupera\u00e7\u00e3o judicial, como as Americanas e, mais recentemente, a Light, do Rio de Janeiro, o complexo tema da condu\u00e7\u00e3o desses processos em varas de fal\u00eancia e recupera\u00e7\u00e3o judicial demanda discuss\u00f5es no meio jur\u00eddico. Por ser um ramo do direito espec\u00edfico, a OAB\/MS (Ordem do Advogados do Brasil seccional de [&hellip;]<\/p>\n","protected":false},"author":4,"featured_media":239991,"comment_status":"closed","ping_status":"closed","sticky":false,"template":"","format":"standard","meta":{"footnotes":""},"categories":[37],"tags":[],"class_list":["post-239990","post","type-post","status-publish","format-standard","has-post-thumbnail","hentry","category-politica"],"_links":{"self":[{"href":"https:\/\/www.ocorreionews.com.br\/acervo-correio\/index.php?rest_route=\/wp\/v2\/posts\/239990","targetHints":{"allow":["GET"]}}],"collection":[{"href":"https:\/\/www.ocorreionews.com.br\/acervo-correio\/index.php?rest_route=\/wp\/v2\/posts"}],"about":[{"href":"https:\/\/www.ocorreionews.com.br\/acervo-correio\/index.php?rest_route=\/wp\/v2\/types\/post"}],"author":[{"embeddable":true,"href":"https:\/\/www.ocorreionews.com.br\/acervo-correio\/index.php?rest_route=\/wp\/v2\/users\/4"}],"replies":[{"embeddable":true,"href":"https:\/\/www.ocorreionews.com.br\/acervo-correio\/index.php?rest_route=%2Fwp%2Fv2%2Fcomments&post=239990"}],"version-history":[{"count":1,"href":"https:\/\/www.ocorreionews.com.br\/acervo-correio\/index.php?rest_route=\/wp\/v2\/posts\/239990\/revisions"}],"predecessor-version":[{"id":240010,"href":"https:\/\/www.ocorreionews.com.br\/acervo-correio\/index.php?rest_route=\/wp\/v2\/posts\/239990\/revisions\/240010"}],"wp:featuredmedia":[{"embeddable":true,"href":"https:\/\/www.ocorreionews.com.br\/acervo-correio\/index.php?rest_route=\/wp\/v2\/media\/239991"}],"wp:attachment":[{"href":"https:\/\/www.ocorreionews.com.br\/acervo-correio\/index.php?rest_route=%2Fwp%2Fv2%2Fmedia&parent=239990"}],"wp:term":[{"taxonomy":"category","embeddable":true,"href":"https:\/\/www.ocorreionews.com.br\/acervo-correio\/index.php?rest_route=%2Fwp%2Fv2%2Fcategories&post=239990"},{"taxonomy":"post_tag","embeddable":true,"href":"https:\/\/www.ocorreionews.com.br\/acervo-correio\/index.php?rest_route=%2Fwp%2Fv2%2Ftags&post=239990"}],"curies":[{"name":"wp","href":"https:\/\/api.w.org\/{rel}","templated":true}]}}