{"id":240005,"date":"2023-05-17T07:21:47","date_gmt":"2023-05-17T11:21:47","guid":{"rendered":"https:\/\/www.ocorreionews.com.br\/acervo-correio\/?p=240005"},"modified":"2023-05-17T09:36:49","modified_gmt":"2023-05-17T13:36:49","slug":"identificado-motociclista-que-morreu-em-acidente-com-carreta-em-sao-gabriel-do-oeste","status":"publish","type":"post","link":"https:\/\/www.ocorreionews.com.br\/acervo-correio\/?p=240005","title":{"rendered":"Identificado motociclista que morreu em acidente com carreta em S\u00e3o Gabriel do Oeste"},"content":{"rendered":"<p>Foi identificado como Alcimar de Oliveira Ferreira, de 37 anos, o condutor da motocicleta que atingiu carreta tanque e deixou tr\u00eas mortos na BR-163, sentido S\u00e3o Gabriel do Oeste, a 137 quil\u00f4metros de Campo Grande, durante a tarde desta ter\u00e7a-feira (16).<\/p>\n<p>Segundo o site Veja Folha, Alcimar e os dois filhos, Joaquim Alcides Sabino Ferreira, de 6 anos e Sarah Let\u00edcia Sabino Ferreira, de 12 anos, ocupavam a motocicleta que acabou batendo em uma carreta que seguia sentido S\u00e3o Gabriel do Oeste. Informa\u00e7\u00f5es do boletim de ocorr\u00eancia d\u00e3o conta de que repentinamente a motocicleta invadiu a pista contr\u00e1ria e bateu de frente com a carreta. O ve\u00edculo foi arrastado por cerca de 15 metros e sofreu um princ\u00edpio de inc\u00eandio.<\/p>\n<p>A motocicleta ficou presa na frente da carreta, que foi queimada, e um dos corpos ficou enroscado embaixo de um dos pneus do ve\u00edculo. As duas outras v\u00edtimas ainda n\u00e3o foram identificadas, mas seriam moradores de um assentamento na regi\u00e3o.<\/p>\n<p>Equipes da PRF (Pol\u00edcia Rodovi\u00e1ria Federal) e da Per\u00edcia Criminal estiveram no local. O tr\u00e2nsito seguiu com desvios para quem precisava passar pela rodovia. Os corpos seguem para o IML (Instituto de Medicina Legal) de Coxim, a 253 km.<\/p>\n<figure style=\"width: 640px\" class=\"wp-caption alignnone\"><img loading=\"lazy\" decoding=\"async\" src=\"https:\/\/www.ocorreionews.com.br\/acervo-correio\/wp-content\/uploads\/2023\/05\/640x430xac-sgoeste-casal2-640x430.png.pagespeed.ic.06mi2cHE5z.webp\" alt=\"\" width=\"640\" height=\"430\" \/><figcaption class=\"wp-caption-text\">(Foto: Sidney Assis)<\/figcaption><\/figure>\n<figure style=\"width: 640px\" class=\"wp-caption alignnone\"><img loading=\"lazy\" decoding=\"async\" src=\"https:\/\/www.ocorreionews.com.br\/acervo-correio\/wp-content\/uploads\/2023\/05\/640x480xac-sgoeste-casal.png.pagespeed.ic.AJe8zblUog.webp\" alt=\"\" width=\"640\" height=\"480\" \/><figcaption class=\"wp-caption-text\">(Foto: Sidney Assis)<\/figcaption><\/figure>\n<p>Por Gustavo Bonotto e Sidney Assis &#8211;\u00a0 CAMPO GRANDE NEWS<\/p>\n<p><em>*Editado para acr\u00e9scimos de informa\u00e7\u00f5es.<\/em><\/p>\n","protected":false},"excerpt":{"rendered":"<p>Foi identificado como Alcimar de Oliveira Ferreira, de 37 anos, o condutor da motocicleta que atingiu carreta tanque e deixou tr\u00eas mortos na BR-163, sentido S\u00e3o Gabriel do Oeste, a 137 quil\u00f4metros de Campo Grande, durante a tarde desta ter\u00e7a-feira (16). Segundo o site Veja Folha, Alcimar e os dois filhos, Joaquim Alcides Sabino Ferreira, [&hellip;]<\/p>\n","protected":false},"author":4,"featured_media":240006,"comment_status":"closed","ping_status":"closed","sticky":false,"template":"","format":"standard","meta":{"footnotes":""},"categories":[38],"tags":[],"class_list":["post-240005","post","type-post","status-publish","format-standard","has-post-thumbnail","hentry","category-policia"],"_links":{"self":[{"href":"https:\/\/www.ocorreionews.com.br\/acervo-correio\/index.php?rest_route=\/wp\/v2\/posts\/240005","targetHints":{"allow":["GET"]}}],"collection":[{"href":"https:\/\/www.ocorreionews.com.br\/acervo-correio\/index.php?rest_route=\/wp\/v2\/posts"}],"about":[{"href":"https:\/\/www.ocorreionews.com.br\/acervo-correio\/index.php?rest_route=\/wp\/v2\/types\/post"}],"author":[{"embeddable":true,"href":"https:\/\/www.ocorreionews.com.br\/acervo-correio\/index.php?rest_route=\/wp\/v2\/users\/4"}],"replies":[{"embeddable":true,"href":"https:\/\/www.ocorreionews.com.br\/acervo-correio\/index.php?rest_route=%2Fwp%2Fv2%2Fcomments&post=240005"}],"version-history":[{"count":1,"href":"https:\/\/www.ocorreionews.com.br\/acervo-correio\/index.php?rest_route=\/wp\/v2\/posts\/240005\/revisions"}],"predecessor-version":[{"id":240035,"href":"https:\/\/www.ocorreionews.com.br\/acervo-correio\/index.php?rest_route=\/wp\/v2\/posts\/240005\/revisions\/240035"}],"wp:featuredmedia":[{"embeddable":true,"href":"https:\/\/www.ocorreionews.com.br\/acervo-correio\/index.php?rest_route=\/wp\/v2\/media\/240006"}],"wp:attachment":[{"href":"https:\/\/www.ocorreionews.com.br\/acervo-correio\/index.php?rest_route=%2Fwp%2Fv2%2Fmedia&parent=240005"}],"wp:term":[{"taxonomy":"category","embeddable":true,"href":"https:\/\/www.ocorreionews.com.br\/acervo-correio\/index.php?rest_route=%2Fwp%2Fv2%2Fcategories&post=240005"},{"taxonomy":"post_tag","embeddable":true,"href":"https:\/\/www.ocorreionews.com.br\/acervo-correio\/index.php?rest_route=%2Fwp%2Fv2%2Ftags&post=240005"}],"curies":[{"name":"wp","href":"https:\/\/api.w.org\/{rel}","templated":true}]}}