{"id":24001,"date":"2016-03-31T16:36:42","date_gmt":"2016-03-31T20:36:42","guid":{"rendered":"https:\/\/ocorreionews.com.br\/?p=24001"},"modified":"2016-03-31T16:36:42","modified_gmt":"2016-03-31T20:36:42","slug":"policiais-civis-param-atividades-por-12-horas-para-protestar-contra-falta-de-valorizacao-da-classe","status":"publish","type":"post","link":"https:\/\/www.ocorreionews.com.br\/acervo-correio\/?p=24001","title":{"rendered":"Policiais Civis param atividades por 12 horas para protestar contra falta de valoriza\u00e7\u00e3o da classe."},"content":{"rendered":"<div>\n<p class=\"x_MsoNormal\">Nesta sexta-feira (01), os policiais civis de todas as cidades do Mato Grosso do Sul v\u00e3o paralisar suas atividades por 12 horas como forma de protesto contra a falta de valoriza\u00e7\u00e3o da classe que h\u00e1 quase dois anos est\u00e1 sem reajuste salarial e sofre com as p\u00e9ssimas condi\u00e7\u00f5es de trabalho.<\/p>\n<p class=\"x_MsoNormal\">Segundo o Sindicato dos Policiais Civis do Mato Grosso do Sul, entidade que representa a classe, esta foi a forma encontrada de alertar \u00e0 sociedade e \u00e0s autoridades sobre a situa\u00e7\u00e3o. \u201cCansamos de ser enganados por promessas, proferidas em campanhas eleitorais, de que a Seguran\u00e7a P\u00fablica ser\u00e1 prioridade. A Seguran\u00e7a P\u00fablica \u00e9 feita pelos seus servidores, que se dedicam e doam suas vidas para proteger a sociedade. Portanto \u00e9 preciso, primeiramente, investir no policial civil\u201d, destacou.<\/p>\n<p class=\"x_MsoNormal\">Em Campo Grande, a concentra\u00e7\u00e3o do movimento ser\u00e1 realizada na Depac Centro.\u00a0 J\u00e1 nas delegacias do interior os policiais civis se reuniram em frente as delegacias regionais ou delegacias de maior movimento da cidade. Durante estas 12 horas ser\u00e3o realizados atendimentos excepcionais como casos de pris\u00f5es em flagrante, homic\u00eddios, remo\u00e7\u00e3o de cad\u00e1veres em resid\u00eancias ou em vias p\u00fablicas, desaparecimento de menores e lei Maria da Penha.<\/p>\n<p class=\"x_MsoNormal\">\n<p class=\"x_MsoNormal\">\n<\/div>\n<p>&#8212;<\/p>\n<div class=\"x_gmail_signature\">\n<div dir=\"ltr\">\n<p>Tamiris Barcellos<\/p>\n<div>\n<p>Assessora de Comunica\u00e7\u00e3o Sinpol-MS<\/p>\n<\/div>\n<\/div>\n<\/div>\n","protected":false},"excerpt":{"rendered":"<p>Nesta sexta-feira (01), os policiais civis de todas as cidades do Mato Grosso do Sul v\u00e3o paralisar suas atividades por 12 horas como forma de protesto contra a falta de valoriza\u00e7\u00e3o da classe que h\u00e1 quase dois anos est\u00e1 sem reajuste salarial e sofre com as p\u00e9ssimas condi\u00e7\u00f5es de trabalho. Segundo o Sindicato dos Policiais [&hellip;]<\/p>\n","protected":false},"author":4,"featured_media":24002,"comment_status":"closed","ping_status":"closed","sticky":false,"template":"","format":"standard","meta":{"footnotes":""},"categories":[38],"tags":[],"class_list":["post-24001","post","type-post","status-publish","format-standard","has-post-thumbnail","hentry","category-policia"],"_links":{"self":[{"href":"https:\/\/www.ocorreionews.com.br\/acervo-correio\/index.php?rest_route=\/wp\/v2\/posts\/24001","targetHints":{"allow":["GET"]}}],"collection":[{"href":"https:\/\/www.ocorreionews.com.br\/acervo-correio\/index.php?rest_route=\/wp\/v2\/posts"}],"about":[{"href":"https:\/\/www.ocorreionews.com.br\/acervo-correio\/index.php?rest_route=\/wp\/v2\/types\/post"}],"author":[{"embeddable":true,"href":"https:\/\/www.ocorreionews.com.br\/acervo-correio\/index.php?rest_route=\/wp\/v2\/users\/4"}],"replies":[{"embeddable":true,"href":"https:\/\/www.ocorreionews.com.br\/acervo-correio\/index.php?rest_route=%2Fwp%2Fv2%2Fcomments&post=24001"}],"version-history":[{"count":0,"href":"https:\/\/www.ocorreionews.com.br\/acervo-correio\/index.php?rest_route=\/wp\/v2\/posts\/24001\/revisions"}],"wp:featuredmedia":[{"embeddable":true,"href":"https:\/\/www.ocorreionews.com.br\/acervo-correio\/index.php?rest_route=\/wp\/v2\/media\/24002"}],"wp:attachment":[{"href":"https:\/\/www.ocorreionews.com.br\/acervo-correio\/index.php?rest_route=%2Fwp%2Fv2%2Fmedia&parent=24001"}],"wp:term":[{"taxonomy":"category","embeddable":true,"href":"https:\/\/www.ocorreionews.com.br\/acervo-correio\/index.php?rest_route=%2Fwp%2Fv2%2Fcategories&post=24001"},{"taxonomy":"post_tag","embeddable":true,"href":"https:\/\/www.ocorreionews.com.br\/acervo-correio\/index.php?rest_route=%2Fwp%2Fv2%2Ftags&post=24001"}],"curies":[{"name":"wp","href":"https:\/\/api.w.org\/{rel}","templated":true}]}}