{"id":24004,"date":"2016-03-31T16:55:48","date_gmt":"2016-03-31T20:55:48","guid":{"rendered":"https:\/\/ocorreionews.com.br\/?p=24004"},"modified":"2016-03-31T16:55:48","modified_gmt":"2016-03-31T20:55:48","slug":"presidente-marcos-navarini-entrega-relatorios-financeiros-de-janeiro-e-fevereiro-aos-vereadores","status":"publish","type":"post","link":"https:\/\/www.ocorreionews.com.br\/acervo-correio\/?p=24004","title":{"rendered":"Presidente Marcos Navarini Entrega Relat\u00f3rios Financeiros De Janeiro E Fevereiro Aos Vereadores"},"content":{"rendered":"<p style=\"text-align: justify;\">Seguindo sua forma de trabalho que prioriza a transpar\u00eancia e responsabilidade com os recursos financeiros do Poder Legislativo, o Presidente Marcos Navarini (PSDB), entregou durante a sess\u00e3o Ordin\u00e1ria realizada dia 28 de mar\u00e7o\/16, os relat\u00f3rios com os recursos repassados ao Legislativo atrav\u00e9s do duod\u00e9cimo e a aplica\u00e7\u00e3o dos mesmos, referente aos meses de janeiro e fevereiro.<\/p>\n<p style=\"text-align: justify;\">Atrav<span class=\"text_exposed_show\">\u00e9s dos relat\u00f3rios, os Vereadores tem a possibilidade de acompanhar e questionar os valores gastos do Legislativo em uma gest\u00e3o democr\u00e1tica que conta com a participa\u00e7\u00e3o de todos os vereadores.<\/span><\/p>\n<div class=\"text_exposed_show\">\n<p style=\"text-align: justify;\">Atualmente o Poder Legislativo conta com cerca de 320 mil reais em conta, al\u00e9m da devolu\u00e7\u00e3o mensal de 17.500,00 mil reais ao Poder Executivo para manuten\u00e7\u00e3o dos conv\u00eanios, sendo 15 mil para o col\u00e9gio Alicerce e 2.500,00 para Constela\u00e7\u00e3o Associa\u00e7\u00e3o Cultural &#8211; CAC.<\/p>\n<p style=\"text-align: justify;\">Em rela\u00e7\u00e3o aos conv\u00eanios e repasses mensais ao Col\u00e9gio Alicerce, o Presidente do Legislativo lembrou que o munic\u00edpio precisa manter esta parceria com a referida unidade de ensino, que presta um servi\u00e7o importante \u00e0 popula\u00e7\u00e3o, mas tamb\u00e9m deve auxiliar o Col\u00e9gio Fruto da Terra.<\/p>\n<p style=\"text-align: justify;\">\u201cE caso o prefeito tenha interesse em firmar um conv\u00eanio ou auxiliar o Col\u00e9gio Fruto de Terra, a C\u00e2mara Municipal est\u00e1 \u00e0 disposi\u00e7\u00e3o para dialogar. Tenho certeza que todos os vereadores ser\u00e3o favor\u00e1veis a qualquer incentivo que beneficie a educa\u00e7\u00e3o dos alunos e professores do Col\u00e9gio Fruto de Terra\u201d Finalizou.<\/p>\n<p style=\"text-align: justify;\">C\u00e2mara Municipal<\/p>\n<\/div>\n","protected":false},"excerpt":{"rendered":"<p>Seguindo sua forma de trabalho que prioriza a transpar\u00eancia e responsabilidade com os recursos financeiros do Poder Legislativo, o Presidente Marcos Navarini (PSDB), entregou durante a sess\u00e3o Ordin\u00e1ria realizada dia 28 de mar\u00e7o\/16, os relat\u00f3rios com os recursos repassados ao Legislativo atrav\u00e9s do duod\u00e9cimo e a aplica\u00e7\u00e3o dos mesmos, referente aos meses de janeiro e [&hellip;]<\/p>\n","protected":false},"author":4,"featured_media":24005,"comment_status":"closed","ping_status":"closed","sticky":false,"template":"","format":"standard","meta":{"footnotes":""},"categories":[22],"tags":[],"class_list":["post-24004","post","type-post","status-publish","format-standard","has-post-thumbnail","hentry","category-chapadao-do-ceu"],"_links":{"self":[{"href":"https:\/\/www.ocorreionews.com.br\/acervo-correio\/index.php?rest_route=\/wp\/v2\/posts\/24004","targetHints":{"allow":["GET"]}}],"collection":[{"href":"https:\/\/www.ocorreionews.com.br\/acervo-correio\/index.php?rest_route=\/wp\/v2\/posts"}],"about":[{"href":"https:\/\/www.ocorreionews.com.br\/acervo-correio\/index.php?rest_route=\/wp\/v2\/types\/post"}],"author":[{"embeddable":true,"href":"https:\/\/www.ocorreionews.com.br\/acervo-correio\/index.php?rest_route=\/wp\/v2\/users\/4"}],"replies":[{"embeddable":true,"href":"https:\/\/www.ocorreionews.com.br\/acervo-correio\/index.php?rest_route=%2Fwp%2Fv2%2Fcomments&post=24004"}],"version-history":[{"count":0,"href":"https:\/\/www.ocorreionews.com.br\/acervo-correio\/index.php?rest_route=\/wp\/v2\/posts\/24004\/revisions"}],"wp:featuredmedia":[{"embeddable":true,"href":"https:\/\/www.ocorreionews.com.br\/acervo-correio\/index.php?rest_route=\/wp\/v2\/media\/24005"}],"wp:attachment":[{"href":"https:\/\/www.ocorreionews.com.br\/acervo-correio\/index.php?rest_route=%2Fwp%2Fv2%2Fmedia&parent=24004"}],"wp:term":[{"taxonomy":"category","embeddable":true,"href":"https:\/\/www.ocorreionews.com.br\/acervo-correio\/index.php?rest_route=%2Fwp%2Fv2%2Fcategories&post=24004"},{"taxonomy":"post_tag","embeddable":true,"href":"https:\/\/www.ocorreionews.com.br\/acervo-correio\/index.php?rest_route=%2Fwp%2Fv2%2Ftags&post=24004"}],"curies":[{"name":"wp","href":"https:\/\/api.w.org\/{rel}","templated":true}]}}