{"id":24007,"date":"2016-03-31T17:08:50","date_gmt":"2016-03-31T21:08:50","guid":{"rendered":"https:\/\/ocorreionews.com.br\/?p=24007"},"modified":"2016-03-31T17:09:48","modified_gmt":"2016-03-31T21:09:48","slug":"figueirao-nota-de-esclarecimento-incendio","status":"publish","type":"post","link":"https:\/\/www.ocorreionews.com.br\/acervo-correio\/?p=24007","title":{"rendered":"Figueir\u00e3o: Nota de Esclarecimento &#8211; Inc\u00eandio"},"content":{"rendered":"<p>Referente ao inc\u00eandio do \u00f4nibus de modelo Volare W9, placa HSH-0226, de posse da Prefeitura Municipal de Figueir\u00e3o, ocorrido na madrugada desta quinta-feira (31), pr\u00f3ximo a Camapu\u00e3, esclarecemos que:<\/p>\n<p>1 \u2013 O inc\u00eandio iniciou em uma das rodas traseiras e se alastrou pelo carro;<\/p>\n<p>2 \u2013 O ve\u00edculo, que levava pacientes com exames m\u00e9dicos agendados em Campo Grande (MS), estava com todas suas manuten\u00e7\u00f5es em dia, sendo a \u00faltima registrada em fevereiro deste ano;<\/p>\n<p>3 &#8211; \u00a0Nenhum dos passageiros foi ferido, e a Prefeitura Municipal de Figueir\u00e3o fez contato com todos envolvidos, em prontid\u00e3o para servir no que for preciso;<\/p>\n<p>4 \u2013 Entre as \u00faltimas manuten\u00e7\u00f5es preventivas realizadas no ve\u00edculo incluem a aferi\u00e7\u00e3o do tac\u00f3grafo, verifica\u00e7\u00e3o de inje\u00e7\u00e3o eletr\u00f4nica, caixa de dire\u00e7\u00e3o, extintor, alinhamento e balanceamento, sistema de ar condicionado e embreagem.<\/p>\n<p>5 \u2013 A Prefeitura Municipal de Figueir\u00e3o cumpre com as responsabilidades e investigar\u00e1 poss\u00edveis causas do acidente.<\/p>\n<p>Verifique nos links documentos das \u00faltimas manuten\u00e7\u00f5es:<\/p>\n<p>Ar condicionado &#8211; http:\/\/<a href=\"http:\/\/goo.gl\/cyLOKJ\">goo.gl\/cyLOKJ<\/a><\/p>\n<p>Tac\u00f3grafo &#8211;\u00a0http:\/\/<a href=\"http:\/\/goo.gl\/udhYKE\">goo.gl\/udhYKE<\/a><\/p>\n<p>Geral &#8211; http:\/\/<a href=\"http:\/\/goo.gl\/Q97IYn\">goo.gl\/Q97IYn<\/a><\/p>\n<figure id=\"attachment_24009\" aria-describedby=\"caption-attachment-24009\" style=\"width: 300px\" class=\"wp-caption alignnone\"><a href=\"https:\/\/ocorreionews.com.br\/wp-content\/uploads\/2016\/03\/normal_DSC_9085.jpg\" rel=\"attachment wp-att-24009\"><img loading=\"lazy\" decoding=\"async\" class=\"size-medium wp-image-24009\" src=\"https:\/\/ocorreionews.com.br\/wp-content\/uploads\/2016\/03\/normal_DSC_9085-300x199.jpg\" alt=\"????????????????????????????????????\" width=\"300\" height=\"199\" srcset=\"https:\/\/www.ocorreionews.com.br\/acervo-correio\/wp-content\/uploads\/2016\/03\/normal_DSC_9085-300x199.jpg 300w, https:\/\/www.ocorreionews.com.br\/acervo-correio\/wp-content\/uploads\/2016\/03\/normal_DSC_9085.jpg 670w\" sizes=\"auto, (max-width: 300px) 100vw, 300px\" \/><\/a><figcaption id=\"caption-attachment-24009\" class=\"wp-caption-text\">????????????????????????????????????<\/figcaption><\/figure>\n<p>&nbsp;<\/p>\n<p>Texto: Assessoria de Comunica\u00e7\u00e3o<\/p>\n","protected":false},"excerpt":{"rendered":"<p>Referente ao inc\u00eandio do \u00f4nibus de modelo Volare W9, placa HSH-0226, de posse da Prefeitura Municipal de Figueir\u00e3o, ocorrido na madrugada desta quinta-feira (31), pr\u00f3ximo a Camapu\u00e3, esclarecemos que: 1 \u2013 O inc\u00eandio iniciou em uma das rodas traseiras e se alastrou pelo carro; 2 \u2013 O ve\u00edculo, que levava pacientes com exames m\u00e9dicos agendados [&hellip;]<\/p>\n","protected":false},"author":4,"featured_media":18211,"comment_status":"closed","ping_status":"closed","sticky":false,"template":"","format":"standard","meta":{"footnotes":""},"categories":[30],"tags":[],"class_list":["post-24007","post","type-post","status-publish","format-standard","has-post-thumbnail","hentry","category-figueirao"],"_links":{"self":[{"href":"https:\/\/www.ocorreionews.com.br\/acervo-correio\/index.php?rest_route=\/wp\/v2\/posts\/24007","targetHints":{"allow":["GET"]}}],"collection":[{"href":"https:\/\/www.ocorreionews.com.br\/acervo-correio\/index.php?rest_route=\/wp\/v2\/posts"}],"about":[{"href":"https:\/\/www.ocorreionews.com.br\/acervo-correio\/index.php?rest_route=\/wp\/v2\/types\/post"}],"author":[{"embeddable":true,"href":"https:\/\/www.ocorreionews.com.br\/acervo-correio\/index.php?rest_route=\/wp\/v2\/users\/4"}],"replies":[{"embeddable":true,"href":"https:\/\/www.ocorreionews.com.br\/acervo-correio\/index.php?rest_route=%2Fwp%2Fv2%2Fcomments&post=24007"}],"version-history":[{"count":0,"href":"https:\/\/www.ocorreionews.com.br\/acervo-correio\/index.php?rest_route=\/wp\/v2\/posts\/24007\/revisions"}],"wp:featuredmedia":[{"embeddable":true,"href":"https:\/\/www.ocorreionews.com.br\/acervo-correio\/index.php?rest_route=\/wp\/v2\/media\/18211"}],"wp:attachment":[{"href":"https:\/\/www.ocorreionews.com.br\/acervo-correio\/index.php?rest_route=%2Fwp%2Fv2%2Fmedia&parent=24007"}],"wp:term":[{"taxonomy":"category","embeddable":true,"href":"https:\/\/www.ocorreionews.com.br\/acervo-correio\/index.php?rest_route=%2Fwp%2Fv2%2Fcategories&post=24007"},{"taxonomy":"post_tag","embeddable":true,"href":"https:\/\/www.ocorreionews.com.br\/acervo-correio\/index.php?rest_route=%2Fwp%2Fv2%2Ftags&post=24007"}],"curies":[{"name":"wp","href":"https:\/\/api.w.org\/{rel}","templated":true}]}}