{"id":240074,"date":"2023-05-17T15:17:16","date_gmt":"2023-05-17T19:17:16","guid":{"rendered":"https:\/\/www.ocorreionews.com.br\/acervo-correio\/?p=240074"},"modified":"2023-05-17T15:17:16","modified_gmt":"2023-05-17T19:17:16","slug":"prazo-para-entrega-da-declaracao-anual-do-mei-termina-dia-31-saiba-como-fazer","status":"publish","type":"post","link":"https:\/\/www.ocorreionews.com.br\/acervo-correio\/?p=240074","title":{"rendered":"Prazo para entrega da Declara\u00e7\u00e3o Anual do MEI termina dia 31, saiba como fazer"},"content":{"rendered":"<div id=\"content-core\">\n<div id=\"parent-fieldname-text\" class=\"\">\n<p>Os Microempreendedores Individuais (MEIs) devem estar atentos ao prazo de entrega da Declara\u00e7\u00e3o Anual Simplificada (DASN-SIMEI), que termina no pr\u00f3ximo dia 31 de maio.<\/p>\n<p>A entrega fora do prazo sujeita o contribuinte \u00e0 multa de 2% ao m\u00eas de atraso, limitada a 20% sobre o valor total dos tributos declarados, ou m\u00ednimo de R$ 50,00. A multa \u00e9 emitida automaticamente ap\u00f3s a transmiss\u00e3o da declara\u00e7\u00e3o.<\/p>\n<p>Est\u00e1 obrigado a declarar o empres\u00e1rio individual que foi optante em algum per\u00edodo de 2022.<\/p>\n<p><strong class=\"sbAccessibilityFontSize\">Aprenda como fazer a declara\u00e7\u00e3o anual do MEI<\/strong><\/p>\n<div id=\"c9963cfaa1615810VgnVCM100000d701210a____\" class=\"collisionBox sbAccessibilityFontSize\">\n<div class=\"sb-integra-conteudo__text sbAccessibilityFontSize\">\n<p class=\"sbAccessibilityFontSize\">Todos os Microempreendedores Individuais (MEIs) s\u00e3o obrigados a declararem o Imposto de Renda como pessoa f\u00edsica e a entregarem a <strong class=\"sbAccessibilityFontSize\">Declara\u00e7\u00e3o Anual do Simples Nacional (DASN-SIMEI)<\/strong>, que tamb\u00e9m \u00e9 reconhecida como uma obriga\u00e7\u00e3o e responsabilidade deste empres\u00e1rio.<\/p>\n<p class=\"sbAccessibilityFontSize\">As principais informa\u00e7\u00f5es a serem apresentadas s\u00e3o as receitas obtidas durante o ano, segundo os diferentes tipos de atividades, como com\u00e9rcio, ind\u00fastria e presta\u00e7\u00e3o de servi\u00e7os.<\/p>\n<p class=\"sbAccessibilityFontSize\">O mais legal \u00e9 que esse tipo de declara\u00e7\u00e3o \u00e9 simplificada e torna todo o processo menos burocr\u00e1tico.<\/p>\n<p class=\"sbAccessibilityFontSize\">Voc\u00ea n\u00e3o precisa sair de casa j\u00e1 que o procedimento \u00e9 feito pela internet.<\/p>\n<p class=\"sbAccessibilityFontSize\">Mas antes de aprender como fazer a declara\u00e7\u00e3o, voc\u00ea deve saber que existem algumas caracter\u00edsticas pr\u00f3prias para as empresas MEIs e que precisam ser cumpridas.<\/p>\n<p class=\"sbAccessibilityFontSize\">Conforme o\u00a0portal de empresas e neg\u00f3cios do Governo Federal, para se tornar MEI, voc\u00ea deve obrigatoriamente:<\/p>\n<ul class=\"sbAccessibilityFontSize\">\n<li class=\"sbAccessibilityFontSize\">Voc\u00ea s\u00f3 pode no m\u00e1ximo contratar um funcion\u00e1rio;<\/li>\n<li class=\"sbAccessibilityFontSize\">Voc\u00ea n\u00e3o pode ser s\u00f3cio, titular ou administrador de outra empresa;<\/li>\n<li class=\"sbAccessibilityFontSize\">Voc\u00ea n\u00e3o pode ter ou abrir posteriormente uma filial;<\/li>\n<li class=\"sbAccessibilityFontSize\">O seu faturamento anual deve ser de no m\u00e1ximo R$ 81 mil ou proporcional ao m\u00eas de abertura.<\/li>\n<\/ul>\n<p class=\"sbAccessibilityFontSize\">O Governo Federal explica ainda que deve ser levado em considera\u00e7\u00e3o o faturamento de R$ 6.750,00 ao m\u00eas.<\/p>\n<p class=\"sbAccessibilityFontSize\">E o valor proporcional deve ser seguido criteriosamente, por exemplo, se voc\u00ea formalizou a sua empresa em maio de 2022, o seu limite de faturamento at\u00e9 o final do ano a ser declarado \u00e9 de R$ 54 mil.<\/p>\n<p class=\"sbAccessibilityFontSize\">Se voc\u00ea ficou interessado tamb\u00e9m em saber detalhes sobre os benef\u00edcios de ser MEI,\u00a0<strong><a class=\"sbAccessibilityFontSize\" title=\"Clique para acessar o conte\u00fado\" href=\"https:\/\/www.sebrae.com.br\/sites\/PortalSebrae\/ufs\/mt\/videos\/beneficios-de-se-tornar-um-mei,640df3d71ac2b710VgnVCM100000d701210aRCRD\" target=\"_blank\" rel=\"noopener\">neste link<\/a><\/strong>o Servi\u00e7o de Atendimento \u00e0s Micro e Pequenas Empresas no Amap\u00e1 (Sebrae AP) tem um <strong class=\"sbAccessibilityFontSize\">v\u00eddeo completo<\/strong> para lhe orientar.<\/p>\n<p><iframe loading=\"lazy\" title=\"Como fazer a declara\u00e7\u00e3o anual do MEI\" width=\"1170\" height=\"658\" src=\"https:\/\/www.youtube.com\/embed\/qWAJ_Rfpb_c?wmode=transparent&amp;rel=0&amp;feature=oembed\" frameborder=\"0\" allow=\"accelerometer; autoplay; clipboard-write; encrypted-media; gyroscope; picture-in-picture; web-share\" allowfullscreen><\/iframe><\/p>\n<p class=\"sbAccessibilityFontSize\">Agora que voc\u00ea j\u00e1 sabe qual o valor limite para a declara\u00e7\u00e3o como MEI e como calcular o valor proporcional caso tenha aberto o seu neg\u00f3cio recentemente, veja abaixo o passo a passo para entregar a Declara\u00e7\u00e3o Anual do Simples Nacional.<\/p>\n<p class=\"sbAccessibilityFontSize\">De maneira geral, o MEI deve informar o faturamento anual bruto de sua empresa, incluindo todas as vendas ou presta\u00e7\u00f5es de servi\u00e7os que foram realizadas durante todo o ano, e informar se realizou a contrata\u00e7\u00e3o de funcion\u00e1rio (no m\u00e1ximo at\u00e9 um).<\/p>\n<p class=\"sbAccessibilityFontSize\">A DASN-SIMEI \u00e9 realizada de maneira r\u00e1pida e f\u00e1cil no\u00a0<strong><a class=\"sbAccessibilityFontSize\" title=\"Clique para acessar o Portal do Empreendedor\" href=\"https:\/\/www.gov.br\/empresas-e-negocios\/pt-br\/empreendedor\" target=\"_blank\" rel=\"noopener\">Portal do Empreendedor<\/a>,<\/strong> assim como os demais procedimentos que est\u00e3o dispon\u00edveis para o Microempreendedor Individual.<\/p>\n<p class=\"sbAccessibilityFontSize\">No site \u00e9 poss\u00edvel fazer a inscri\u00e7\u00e3o, impress\u00e3o de boletos, altera\u00e7\u00e3o e baixa.<br \/>\nMas voc\u00ea deve ficar atento ao prazo para a declara\u00e7\u00e3o.<\/p>\n<p class=\"sbAccessibilityFontSize\">O per\u00edodo para ser transmitida \u00e9 entre 02 de janeiro e 31 de maio do ano subsequente.<\/p>\n<p class=\"sbAccessibilityFontSize\">Ao realizar nesse per\u00edodo, a Declara\u00e7\u00e3o Anual do Microempreendedor Individual \u00e9 transmitida e n\u00e3o \u00e9 gerado nenhum tipo de multa.<\/p>\n<\/div>\n<\/div>\n<div id=\"b9963cfaa1615810VgnVCM100000d701210a____\" class=\"collisionBox sbAccessibilityFontSize\">\n<div class=\"sb-integra-conteudo__text sbAccessibilityFontSize\">\n<h2 class=\"sbAccessibilityFontSize\"><strong class=\"sbAccessibilityFontSize\">E se n\u00e3o declarar dentro do prazo?<\/strong><\/h2>\n<p class=\"sbAccessibilityFontSize\">Conforme o Governo Federal, caso o Microempreendedor Individual (MEI) n\u00e3o tenha apresentado dentro do prazo a Declara\u00e7\u00e3o Anual do Simples Nacional,\u00a0ele ainda pode entreg\u00e1-la, mas dever\u00e1 pagar uma multa de 2% a cada m\u00eas de atraso, com o limite de 20% sobre o valor total dos tributos declarados ou ao m\u00ednimo de R$ 50.<\/p>\n<p class=\"sbAccessibilityFontSize\">\u00c9 isso mesmo, nesse caso n\u00e3o d\u00e1 para escapar da multa emitida de forma autom\u00e1tica logo ap\u00f3s a transmiss\u00e3o da declara\u00e7\u00e3o.<\/p>\n<p class=\"sbAccessibilityFontSize\">Se a situa\u00e7\u00e3o das suas finan\u00e7as ficou um pouco complicada e voc\u00ea precisou atrasar o pagamento, n\u00e3o demore muito a regularizar o seu CNPJ.<\/p>\n<p class=\"sbAccessibilityFontSize\">Quem est\u00e1 irregular fica impedido de gerar o Documento de Arrecada\u00e7\u00e3o do Simples Nacional (DAS), restado assim inadimplente e com baixas chances de acessar benef\u00edcios como empr\u00e9stimo junto a bancos.<\/p>\n<p class=\"sbAccessibilityFontSize\">Outras consequ\u00eancias tamb\u00e9m pesam para o exerc\u00edcio da profiss\u00e3o como, o bloqueio dos benef\u00edcios previdenci\u00e1rios pela falta do pagamento das arrecada\u00e7\u00f5es e a impossibilidade de parcelar os d\u00e9bitos enquanto n\u00e3o fizer a declara\u00e7\u00e3o.<\/p>\n<p class=\"sbAccessibilityFontSize\">J\u00e1 imaginou ficar nessa situa\u00e7\u00e3o?<\/p>\n<p class=\"sbAccessibilityFontSize\">\u00c9 por isso que voc\u00ea empreendedor deve manter sempre um controle de suas finan\u00e7as para assim n\u00e3o arriscar perder os prazos e ficar inadimplente.<\/p>\n<p class=\"sbAccessibilityFontSize\">Agora, para quem est\u00e1 a situa\u00e7\u00e3o regular \u00e9 poss\u00edvel ter acesso a v\u00e1rios benef\u00edcios previdenci\u00e1rios como:<\/p>\n<ul class=\"sbAccessibilityFontSize\">\n<li class=\"sbAccessibilityFontSize\">aposentadoria por idade<\/li>\n<li class=\"sbAccessibilityFontSize\">aposentadoria por invalidez<\/li>\n<li class=\"sbAccessibilityFontSize\">aux\u00edlio-doen\u00e7a<\/li>\n<li class=\"sbAccessibilityFontSize\">licen\u00e7a-maternidade<\/li>\n<li class=\"sbAccessibilityFontSize\">aux\u00edlio-reclus\u00e3o<\/li>\n<li class=\"sbAccessibilityFontSize\">pens\u00e3o por morte<\/li>\n<\/ul>\n<p class=\"sbAccessibilityFontSize\">Uma observa\u00e7\u00e3o importante: para conseguir ter acesso a esses benef\u00edcios, \u00e9 necess\u00e1rio ter cumprido o tempo de car\u00eancia exigido para cada uma das modalidades, certo?<\/p>\n<h3 class=\"sbAccessibilityFontSize\"><strong class=\"sbAccessibilityFontSize\">O que informar<\/strong><\/h3>\n<p class=\"sbAccessibilityFontSize\">\nN\u00e3o d\u00e1 para esconder nada na hora de fazer a declara\u00e7\u00e3o, certo?<\/p>\n<p class=\"sbAccessibilityFontSize\">\u00c9 necess\u00e1rio que o Microempreendedor Individual informe para a Receita Federal o valor total da sua receita bruta anual, recebida no ano anterior.<\/p>\n<p class=\"sbAccessibilityFontSize\">Tudo o que foi registrado, seja com a venda de mercadoria ou com a presta\u00e7\u00e3o de servi\u00e7os, que inclusive obriga o MEI a emitir nota fiscal, deve ser computado.<\/p>\n<p class=\"sbAccessibilityFontSize\">Para saber qual foi o rendimento anual, basta emitir o Relat\u00f3rio de Receitas Brutas e fazer a soma dos valores recebidos em cada m\u00eas.<\/p>\n<p class=\"sbAccessibilityFontSize\">O relat\u00f3rio \u00e9 um recurso que facilita muito na hora de fazer a Declara\u00e7\u00e3o Anual do Microempreendedor Individual.<\/p>\n<p class=\"sbAccessibilityFontSize\">N\u00e3o esque\u00e7a de informar tamb\u00e9m se possui ou n\u00e3o empregado.<\/p>\n<\/div>\n<\/div>\n<div id=\"a9963cfaa1615810VgnVCM100000d701210a____\" class=\"collisionBox sbAccessibilityFontSize\">\n<div class=\"sb-integra-conteudo__text sbAccessibilityFontSize\">\n<h3 class=\"sbAccessibilityFontSize\"><strong class=\"sbAccessibilityFontSize\">1\u00ba passo \u2013 Acessando o site da declara\u00e7\u00e3o\u00a0<\/strong><\/h3>\n<p class=\"sbAccessibilityFontSize\">Para acessar a declara\u00e7\u00e3o do MEI \u00e9 muito f\u00e1cil e n\u00e3o precisa nem sair de casa.<\/p>\n<p class=\"sbAccessibilityFontSize\">O documento fica dispon\u00edvel no <a class=\"sbAccessibilityFontSize\" title=\"Clique para acessar o Portal do Empreendedor\" href=\"https:\/\/www.gov.br\/empresas-e-negocios\/pt-br\/empreendedor\" target=\"_blank\" rel=\"noopener\">Portal do Empreendedor<\/a>, voc\u00ea deve clicar na op\u00e7\u00e3o DECLARA\u00c7\u00c3O ANUAL \u2013 DASN-SIMEI.<br \/>\nEm seguida, o portal vai abrir uma nova p\u00e1gina onde na qual voc\u00ea deve preencher o campo com o\u00a0\u00a0CNPJ da empresa e os caracteres alfanum\u00e9ricos. Em seguida \u00e9 s\u00f3 clicar em continuar. Ent\u00e3o voc\u00ea visualizar\u00e1 dois tipos de Declara\u00e7\u00f5es\/Ano calend\u00e1rio: Original e Retificadora.<br \/>\nNo local onde est\u00e1 escrito\u00a0\u00a0\u201coriginal\u201d aparecem v\u00e1rios anos e voc\u00ea deve escolher a op\u00e7\u00e3o do ano anterior, que o per\u00edodo para o qual voc\u00ea deseja fazer a Declara\u00e7\u00e3o Anual do MEI.<\/p>\n<h3 class=\"sbAccessibilityFontSize\">\n<strong class=\"sbAccessibilityFontSize\">2\u00ba Passo<\/strong><\/h3>\n<p class=\"sbAccessibilityFontSize\">\nAgora voc\u00ea deve acessar o campo do Valor da Receita Bruta Total. Nele voc\u00ea deve informar todos os valores faturados anualmente pela sua empresa. Em um campo logo abaixo voc\u00ea deve informar os valores referentes \u00e0s atividades desenvolvidas de com\u00e9rcio, ind\u00fastria e os servi\u00e7os de transporte intermunicipal e interestadual.<br \/>\nAssim que concluir a DASN-SIMEI (Declara\u00e7\u00e3o Anual) o sistema perguntar\u00e1 se o MEI deseja imprimir, basta confirmar e guardar o comprovante da sua Declara\u00e7\u00e3o Anual para apresentar quando necess\u00e1rio.<\/p>\n<h3 class=\"sbAccessibilityFontSize\">\n<strong class=\"sbAccessibilityFontSize\">3\u00ba Passo<\/strong><\/h3>\n<p class=\"sbAccessibilityFontSize\">\nPara o Microempreendedor Individual que n\u00e3o fez a Declara\u00e7\u00e3o Anual dentro do prazo, ou seja, at\u00e9 31 de maio, o procedimento \u00e9 o mesmo. Acessando o Portal do Empreendedor, na op\u00e7\u00e3o DECLARA\u00c7\u00c3O ANUAL \u2013 DASN-SIMEI, por\u00e9m,\u00a0fazendo o pagamento da multa por realizar a declara\u00e7\u00e3o fora do prazo.<\/p>\n<h3 class=\"sbAccessibilityFontSize\">\n<strong class=\"sbAccessibilityFontSize\">Cuidados:<\/strong><\/h3>\n<ul class=\"sbAccessibilityFontSize\">\n<li class=\"sbAccessibilityFontSize\">A Declara\u00e7\u00e3o Retificadora, s\u00f3 dever\u00e1 ser acionada caso o MEI desejar alterar o valor j\u00e1 informado.<\/li>\n<li class=\"sbAccessibilityFontSize\">Alguns \u00f3rg\u00e3os licenciadores como Prefeitura Municipal, Vigil\u00e2ncia Sanit\u00e1ria, Corpo de Bombeiros, Pol\u00edcia Civil, SEFAZ e outros costumam solicitar comprovante de entrega da Declara\u00e7\u00e3o Anual, quando na renova\u00e7\u00e3o de licen\u00e7as e alvar\u00e1s.<\/li>\n<li class=\"sbAccessibilityFontSize\">Para o MEI que desejar abrir conta em banco atrav\u00e9s de seu CNPJ \u00e9 bom saber que as institui\u00e7\u00f5es financeiras sempre solicitam comprova\u00e7\u00e3o de renda. A Declara\u00e7\u00e3o Anual do MEI serve como comprovante de imposto de renda da empresa.<\/li>\n<\/ul>\n<h2 class=\"sbAccessibilityFontSize\"><strong class=\"sbAccessibilityFontSize\">N\u00e3o se esque\u00e7a:<\/strong><\/h2>\n<ol class=\"sbAccessibilityFontSize\">\n<li class=\"sbAccessibilityFontSize\">\n<p class=\"sbAccessibilityFontSize\">N\u00e3o se pode confundir a DASN-SIMEI (Declara\u00e7\u00e3o Anual do MEI) com a Declara\u00e7\u00e3o Anual do Imposto de Renda da Pessoa F\u00edsica, que deve ser entregue at\u00e9 31 de maio.<\/p>\n<\/li>\n<li class=\"sbAccessibilityFontSize\">\n<p class=\"sbAccessibilityFontSize\">O Empreendedor deve separar o que se refere \u00e0 Pessoa F\u00edsica (CPF dele) e \u00e0 Pessoa Jur\u00eddica (CNPJ da empresa). A receita da atividade do MEI \u00e9 da Pessoa Jur\u00eddica.<\/p>\n<\/li>\n<li class=\"sbAccessibilityFontSize\">\n<p class=\"sbAccessibilityFontSize\">Os lucros retirados da empresa constituem a renda da Pessoa F\u00edsica e s\u00e3o considerados rendimentos isentos e n\u00e3o tribut\u00e1veis at\u00e9 o limite de 8% (para com\u00e9rcio e ind\u00fastria) ou 16% (servi\u00e7os) da receita bruta. Em caso de d\u00favidas, procure o Sebrae Amap\u00e1 ou um profissional de contabilidade da sua confian\u00e7a.<\/p>\n<\/li>\n<\/ol>\n<\/div>\n<\/div>\n<div id=\"7fb892eb73615810VgnVCM100000d701210a____\" class=\"collisionBox sbAccessibilityFontSize\">\n<div class=\"sb-integra-conteudo__text sbAccessibilityFontSize\">\n<h2 class=\"sbAccessibilityFontSize\"><strong class=\"sbAccessibilityFontSize\">Dicas finais<\/strong><\/h2>\n<p class=\"sbAccessibilityFontSize\">A Declara\u00e7\u00e3o Anual do Simples Nacional (DASN-SIMEI) \u00e9 r\u00e1pida e f\u00e1cil de fazer pela internet, por isso, n\u00e3o h\u00e1 desculpas para atrasos, mas se isso acontecer, tenha em mente que voc\u00ea dever\u00e1 pagar multa, fato considerado negativo para a sua empresa.<\/p>\n<p class=\"sbAccessibilityFontSize\">Fa\u00e7a o controle de todas as suas contas a pagar,\u00a0<strong><a class=\"sbAccessibilityFontSize\" title=\"Clique para acessar o conte\u00fado\" href=\"https:\/\/www.sebrae.com.br\/sites\/PortalSebrae\/artigos\/saiba-a-importancia-de-diferenciar-custos-fixos-e-variaveis,fa10ec0630313810VgnVCM100000d701210aRCRD\" target=\"_blank\" rel=\"noopener\">neste link<\/a>\u00a0<\/strong>o Sebrae te explica sobre fluxos de caixa e sobre a import\u00e2ncia de saber diferenciar custos fixos e custos vari\u00e1veis.<\/p>\n<p class=\"sbAccessibilityFontSize\">Assim \u00e9 poss\u00edvel fazer a arrecada\u00e7\u00e3o mensalmente sem comprometer o seu neg\u00f3cio na hora de emitir a declara\u00e7\u00e3o.<\/p>\n<p class=\"sbAccessibilityFontSize\">E n\u00e3o se esque\u00e7a, ao declarar voc\u00ea deve informar todos os seus rendimentos, ali\u00e1s, tenha muito cuidado com os limites de faturamento mensais.<\/p>\n<p class=\"sbAccessibilityFontSize\">Lembre-se que o MEI n\u00e3o pode ultrapassar o limite de R$ 81 mil de faturamento anual ou o proporcional mensal.<\/p>\n<p class=\"sbAccessibilityFontSize\">Por fim, n\u00e3o se esque\u00e7a de imprimir o comprovante e deixar sempre em local de f\u00e1cil acesso para ser apresentado quando for necess\u00e1rio. Gostou das dicas?<\/p>\n<\/div>\n<\/div>\n<\/div>\n<\/div>\n<p class=\"sbAccessibilityFontSize\">\n<p>*Sebrae (Maikon Richardson) e Governo Federal<\/p>\n","protected":false},"excerpt":{"rendered":"<p>Os Microempreendedores Individuais (MEIs) devem estar atentos ao prazo de entrega da Declara\u00e7\u00e3o Anual Simplificada (DASN-SIMEI), que termina no pr\u00f3ximo dia 31 de maio. A entrega fora do prazo sujeita o contribuinte \u00e0 multa de 2% ao m\u00eas de atraso, limitada a 20% sobre o valor total dos tributos declarados, ou m\u00ednimo de R$ 50,00. [&hellip;]<\/p>\n","protected":false},"author":5,"featured_media":227355,"comment_status":"closed","ping_status":"closed","sticky":false,"template":"","format":"standard","meta":{"footnotes":""},"categories":[26],"tags":[],"class_list":["post-240074","post","type-post","status-publish","format-standard","has-post-thumbnail","hentry","category-economia"],"_links":{"self":[{"href":"https:\/\/www.ocorreionews.com.br\/acervo-correio\/index.php?rest_route=\/wp\/v2\/posts\/240074","targetHints":{"allow":["GET"]}}],"collection":[{"href":"https:\/\/www.ocorreionews.com.br\/acervo-correio\/index.php?rest_route=\/wp\/v2\/posts"}],"about":[{"href":"https:\/\/www.ocorreionews.com.br\/acervo-correio\/index.php?rest_route=\/wp\/v2\/types\/post"}],"author":[{"embeddable":true,"href":"https:\/\/www.ocorreionews.com.br\/acervo-correio\/index.php?rest_route=\/wp\/v2\/users\/5"}],"replies":[{"embeddable":true,"href":"https:\/\/www.ocorreionews.com.br\/acervo-correio\/index.php?rest_route=%2Fwp%2Fv2%2Fcomments&post=240074"}],"version-history":[{"count":1,"href":"https:\/\/www.ocorreionews.com.br\/acervo-correio\/index.php?rest_route=\/wp\/v2\/posts\/240074\/revisions"}],"predecessor-version":[{"id":240075,"href":"https:\/\/www.ocorreionews.com.br\/acervo-correio\/index.php?rest_route=\/wp\/v2\/posts\/240074\/revisions\/240075"}],"wp:featuredmedia":[{"embeddable":true,"href":"https:\/\/www.ocorreionews.com.br\/acervo-correio\/index.php?rest_route=\/wp\/v2\/media\/227355"}],"wp:attachment":[{"href":"https:\/\/www.ocorreionews.com.br\/acervo-correio\/index.php?rest_route=%2Fwp%2Fv2%2Fmedia&parent=240074"}],"wp:term":[{"taxonomy":"category","embeddable":true,"href":"https:\/\/www.ocorreionews.com.br\/acervo-correio\/index.php?rest_route=%2Fwp%2Fv2%2Fcategories&post=240074"},{"taxonomy":"post_tag","embeddable":true,"href":"https:\/\/www.ocorreionews.com.br\/acervo-correio\/index.php?rest_route=%2Fwp%2Fv2%2Ftags&post=240074"}],"curies":[{"name":"wp","href":"https:\/\/api.w.org\/{rel}","templated":true}]}}