{"id":240076,"date":"2023-05-17T15:24:45","date_gmt":"2023-05-17T19:24:45","guid":{"rendered":"https:\/\/www.ocorreionews.com.br\/acervo-correio\/?p=240076"},"modified":"2023-05-17T15:24:45","modified_gmt":"2023-05-17T19:24:45","slug":"icms-fixo-vai-anular-queda-de-r-029-na-gasolina-diz-sindicato","status":"publish","type":"post","link":"https:\/\/www.ocorreionews.com.br\/acervo-correio\/?p=240076","title":{"rendered":"ICMS fixo vai anular queda de R$ 0,29 na gasolina, diz sindicato"},"content":{"rendered":"<p>A queda no pre\u00e7o da gasolina, anunciada pela Petrobras, ser\u00e1 praticamente anulada quando come\u00e7ar a vigorar o ICMS (Imposto sobre Circula\u00e7\u00e3o de Mercadorias e Servi\u00e7os) fixo em todos os estados. \u00c9 o que acredita o diretor-executivo do Sinpetro-MS (Sindicato do Com\u00e9rcio Varejista de Derivados de Petr\u00f3leo e Lubrificantes), Edson Lazarotto.<\/p>\n<p>Na ter\u00e7a-feira (16), a Petrobras informou a redu\u00e7\u00e3o em R$ 0,40 por litro\u00a0da gasolina, saindo de R$ 3,18 para R$ 2,78, nas distribuidoras.\u00a0O diesel tamb\u00e9m teve retra\u00e7\u00e3o no pre\u00e7o, de R$ 0,44, saindo de R$ 3,46 para R$ 3,02. Todas come\u00e7am a valer a partir desta quarta-feira (17).<\/p>\n<p>Com isso, segundo o Sinpetro, o impacto nas bombas dos postos de Mato Grosso do Sul deve ser, em m\u00e9dia, R$ 0,29 e R$ 0,39, respectivamente.<\/p>\n<p>\u201cEm 1\u00b0 de junho inicia o ICMS fixo de RS 1,22 na gasolina em todos estados, portanto, como hoje o ICMS \u00e9 de R$ 0,92, teremos acr\u00e9scimo de R$ 0,30 de ICMS, tornando quase nula essa queda anunciada\u201d, explicou.<\/p>\n<p>A equipe de reportagem do Campo Grande News percorreu cinco postos e nenhum deles havia alterado o pre\u00e7o. De acordo com o gerente de um dos postos da Avenida Costa e Silva, que preferiu n\u00e3o se identificar, o valor ser\u00e1 mantido at\u00e9 chegar uma nova remessa de combust\u00edvel.<\/p>\n<p>Ele diz que ainda n\u00e3o consegue estimar o custo para o consumidor. No local, o litro da gasolina est\u00e1 sendo comercializado a R$ 5,07.<\/p>\n<p>Em outro estabelecimento na mesma avenida, o pre\u00e7o do produto ainda n\u00e3o foi alterado e continua a R$ 5,09.<\/p>\n<p><strong>Reflexo &#8211;\u00a0<\/strong>Qualquer redu\u00e7\u00e3o anunciada j\u00e1 ajuda o consumidor. \u00c9 o caso do m\u00fasico Thiago Pereira, de 31 anos. \u201cEu, por exemplo, levo minha esposa no servi\u00e7o e trabalho, qualquer centavo faz a diferen\u00e7a. N\u00e3o acredito que vai continuar baixando, mas reduzindo agora j\u00e1 ajuda bastante\u201d, destacou.<\/p>\n<div class=\"image-container fr-draggable fr-deletable mx-2 my-1 float-none\">\n<figure class=\"float-none text-center mx-auto\"><a href=\"https:\/\/cdn6.campograndenews.com.br\/uploads\/noticias\/2023\/05\/17\/4c46f665060f20b555615804563cb6e0efbe6b4f.jpeg\" data-fslightbox=\"gallery\" data-title=\"Para Thiago, qualquer queda, mesmo que seja m\u00ednima, j\u00e1 ajuda no or\u00e7amento (Foto: Henrique Kawaminami)\"><img loading=\"lazy\" decoding=\"async\" class=\"img-fluid\" src=\"https:\/\/cdn6.campograndenews.com.br\/uploads\/noticias\/2023\/05\/17\/ltzokp6wkbfs.jpeg\" sizes=\"auto, (min-width: 1024px) calc(.5 * (100vw - 21.875em)), 100vw\" srcset=\"https:\/\/cdn6.campograndenews.com.br\/uploads\/noticias\/2023\/05\/17\/30sbkhs22okko.jpeg 1024w, https:\/\/cdn6.campograndenews.com.br\/uploads\/noticias\/2023\/05\/17\/3azcyhrhil44w.jpeg 640w, https:\/\/cdn6.campograndenews.com.br\/uploads\/noticias\/2023\/05\/17\/ltzokp6wkbfs.jpeg 320w\" alt=\"Para Thiago, qualquer queda, mesmo que seja m\u00ednima, j\u00e1 ajuda no or\u00e7amento (Foto: Henrique Kawaminami)\" width=\"800\" height=\"1062\" \/><\/a><figcaption class=\"mx-auto text-left\">Para Thiago, qualquer queda, mesmo que seja m\u00ednima, j\u00e1 ajuda no or\u00e7amento (Foto: Henrique Kawaminami)<\/figcaption><\/figure>\n<\/div>\n<p>Ele conta que gasta, em m\u00e9dia, R$ 200 para encher o tanque do carro por uma vez. No entanto, no m\u00eas, ele enche o tanque de duas a tr\u00eas vezes.<\/p>\n<p>O servidor p\u00fablico estadual Luiz Carlos da Cruz, de 50 anos, abasteceu seu ve\u00edculo, hoje, j\u00e1 imaginando que n\u00e3o ia ter diferen\u00e7a no pre\u00e7o. \u201cAcredito que leve uns dias para diminuir no posto. Acho que baixa agora, mas pode subir daqui uns meses\u201d, ressaltou.<\/p>\n<div class=\"image-container fr-draggable fr-deletable mx-2 my-1 float-none\">\n<figure class=\"float-none text-center mx-auto\"><a href=\"https:\/\/cdn6.campograndenews.com.br\/uploads\/noticias\/2023\/05\/17\/047248305484217f52576e882cb6c48653939944.jpeg\" data-fslightbox=\"gallery\" data-title=\"O motorista de aplicativo Geovane passava para abastecer no posto de combust\u00edvel (Foto: Henrique Kawaminami)\"><img loading=\"lazy\" decoding=\"async\" class=\"img-fluid\" src=\"https:\/\/cdn6.campograndenews.com.br\/uploads\/noticias\/2023\/05\/17\/1temya2odm26.jpeg\" sizes=\"auto, (min-width: 1024px) calc(.5 * (100vw - 21.875em)), 100vw\" srcset=\"https:\/\/cdn6.campograndenews.com.br\/uploads\/noticias\/2023\/05\/17\/3t2zw0vuzk6co.jpeg 1024w, https:\/\/cdn6.campograndenews.com.br\/uploads\/noticias\/2023\/05\/17\/3j0b5c9mauskw.jpeg 640w, https:\/\/cdn6.campograndenews.com.br\/uploads\/noticias\/2023\/05\/17\/1temya2odm26.jpeg 320w\" alt=\"O motorista de aplicativo Geovane passava para abastecer no posto de combust\u00edvel (Foto: Henrique Kawaminami)\" width=\"800\" height=\"1066\" \/><\/a><figcaption class=\"mx-auto text-left\">O motorista de aplicativo Geovane passava para abastecer no posto de combust\u00edvel (Foto: Henrique Kawaminami)<\/figcaption><\/figure>\n<\/div>\n<p>O motorista de aplicativo Geovane Marinho, de 33 anos, v\u00ea qualquer redu\u00e7\u00e3o como uma boa ajuda no or\u00e7amento. \u201cFaz a diferen\u00e7a no final do m\u00eas. Seria bom que continuasse baixando, n\u00e9? \u00c0s vezes rodamos muito e independente do valor da gasolina, o lucro \u00e9 o mesmo\u201d, lamentou.<\/p>\n<p>&nbsp;<\/p>\n<p>&nbsp;<\/p>\n<p>Por Izabela Cavalcanti e Mariely Barros,\u00a0 CAMPO GRANDE NEWS<\/p>\n","protected":false},"excerpt":{"rendered":"<p>A queda no pre\u00e7o da gasolina, anunciada pela Petrobras, ser\u00e1 praticamente anulada quando come\u00e7ar a vigorar o ICMS (Imposto sobre Circula\u00e7\u00e3o de Mercadorias e Servi\u00e7os) fixo em todos os estados. \u00c9 o que acredita o diretor-executivo do Sinpetro-MS (Sindicato do Com\u00e9rcio Varejista de Derivados de Petr\u00f3leo e Lubrificantes), Edson Lazarotto. Na ter\u00e7a-feira (16), a Petrobras [&hellip;]<\/p>\n","protected":false},"author":5,"featured_media":210360,"comment_status":"closed","ping_status":"closed","sticky":false,"template":"","format":"standard","meta":{"footnotes":""},"categories":[26],"tags":[],"class_list":["post-240076","post","type-post","status-publish","format-standard","has-post-thumbnail","hentry","category-economia"],"_links":{"self":[{"href":"https:\/\/www.ocorreionews.com.br\/acervo-correio\/index.php?rest_route=\/wp\/v2\/posts\/240076","targetHints":{"allow":["GET"]}}],"collection":[{"href":"https:\/\/www.ocorreionews.com.br\/acervo-correio\/index.php?rest_route=\/wp\/v2\/posts"}],"about":[{"href":"https:\/\/www.ocorreionews.com.br\/acervo-correio\/index.php?rest_route=\/wp\/v2\/types\/post"}],"author":[{"embeddable":true,"href":"https:\/\/www.ocorreionews.com.br\/acervo-correio\/index.php?rest_route=\/wp\/v2\/users\/5"}],"replies":[{"embeddable":true,"href":"https:\/\/www.ocorreionews.com.br\/acervo-correio\/index.php?rest_route=%2Fwp%2Fv2%2Fcomments&post=240076"}],"version-history":[{"count":1,"href":"https:\/\/www.ocorreionews.com.br\/acervo-correio\/index.php?rest_route=\/wp\/v2\/posts\/240076\/revisions"}],"predecessor-version":[{"id":240079,"href":"https:\/\/www.ocorreionews.com.br\/acervo-correio\/index.php?rest_route=\/wp\/v2\/posts\/240076\/revisions\/240079"}],"wp:featuredmedia":[{"embeddable":true,"href":"https:\/\/www.ocorreionews.com.br\/acervo-correio\/index.php?rest_route=\/wp\/v2\/media\/210360"}],"wp:attachment":[{"href":"https:\/\/www.ocorreionews.com.br\/acervo-correio\/index.php?rest_route=%2Fwp%2Fv2%2Fmedia&parent=240076"}],"wp:term":[{"taxonomy":"category","embeddable":true,"href":"https:\/\/www.ocorreionews.com.br\/acervo-correio\/index.php?rest_route=%2Fwp%2Fv2%2Fcategories&post=240076"},{"taxonomy":"post_tag","embeddable":true,"href":"https:\/\/www.ocorreionews.com.br\/acervo-correio\/index.php?rest_route=%2Fwp%2Fv2%2Ftags&post=240076"}],"curies":[{"name":"wp","href":"https:\/\/api.w.org\/{rel}","templated":true}]}}