{"id":240129,"date":"2023-05-18T08:07:06","date_gmt":"2023-05-18T12:07:06","guid":{"rendered":"https:\/\/www.ocorreionews.com.br\/acervo-correio\/?p=240129"},"modified":"2023-05-18T08:07:06","modified_gmt":"2023-05-18T12:07:06","slug":"uems-abre-vagas-para-licenciatura-em-pedagogia-e-ciencias-sociais-em-costa-rica","status":"publish","type":"post","link":"https:\/\/www.ocorreionews.com.br\/acervo-correio\/?p=240129","title":{"rendered":"UEMS abre vagas para licenciatura em Pedagogia e Ci\u00eancias Sociais em Costa Rica"},"content":{"rendered":"<div class=\"ntc_cont_descricao_noticia sw_txteditor\">\n<div>A Pr\u00f3-Reitoria de Ensino da UEMS (Universidade Estadual de Mato Grosso do Sul), informa que est\u00e3o\u00a0abertas as inscri\u00e7\u00f5es\u00a0para o processo seletivo para preenchimento de 30 vagas no curso de\u00a0licenciatura em Pedagogia\u00a0e\u00a015 vagas no curso de licenciatura em Ci\u00eancias Sociais em Costa Rica. O edital pode ser acessado clicando\u00a0<a href=\"https:\/\/www.uems.br\/Editais\/detalhes\/10-1\">aqui<\/a>.<\/p>\n<p>Os cursos ser\u00e3o ofertados no \u00e2mbito da UEMS,\u00a0modalidade a dist\u00e2ncia,\u00a0pelo P\u00f3lo UAB (Sistema Universidade Aberta do Brasil) na Escola Municipal C\u00edvico-Militar Prof. Adenocre Alexandre de Morais, com ingresso no ano letivo de 2023-2024.<\/p>\n<p>A inscri\u00e7\u00e3o no processo seletivo \u00e9 gratuita e os cursos ofertados N\u00c3O possuem cobran\u00e7a de mensalidade.\u00a0Segundo a coordenadora do Polo UAB Costa Rica, Miltes Gaspar, a\u00a0<strong>o<\/strong>ferta dos cursos de gradua\u00e7\u00e3o a dist\u00e2ncia visa primordialmente ampliar e\u00a0interiorizar o acesso ao ensino superior p\u00fablico, gratuito e de qualidade no Brasil, bem como incentivar a forma\u00e7\u00e3o de professores das redes p\u00fablicas de ensino que n\u00e3o tenham a habilita\u00e7\u00e3o legal exigida para o exerc\u00edcio da fun\u00e7\u00e3o (licenciatura).<\/p>\n<p>Os cursos ser\u00e3o ofertados na modalidade a dist\u00e2ncia, com momentos presenciais obrigat\u00f3rios para estudos e avalia\u00e7\u00f5es, de acordo com cronograma divulgado no in\u00edcio de cada semestre letivo, podendo ser agendados outros momentos presenciais para atividades como: aulas pr\u00e1ticas, plant\u00f5es, semin\u00e1rios, etc., conforme a necessidade do curso. A UEMS exime-se das despesas com viagens e estadias dos\/as candidatos\/as ao polo de apoio presencial, a serem realizadas no decorrer do curso.<\/p>\n<p><strong>Inscri\u00e7\u00e3o\u00a0<\/strong><br \/>\nO processo seletivo destina-se ao candidato que tenha feito o Exame Nacional de Ensino M\u00e9dio (ENEM) nos anos de 2013, 2014, 2015, 2016, 2017, 2018, 2019, 2020, 2021 e\/ou 2022. Os resultados do processo seletivo ser\u00e3o v\u00e1lidos somente para ingresso no ano letivo de 2023-2024, com ingresso at\u00e9 o limite das chamadas previstas para matr\u00edcula em Edital espec\u00edfico.<\/p>\n<p>As inscri\u00e7\u00f5es ser\u00e3o realizadas exclusivamente pela Internet, entre o dia 17 de maio de 2023 at\u00e9 \u00e0s 23h59 do dia 31 de maio de 2023 (hor\u00e1rio oficial de Mato Grosso do Sul), no endere\u00e7o eletr\u00f4nico\u00a0<a href=\"https:\/\/candidato.uems.br\/\">https:\/\/candidato.uems.br<\/a>.<\/p>\n<p>Para realizar a inscri\u00e7\u00e3o, al\u00e9m dos dados pessoais do candidato solicitados na Ficha Digital de Inscri\u00e7\u00e3o \u00e9 imprescind\u00edvel os seguintes dados: n\u00famero de Cadastro de Pessoa F\u00edsica do candidato (CPF); o n\u00famero de inscri\u00e7\u00e3o\/\u00f5es do\/a candidato(a) no Exame Nacional do Ensino M\u00e9dio (ENEM), nas Edi\u00e7\u00f5es de 2013, 2014, 2015, 2016, 2017, 2018, 2019, 2020, 2021 e\/ou 2022, e renda familiar per capita.\u00a0A Renda familiar per capita \u00e9 a raz\u00e3o entre a renda familiar bruta mensal e o total de pessoas da fam\u00edlia residentes no mesmo domic\u00edlio.<\/p>\n<p>O candidato que tiver interesse em participar do sistema de concorr\u00eancia por regime de cotas dever\u00e1 fazer essa op\u00e7\u00e3o no ato da inscri\u00e7\u00e3o, n\u00e3o sendo poss\u00edvel a altera\u00e7\u00e3o do sistema de concorr\u00eancia ap\u00f3s divulga\u00e7\u00e3o da Lista dos Candidatos Inscritos.<br \/>\nPara o processo seletivo, a ocupa\u00e7\u00e3o das vagas oferecidas para cada curso ser\u00e1 feita por meio de dois sistemas de concorr\u00eancia, sendo por Acesso Universal (Ampla Concorr\u00eancia) e por Reserva de Vagas. A Reserva de Vagas obedecer\u00e1:<\/p><\/div>\n<ul>\n<li>20% para candidatos\/as ao regime de cotas para Negros\/as (pretos\/as e pardos\/as) que tenham cursado integralmente o Ensino M\u00e9dio em escolas p\u00fablicas;<\/li>\n<li>10% para candidatos\/as ao regime de cotas para Ind\u00edgenas que tenham cursado integralmente o Ensino M\u00e9dio em escolas p\u00fablicas;<\/li>\n<li>10% para candidatos\/as ao regime de cotas para Residentes em Mato Grosso do Sul;<\/li>\n<li>5% para pessoas com defici\u00eancia e transtornos globais do desenvolvimento (PCD);<\/li>\n<li>10 % para professores da rede p\u00fablica de ensino.<\/li>\n<\/ul>\n<div><strong>Informa\u00e7\u00f5es sobre o processo de inscri\u00e7\u00e3o est\u00e3o dispon\u00edveis nos links:\u00a0<\/strong><a href=\"http:\/\/www.uems.br\/pro-reitoria\/proe\/dind\"><strong>www.uems.br\/pro-reitoria\/proe\/dind<\/strong><\/a><strong>\u00a0e\u00a0<\/strong><a href=\"http:\/\/www.uems.br\/diretoria\/ded\"><strong>www.uems.br\/diretoria\/ded<\/strong><\/a><strong>.<\/strong>\n<\/div>\n<div><img decoding=\"async\" src=\"https:\/\/www.costarica.ms.gov.br\/fotos\/7930d50375ac0762cb0e639f68f14d45.png\" alt=\"Foto Noticia Principal Grande\" \/>\n<\/div>\n<\/div>\n<div class=\"ntc_area_info_noticia sw_lato\">\n<div>\n<div class=\"ntc_info_noticia\"><strong class=\"sw_lato_black\">Fonte:<\/strong>Assessoria de Comunica\u00e7\u00e3o com informa\u00e7\u00f5es da UEMS,Angela Bezerra<\/div>\n<\/div>\n<\/div>\n","protected":false},"excerpt":{"rendered":"<p>A Pr\u00f3-Reitoria de Ensino da UEMS (Universidade Estadual de Mato Grosso do Sul), informa que est\u00e3o\u00a0abertas as inscri\u00e7\u00f5es\u00a0para o processo seletivo para preenchimento de 30 vagas no curso de\u00a0licenciatura em Pedagogia\u00a0e\u00a015 vagas no curso de licenciatura em Ci\u00eancias Sociais em Costa Rica. O edital pode ser acessado clicando\u00a0aqui. Os cursos ser\u00e3o ofertados no \u00e2mbito da [&hellip;]<\/p>\n","protected":false},"author":5,"featured_media":188878,"comment_status":"closed","ping_status":"closed","sticky":false,"template":"","format":"standard","meta":{"footnotes":""},"categories":[25,27],"tags":[],"class_list":["post-240129","post","type-post","status-publish","format-standard","has-post-thumbnail","hentry","category-costa-rica","category-educacao"],"_links":{"self":[{"href":"https:\/\/www.ocorreionews.com.br\/acervo-correio\/index.php?rest_route=\/wp\/v2\/posts\/240129","targetHints":{"allow":["GET"]}}],"collection":[{"href":"https:\/\/www.ocorreionews.com.br\/acervo-correio\/index.php?rest_route=\/wp\/v2\/posts"}],"about":[{"href":"https:\/\/www.ocorreionews.com.br\/acervo-correio\/index.php?rest_route=\/wp\/v2\/types\/post"}],"author":[{"embeddable":true,"href":"https:\/\/www.ocorreionews.com.br\/acervo-correio\/index.php?rest_route=\/wp\/v2\/users\/5"}],"replies":[{"embeddable":true,"href":"https:\/\/www.ocorreionews.com.br\/acervo-correio\/index.php?rest_route=%2Fwp%2Fv2%2Fcomments&post=240129"}],"version-history":[{"count":1,"href":"https:\/\/www.ocorreionews.com.br\/acervo-correio\/index.php?rest_route=\/wp\/v2\/posts\/240129\/revisions"}],"predecessor-version":[{"id":240133,"href":"https:\/\/www.ocorreionews.com.br\/acervo-correio\/index.php?rest_route=\/wp\/v2\/posts\/240129\/revisions\/240133"}],"wp:featuredmedia":[{"embeddable":true,"href":"https:\/\/www.ocorreionews.com.br\/acervo-correio\/index.php?rest_route=\/wp\/v2\/media\/188878"}],"wp:attachment":[{"href":"https:\/\/www.ocorreionews.com.br\/acervo-correio\/index.php?rest_route=%2Fwp%2Fv2%2Fmedia&parent=240129"}],"wp:term":[{"taxonomy":"category","embeddable":true,"href":"https:\/\/www.ocorreionews.com.br\/acervo-correio\/index.php?rest_route=%2Fwp%2Fv2%2Fcategories&post=240129"},{"taxonomy":"post_tag","embeddable":true,"href":"https:\/\/www.ocorreionews.com.br\/acervo-correio\/index.php?rest_route=%2Fwp%2Fv2%2Ftags&post=240129"}],"curies":[{"name":"wp","href":"https:\/\/api.w.org\/{rel}","templated":true}]}}