{"id":240141,"date":"2023-05-18T09:30:27","date_gmt":"2023-05-18T13:30:27","guid":{"rendered":"https:\/\/www.ocorreionews.com.br\/acervo-correio\/?p=240141"},"modified":"2023-05-18T09:30:27","modified_gmt":"2023-05-18T13:30:27","slug":"100-quartos-area-de-48-mil-m%c2%b2-e-avaliado-em-r-32-milhoes-conheca-o-castelo-do-cantor-jose-rico","status":"publish","type":"post","link":"https:\/\/www.ocorreionews.com.br\/acervo-correio\/?p=240141","title":{"rendered":"100 quartos, \u00e1rea de 48 mil m\u00b2 e avaliado em R$ 3,2 milh\u00f5es: conhe\u00e7a o &#8216;castelo&#8217; do cantor Jos\u00e9 Rico"},"content":{"rendered":"<div id=\"chunk-3kcpg\">\n<div class=\"mc-column content-text active-extra-styles \" data-block-type=\"unstyled\" data-block-weight=\"50\" data-block-id=\"3\">\n<p class=\"content-text__container \" data-track-category=\"Link no Texto\" data-track-links=\"\">O &#8220;Castelo do Jos\u00e9 Rico&#8221;, im\u00f3vel do cantor da dupla com Milion\u00e1rio, est\u00e1 instalado em uma \u00e1rea de\u00a0<span class=\"highlight highlighted\">48 mil metros quadrados em\u00a0<\/span><span class=\"highlight highlighted\">Limeira (SP)<\/span><span class=\"highlight highlighted\">, com piscina e mais de 100 quartos,<\/span>\u00a0e foi\u00a0<strong>avaliado em R$ 3,2 milh\u00f5es<\/strong>. A mans\u00e3o ser\u00e1 levada a\u00a0leil\u00e3o para pagamentos de d\u00edvidas trabalhistas.<\/p>\n<p data-track-category=\"Link no Texto\" data-track-links=\"\">\n<\/div>\n<\/div>\n<div class=\"wall protected-content\">\n<div id=\"chunk-amv8l\">\n<div class=\"mc-column content-text active-extra-styles \" data-block-type=\"unstyled\" data-block-weight=\"54\" data-block-id=\"5\">\n<p class=\"content-text__container \" data-track-category=\"Link no Texto\" data-track-links=\"\">Z\u00e9 Rico, que\u00a0faleceu em mar\u00e7o de 2015, n\u00e3o chegou a ver a constru\u00e7\u00e3o finalizada, j\u00e1 que, \u00e0 \u00e9poca, ela estava\u00a0<strong>em constru\u00e7\u00e3o h\u00e1 24 anos<\/strong>. Em entrevista ao Fant\u00e1stico em 2014, o cantor disse que sonhava em transformar o lugar em um recanto para sua fam\u00edlia e, tamb\u00e9m, um est\u00fadio para ele.<\/p>\n<p data-track-category=\"Link no Texto\" data-track-links=\"\">\n<\/div>\n<\/div>\n<div id=\"chunk-d9r5b\">\n<div class=\"mc-column content-text active-extra-styles \" data-block-type=\"unstyled\" data-block-weight=\"42\" data-block-id=\"7\">\n<p class=\"content-text__container \" data-track-category=\"Link no Texto\" data-track-links=\"\">As d\u00edvidas foram geradas por uma a\u00e7\u00e3o trabalhista movida por um m\u00fasico que trabalhou com a dupla sertaneja entre 2009 e 2015. Ele alega uma s\u00e9rie de supostos direitos n\u00e3o recebidos. O lance m\u00ednimo poss\u00edvel no leil\u00e3o ser\u00e1 de R$ 1,6 milh\u00e3o.<\/p>\n<p data-track-category=\"Link no Texto\" data-track-links=\"\">\n<\/div>\n<\/div>\n<div id=\"chunk-84ofa\">\n<div class=\"mc-column content-text active-extra-styles \" data-block-type=\"unstyled\" data-block-weight=\"39\" data-block-id=\"8\">\n<p class=\"content-text__container \" data-track-category=\"Link no Texto\" data-track-links=\"\">Segundo a Justi\u00e7a do Trabalho, a \u00e1rea penhorada representa 21,2% da \u00e1rea total da propriedade e \u00e9 avaliada em R$ 1,5 milh\u00e3o. J\u00e1 o restante, avaliado em R$ 1,7 milh\u00e3o, s\u00e3o edifica\u00e7\u00f5es n\u00e3o averbadas, ou seja, ainda n\u00e3o regularizadas.<\/p>\n<p data-track-category=\"Link no Texto\" data-track-links=\"\">\n<\/div>\n<\/div>\n<div class=\"mc-column content-text active-extra-styles\" data-block-type=\"raw\" data-block-weight=\"4\" data-block-id=\"9\">\n<p class=\"content-text__container\">\n<div class=\"content-intertitle\">\n<h2>Confira fotos do &#8220;castelo&#8221;:<\/h2>\n<p>&nbsp;<\/p>\n<\/div>\n<p>&nbsp;<\/p>\n<\/div>\n<div id=\"chunk-c6h14\">\n<div class=\"row medium-uncollapsed content-media content-photo\" data-block-type=\"backstage-photo\" data-block-id=\"10\">\n<div class=\"column medium-22 large-20 medium-centered   content-media__container\">\n<div class=\"content-media-container glb-skeleton-box\">\n<figure class=\"content-media-figure\">\n<p><figure style=\"width: 1008px\" class=\"wp-caption aligncenter\"><img loading=\"lazy\" decoding=\"async\" class=\"i-amphtml-fill-content i-amphtml-replaced-content\" src=\"https:\/\/s2-g1.glbimg.com\/vgXmtQCDhorngb65RhIh7y6qFxQ=\/0x0:576x432\/1008x0\/smart\/filters:strip_icc()\/s.glbimg.com\/jo\/g1\/f\/original\/2015\/03\/10\/castelo1.jpg\" srcset=\"\" alt=\"Fachada do 'castelo' de Jos\u00e9 Rico em \u00e1rea rural de Limeira \u2014 Foto: Reprodu\u00e7\u00e3o\/TV Globo\" width=\"1008\" height=\"756\" \/><figcaption class=\"wp-caption-text\">Fachada do &#8216;castelo&#8217; de Jos\u00e9 Rico em \u00e1rea rural de Limeira \u2014 Foto: Reprodu\u00e7\u00e3o\/TV Globo<\/figcaption><\/figure><\/figure>\n<\/div>\n<p class=\"content-media__description  \">\n<\/div>\n<\/div>\n<\/div>\n<div id=\"chunk-c5i51\">\n<div class=\"row medium-uncollapsed content-media content-photo\" data-block-type=\"backstage-photo\" data-block-id=\"11\">\n<div class=\"column medium-22 large-20 medium-centered   content-media__container\">\n<div class=\"content-media-container glb-skeleton-box\">\n<figure class=\"content-media-figure\">\n<p><figure style=\"width: 1008px\" class=\"wp-caption aligncenter\"><img loading=\"lazy\" decoding=\"async\" class=\"i-amphtml-fill-content i-amphtml-replaced-content\" src=\"https:\/\/s2-g1.glbimg.com\/THxOB1u4cc_h3HbNw8ybm-tk6UY=\/0x0:620x466\/1008x0\/smart\/filters:strip_icc()\/s.glbimg.com\/jo\/g1\/f\/original\/2015\/08\/10\/externa_do_castelo.jpg\" srcset=\"\" alt=\"\u00c1rea externa do 'castelo' deixado por Jos\u00e9 Rico em Limeira \u2014 Foto: Reprodu\u00e7\u00e3o\/TV Globo\" width=\"1008\" height=\"758\" \/><figcaption class=\"wp-caption-text\">\u00c1rea externa do &#8216;castelo&#8217; deixado por Jos\u00e9 Rico em Limeira \u2014 Foto: Reprodu\u00e7\u00e3o\/TV Globo<\/figcaption><\/figure><\/figure>\n<\/div>\n<p class=\"content-media__description  \">\n<\/div>\n<\/div>\n<\/div>\n<div id=\"chunk-dlhl7\">\n<div class=\"row medium-uncollapsed content-media content-photo\" data-block-type=\"backstage-photo\" data-block-id=\"13\">\n<div class=\"column medium-22 large-20 medium-centered   content-media__container\">\n<div class=\"content-media-container glb-skeleton-box\">\n<figure class=\"content-media-figure\">\n<p><figure style=\"width: 1008px\" class=\"wp-caption aligncenter\"><img loading=\"lazy\" decoding=\"async\" class=\"i-amphtml-fill-content i-amphtml-replaced-content\" src=\"https:\/\/s2-g1.glbimg.com\/59SSCOjzKYnAky5U70leoKayd5Q=\/0x0:620x466\/1008x0\/smart\/filters:strip_icc()\/s.glbimg.com\/jo\/g1\/f\/original\/2015\/08\/10\/corredor_interno_de_obra_inacabada_do_castelo_de_100_quartos_deixada_pelo_sertanejo_jose_rico_em_limeira.jpg\" srcset=\"\" alt=\"Corredor interno do 'castelo' de 100 quartos deixado inacabado pelo sertanejo Jos\u00e9 Rico em Limeira \u2014 Foto: Reprodu\u00e7\u00e3o\/TV Globo\" width=\"1008\" height=\"758\" \/><figcaption class=\"wp-caption-text\">Corredor interno do &#8216;castelo&#8217; de 100 quartos deixado inacabado pelo sertanejo Jos\u00e9 Rico em Limeira \u2014 Foto: Reprodu\u00e7\u00e3o\/TV Globo<\/figcaption><\/figure><\/figure>\n<\/div>\n<p class=\"content-media__description  \">\n<\/div>\n<\/div>\n<\/div>\n<div id=\"chunk-4qusp\">\n<div class=\"row medium-uncollapsed content-media content-photo\" data-block-type=\"backstage-photo\" data-block-id=\"14\">\n<div class=\"column medium-22 large-20 medium-centered   content-media__container\">\n<div class=\"content-media-container glb-skeleton-box\">\n<figure class=\"content-media-figure\">\n<p><figure style=\"width: 1008px\" class=\"wp-caption aligncenter\"><img loading=\"lazy\" decoding=\"async\" class=\"i-amphtml-fill-content i-amphtml-replaced-content\" src=\"https:\/\/s2-g1.glbimg.com\/JEI0IFiJcbFwaq9ab9pz7Ik88lA=\/0x0:620x466\/1008x0\/smart\/filters:strip_icc()\/s.glbimg.com\/jo\/g1\/f\/original\/2015\/08\/10\/castelo_portao.jpg\" srcset=\"\" alt=\"Obra de 'castelo' com 100 quartos de Jos\u00e9 Rico ficou inacabada em Limeira \u2014 Foto: Reprodu\u00e7\u00e3o\/TV Globo\" width=\"1008\" height=\"758\" \/><figcaption class=\"wp-caption-text\">Obra de &#8216;castelo&#8217; com 100 quartos de Jos\u00e9 Rico ficou inacabada em Limeira \u2014 Foto: Reprodu\u00e7\u00e3o\/TV Globo<\/figcaption><\/figure><\/figure>\n<\/div>\n<\/div>\n<\/div>\n<\/div>\n<div id=\"chunk-28f6t\">\n<div class=\"row medium-uncollapsed content-media content-photo\" data-block-type=\"backstage-photo\" data-block-id=\"16\">\n<div class=\"column medium-22 large-20 medium-centered   content-media__container\">\n<div class=\"content-media-container glb-skeleton-box\">\n<figure class=\"content-media-figure\">\n<p><figure style=\"width: 1008px\" class=\"wp-caption aligncenter\"><img loading=\"lazy\" decoding=\"async\" class=\"i-amphtml-fill-content i-amphtml-replaced-content\" src=\"https:\/\/s2-g1.glbimg.com\/k19aB7A4DsWw-Ojnk9q0lO8y-dM=\/0x0:620x466\/1008x0\/smart\/filters:strip_icc()\/s.glbimg.com\/jo\/g1\/f\/original\/2015\/03\/03\/mansao_2.jpg\" srcset=\"\" alt=\"Castelo Jos\u00e9 Rico em Limeira \u2014 Foto: Reprodu\u00e7\u00e3o\/Tv Globo\" width=\"1008\" height=\"758\" \/><figcaption class=\"wp-caption-text\">Castelo Jos\u00e9 Rico em Limeira \u2014 Foto: Reprodu\u00e7\u00e3o\/Tv Globo<\/figcaption><\/figure><\/figure>\n<\/div>\n<p class=\"content-media__description  \">\n<\/div>\n<\/div>\n<\/div>\n<div id=\"chunk-90set\">\n<div class=\"row medium-uncollapsed content-media content-photo\" data-block-type=\"backstage-photo\" data-block-id=\"17\">\n<div class=\"column medium-22 large-20 medium-centered   content-media__container\">\n<div class=\"content-media-container glb-skeleton-box\">\n<figure class=\"content-media-figure\">\n<p><figure style=\"width: 1008px\" class=\"wp-caption aligncenter\"><img loading=\"lazy\" decoding=\"async\" class=\"i-amphtml-fill-content i-amphtml-replaced-content\" src=\"https:\/\/s2-g1.glbimg.com\/mHCP3xi1IbKebYcQJX3ktRkAAwg=\/0x0:620x466\/1008x0\/smart\/filters:strip_icc()\/s.glbimg.com\/jo\/g1\/f\/original\/2015\/08\/10\/castelointerna2.jpg\" srcset=\"\" alt=\"Escadaria dentro do 'castelo' de 100 quartos deixado inacabado pelo cantor Jos\u00e9 Rico em Limeira \u2014 Foto: Reprodu\u00e7\u00e3o\/TV Globo\" width=\"1008\" height=\"758\" \/><figcaption class=\"wp-caption-text\">Escadaria dentro do &#8216;castelo&#8217; de 100 quartos deixado inacabado pelo cantor Jos\u00e9 Rico em Limeira \u2014 Foto: Reprodu\u00e7\u00e3o\/TV Globo<\/figcaption><\/figure><\/figure>\n<\/div>\n<\/div>\n<\/div>\n<\/div>\n<div id=\"chunk-49b74\">\n<div class=\"row medium-uncollapsed content-media content-photo\" data-block-type=\"backstage-photo\" data-block-id=\"19\">\n<div class=\"column medium-22 large-20 medium-centered   content-media__container\">\n<div class=\"content-media-container glb-skeleton-box\">\n<figure class=\"content-media-figure\">\n<p><figure style=\"width: 1008px\" class=\"wp-caption aligncenter\"><img loading=\"lazy\" decoding=\"async\" class=\"i-amphtml-fill-content i-amphtml-replaced-content\" src=\"https:\/\/s2-g1.glbimg.com\/mu-_vtHfqgqRKSQvgooUdPXY3Qk=\/0x0:620x466\/1008x0\/smart\/filters:strip_icc()\/s.glbimg.com\/jo\/g1\/f\/original\/2015\/03\/03\/mansao_3-001.jpg\" srcset=\"\" alt=\"Castelo Jos\u00e9 Rico em Limeira \u2014 Foto: Reprodu\u00e7\u00e3o\/Tv Globo\" width=\"1008\" height=\"758\" \/><figcaption class=\"wp-caption-text\">Castelo Jos\u00e9 Rico em Limeira \u2014 Foto: Reprodu\u00e7\u00e3o\/Tv Globo<\/figcaption><\/figure><\/figure>\n<\/div>\n<p class=\"content-media__description  \">\n<\/div>\n<\/div>\n<\/div>\n<div id=\"chunk-cru8u\">\n<div class=\"row medium-uncollapsed content-media content-photo\" data-block-type=\"backstage-photo\" data-block-id=\"20\">\n<div class=\"column medium-22 large-20 medium-centered   content-media__container\">\n<div class=\"content-media-container glb-skeleton-box\">\n<figure class=\"content-media-figure\">\n<p><figure style=\"width: 1008px\" class=\"wp-caption aligncenter\"><img loading=\"lazy\" decoding=\"async\" class=\"i-amphtml-fill-content i-amphtml-replaced-content\" src=\"https:\/\/s2-g1.glbimg.com\/k73k71fuYJWNXUlcvxFMDyARE5U=\/0x0:620x465\/1008x0\/smart\/filters:strip_icc()\/s.glbimg.com\/jo\/g1\/f\/original\/2015\/03\/10\/castelo3.jpg\" srcset=\"\" alt=\"Obra de 'castelo' de Jos\u00e9 Rico come\u00e7ou h\u00e1 cerca de 24 anos em Limeira \u2014 Foto: Reprodu\u00e7\u00e3o\/TV Globo\" width=\"1008\" height=\"756\" \/><figcaption class=\"wp-caption-text\">Obra de &#8216;castelo&#8217; de Jos\u00e9 Rico come\u00e7ou h\u00e1 cerca de 24 anos em Limeira \u2014 Foto: Reprodu\u00e7\u00e3o\/TV Globo<\/figcaption><\/figure><\/figure>\n<\/div>\n<\/div>\n<\/div>\n<\/div>\n<div id=\"chunk-9rbui\">\n<div class=\"row medium-uncollapsed content-media content-photo\" data-block-type=\"backstage-photo\" data-block-id=\"22\">\n<div class=\"column medium-22 large-20 medium-centered   content-media__container\">\n<div class=\"content-media-container glb-skeleton-box\">\n<figure class=\"content-media-figure\">\n<p><figure style=\"width: 1008px\" class=\"wp-caption aligncenter\"><img loading=\"lazy\" decoding=\"async\" class=\"i-amphtml-fill-content i-amphtml-replaced-content\" src=\"https:\/\/s2-g1.glbimg.com\/B9P9J3v0Flm_a88c725nsR5bFRQ=\/0x0:620x466\/1008x0\/smart\/filters:strip_icc()\/s.glbimg.com\/jo\/g1\/f\/original\/2015\/03\/03\/mansao.jpg\" srcset=\"\" alt=\"Castelo Jos\u00e9 Rico em Limeira \u2014 Foto: Reprodu\u00e7\u00e3o\/Tv Globo\" width=\"1008\" height=\"758\" \/><figcaption class=\"wp-caption-text\">Castelo Jos\u00e9 Rico em Limeira \u2014 Foto: Reprodu\u00e7\u00e3o\/Tv Globo<\/figcaption><\/figure><\/figure>\n<\/div>\n<p class=\"content-publication-data__from\" title=\"g1 Piracicaba e Regi\u00e3o\">Por g1 Piracicaba e Regi\u00e3o<\/p>\n<p>&nbsp;<\/p>\n<\/div>\n<\/div>\n<\/div>\n<\/div>\n","protected":false},"excerpt":{"rendered":"<p>O &#8220;Castelo do Jos\u00e9 Rico&#8221;, im\u00f3vel do cantor da dupla com Milion\u00e1rio, est\u00e1 instalado em uma \u00e1rea de\u00a048 mil metros quadrados em\u00a0Limeira (SP), com piscina e mais de 100 quartos,\u00a0e foi\u00a0avaliado em R$ 3,2 milh\u00f5es. A mans\u00e3o ser\u00e1 levada a\u00a0leil\u00e3o para pagamentos de d\u00edvidas trabalhistas. Z\u00e9 Rico, que\u00a0faleceu em mar\u00e7o de 2015, n\u00e3o chegou a [&hellip;]<\/p>\n","protected":false},"author":5,"featured_media":240142,"comment_status":"closed","ping_status":"closed","sticky":false,"template":"","format":"standard","meta":{"footnotes":""},"categories":[31],"tags":[],"class_list":["post-240141","post","type-post","status-publish","format-standard","has-post-thumbnail","hentry","category-geral"],"_links":{"self":[{"href":"https:\/\/www.ocorreionews.com.br\/acervo-correio\/index.php?rest_route=\/wp\/v2\/posts\/240141","targetHints":{"allow":["GET"]}}],"collection":[{"href":"https:\/\/www.ocorreionews.com.br\/acervo-correio\/index.php?rest_route=\/wp\/v2\/posts"}],"about":[{"href":"https:\/\/www.ocorreionews.com.br\/acervo-correio\/index.php?rest_route=\/wp\/v2\/types\/post"}],"author":[{"embeddable":true,"href":"https:\/\/www.ocorreionews.com.br\/acervo-correio\/index.php?rest_route=\/wp\/v2\/users\/5"}],"replies":[{"embeddable":true,"href":"https:\/\/www.ocorreionews.com.br\/acervo-correio\/index.php?rest_route=%2Fwp%2Fv2%2Fcomments&post=240141"}],"version-history":[{"count":1,"href":"https:\/\/www.ocorreionews.com.br\/acervo-correio\/index.php?rest_route=\/wp\/v2\/posts\/240141\/revisions"}],"predecessor-version":[{"id":240143,"href":"https:\/\/www.ocorreionews.com.br\/acervo-correio\/index.php?rest_route=\/wp\/v2\/posts\/240141\/revisions\/240143"}],"wp:featuredmedia":[{"embeddable":true,"href":"https:\/\/www.ocorreionews.com.br\/acervo-correio\/index.php?rest_route=\/wp\/v2\/media\/240142"}],"wp:attachment":[{"href":"https:\/\/www.ocorreionews.com.br\/acervo-correio\/index.php?rest_route=%2Fwp%2Fv2%2Fmedia&parent=240141"}],"wp:term":[{"taxonomy":"category","embeddable":true,"href":"https:\/\/www.ocorreionews.com.br\/acervo-correio\/index.php?rest_route=%2Fwp%2Fv2%2Fcategories&post=240141"},{"taxonomy":"post_tag","embeddable":true,"href":"https:\/\/www.ocorreionews.com.br\/acervo-correio\/index.php?rest_route=%2Fwp%2Fv2%2Ftags&post=240141"}],"curies":[{"name":"wp","href":"https:\/\/api.w.org\/{rel}","templated":true}]}}