{"id":240144,"date":"2023-05-18T09:36:51","date_gmt":"2023-05-18T13:36:51","guid":{"rendered":"https:\/\/www.ocorreionews.com.br\/acervo-correio\/?p=240144"},"modified":"2023-05-18T09:36:51","modified_gmt":"2023-05-18T13:36:51","slug":"camara-municipal-recebeu-visita-de-alunos-do-colegio-maper","status":"publish","type":"post","link":"https:\/\/www.ocorreionews.com.br\/acervo-correio\/?p=240144","title":{"rendered":"C\u00e2mara Municipal recebeu visita de alunos do Col\u00e9gio MAPER"},"content":{"rendered":"<p>A C\u00e2mara Municipal de Chapad\u00e3o do Sul recebeu na Sess\u00e3o Ordin\u00e1ria desta segunda-feira (15), os alunos do Col\u00e9gio MAPER, juntamente com a Diretora do Col\u00e9gio, Professora Luceni Maran, onde foram apresentadas algumas necessidades da comunidade escolar. A visita faz parte da segunda etapa do Projeto \u201cC\u00e2mara Vai \u00e0 Escola&#8221;.<\/p>\n<p>O aluno Arthur Schwantes Dias Coelho, representando o col\u00e9gio, fez um discurso solicitando melhorias para no entorno da escola, como melhoria na ilumina\u00e7\u00e3o p\u00fablica, instala\u00e7\u00e3o de faixa elevada para travessia de pedestres, al\u00e9m da revitaliza\u00e7\u00e3o da \u00e1rea verde localizada ao lado da escola. Arthur Schwantes foi o primeiro aluno a discursar na C\u00e2mara na segunda fase do projeto.<\/p>\n<p>O Presidente da C\u00e2mara de Vereadores, Airton Tucano, manteve a iniciativa criada na Legislatura anterior. \u201cEste projeto tem uma grande repercuss\u00e3o em nosso munic\u00edpio. Estamos nos deparando com meninos e meninas muito inteligentes, que j\u00e1 sabem o que querem de bom para a nossa cidade e para suas escolas\u201d, destacou o presidente.<\/p>\n<p>Em seu discurso, Tucano destacou ainda que os vereadores est\u00e3o sendo ajudados pelos alunos. \u201cEsses estudantes sabem qual \u00e9 a realidade de suas escolas e bairros e, apresentam essas necessidades que posteriormente, s\u00e3o transformadas em indica\u00e7\u00f5es aqui na C\u00e2mara Municipal. \u00c9 um trabalho em conjunto\u201d, defendeu Tucano.<\/p>\n<p>O projeto \u00e9 um dos mais importantes da hist\u00f3ria do Legislativo Municipal e ser\u00e1 levado a outras escolas nas pr\u00f3ximas semanas de acordo com o cronograma.<\/p>\n<p><strong>Indica\u00e7\u00f5es da Sess\u00e3o Ordin\u00e1ria 1414<\/strong><\/p>\n<p>O vereador Vanderson Cardoso solicitou ao Executivo estudo que viabilize a cria\u00e7\u00e3o de um projeto social que promova a distribui\u00e7\u00e3o de kits de material de constru\u00e7\u00e3o para fam\u00edlias carentes. O vereador tamb\u00e9m fez indica\u00e7\u00e3o para que o Executivo possa construir banheiros p\u00fablicos na Pra\u00e7a Asa Branca e a realiza\u00e7\u00e3o de um processo seletivo para a contrata\u00e7\u00e3o de profissionais para atua\u00e7\u00e3o no setor de cultura.<\/p>\n<p>O vereador Andr\u00e9 dos Anjos usou a tribuna para indicar a Administra\u00e7\u00e3o Municipal a limpeza e manuten\u00e7\u00e3o da \u00e1rea verde denominada Parque do Povo, pr\u00f3ximo \u00e0 UFMS, assim como o isolamento e identifica\u00e7\u00e3o das bacias de conten\u00e7\u00e3o de \u00e1guas pluviais. Refor\u00e7ando a indica\u00e7\u00e3o de n\u00ba 297\/2021 de autoria deste.<\/p>\n<p>Andr\u00e9 dos Anjos tamb\u00e9m solicitou ao deputado Paulo Corr\u00eaa, a destina\u00e7\u00e3o de emenda parlamentar no valor de 50 mil reais para a implanta\u00e7\u00e3o de uma cinemateca na Biblioteca Municipal de Chapad\u00e3o do Sul. Ao secret\u00e1rio Estadual de Educa\u00e7\u00e3o, foi solicitado pelo vereador, a disponibiliza\u00e7\u00e3o de psic\u00f3logos e assistentes sociais para atendimento dos alunos nas escolas estaduais do munic\u00edpio.<\/p>\n<p>O vereador Mika fez indica\u00e7\u00e3o \u00e0 Prefeitura, solicitando a realiza\u00e7\u00e3o de uma campanha de divulga\u00e7\u00e3o \u00e0 popula\u00e7\u00e3o, informando que os mun\u00edcipes que constru\u00edrem muros e cal\u00e7adas em seus terrenos t\u00eam direito a desconto no IPTU.<\/p>\n<p>O vereador Al\u00edrio Bacca, fez indica\u00e7\u00e3o ao Diretor-Presidente da Sanesul, Renato Marc\u00edlio da Silva, solicitando medidas quanto \u00e0 implanta\u00e7\u00e3o da rede de esgoto no Bairro Esperan\u00e7a, bem como a libera\u00e7\u00e3o para as liga\u00e7\u00f5es nos locais onde a rede j\u00e1 foi implantada.<\/p>\n<p>A Vereadora Alline Tontini, fez indica\u00e7\u00e3o \u00e0 Prefeitura de Chapad\u00e3o do Sul, para o Departamento Municipal de Tr\u00e2nsito, solicitando a demarca\u00e7\u00e3o e sinaliza\u00e7\u00e3o de estacionamento para motos na Avenida Dezesseis, em frente \u00e0 Escola Jorge Amado.<\/p>\n<p>Tontini tamb\u00e9m endere\u00e7ou mo\u00e7\u00e3o de aplausos \u00e0s equipes de Handebol Masculino e Feminino de Chapad\u00e3o do Sul pelo excelente desempenho no Campeonato Brasileiro da fase Centro-Oeste de Handebol, promovido pela CBHB (Confedera\u00e7\u00e3o Brasileira de Handebol), que ocorreu entre os dias 02 e 06 de maio em Ceil\u00e2ndia \u2013 DF e aos e aos atletas de Kung Fu Kuoshu do munic\u00edpio pelo excelente desempenho na I Etapa Estadual de Kung Fu Kuoshu, promovida pela Federa\u00e7\u00e3o Sul-Mato-Grossense de Kung Fu Kuoshu.<\/p>\n<p>Na pr\u00f3xima segunda-feira, ser\u00e1 dado continuidade \u00e0 segunda etapa do Projeto C\u00e2mara vai \u00e0 Escola, onde a C\u00e2mara receber\u00e1 a visita dos alunos da Escola CEPE, com o pronunciamento da aluna Maria Clara Medeiros. A Sess\u00e3o ser\u00e1 realizada \u00e1s 08h.<\/p>\n<p>&nbsp;<\/p>\n<p>&nbsp;<\/p>\n<p>*Assessoria C\u00e2mara Municipal<\/p>\n","protected":false},"excerpt":{"rendered":"<p>A C\u00e2mara Municipal de Chapad\u00e3o do Sul recebeu na Sess\u00e3o Ordin\u00e1ria desta segunda-feira (15), os alunos do Col\u00e9gio MAPER, juntamente com a Diretora do Col\u00e9gio, Professora Luceni Maran, onde foram apresentadas algumas necessidades da comunidade escolar. A visita faz parte da segunda etapa do Projeto \u201cC\u00e2mara Vai \u00e0 Escola&#8221;. O aluno Arthur Schwantes Dias Coelho, [&hellip;]<\/p>\n","protected":false},"author":5,"featured_media":240146,"comment_status":"closed","ping_status":"closed","sticky":false,"template":"","format":"standard","meta":{"footnotes":""},"categories":[20,23,41],"tags":[],"class_list":["post-240144","post","type-post","status-publish","format-standard","has-post-thumbnail","hentry","category-camara-municipal","category-chapadao-do-sul","category-destaque"],"_links":{"self":[{"href":"https:\/\/www.ocorreionews.com.br\/acervo-correio\/index.php?rest_route=\/wp\/v2\/posts\/240144","targetHints":{"allow":["GET"]}}],"collection":[{"href":"https:\/\/www.ocorreionews.com.br\/acervo-correio\/index.php?rest_route=\/wp\/v2\/posts"}],"about":[{"href":"https:\/\/www.ocorreionews.com.br\/acervo-correio\/index.php?rest_route=\/wp\/v2\/types\/post"}],"author":[{"embeddable":true,"href":"https:\/\/www.ocorreionews.com.br\/acervo-correio\/index.php?rest_route=\/wp\/v2\/users\/5"}],"replies":[{"embeddable":true,"href":"https:\/\/www.ocorreionews.com.br\/acervo-correio\/index.php?rest_route=%2Fwp%2Fv2%2Fcomments&post=240144"}],"version-history":[{"count":1,"href":"https:\/\/www.ocorreionews.com.br\/acervo-correio\/index.php?rest_route=\/wp\/v2\/posts\/240144\/revisions"}],"predecessor-version":[{"id":240147,"href":"https:\/\/www.ocorreionews.com.br\/acervo-correio\/index.php?rest_route=\/wp\/v2\/posts\/240144\/revisions\/240147"}],"wp:featuredmedia":[{"embeddable":true,"href":"https:\/\/www.ocorreionews.com.br\/acervo-correio\/index.php?rest_route=\/wp\/v2\/media\/240146"}],"wp:attachment":[{"href":"https:\/\/www.ocorreionews.com.br\/acervo-correio\/index.php?rest_route=%2Fwp%2Fv2%2Fmedia&parent=240144"}],"wp:term":[{"taxonomy":"category","embeddable":true,"href":"https:\/\/www.ocorreionews.com.br\/acervo-correio\/index.php?rest_route=%2Fwp%2Fv2%2Fcategories&post=240144"},{"taxonomy":"post_tag","embeddable":true,"href":"https:\/\/www.ocorreionews.com.br\/acervo-correio\/index.php?rest_route=%2Fwp%2Fv2%2Ftags&post=240144"}],"curies":[{"name":"wp","href":"https:\/\/api.w.org\/{rel}","templated":true}]}}