{"id":240148,"date":"2023-05-18T09:43:56","date_gmt":"2023-05-18T13:43:56","guid":{"rendered":"https:\/\/www.ocorreionews.com.br\/acervo-correio\/?p=240148"},"modified":"2023-05-18T09:43:56","modified_gmt":"2023-05-18T13:43:56","slug":"costa-rica-realiza-acoes-de-combate-ao-abuso-e-exploracao-sexual-contra-criancas-e-adolescentes","status":"publish","type":"post","link":"https:\/\/www.ocorreionews.com.br\/acervo-correio\/?p=240148","title":{"rendered":"Costa Rica realiza a\u00e7\u00f5es de combate ao abuso e explora\u00e7\u00e3o sexual contra Crian\u00e7as e Adolescentes"},"content":{"rendered":"<div class=\"ntc_cont_descricao_noticia sw_txteditor\">Costa Rica est\u00e1 realizando uma s\u00e9rie de a\u00e7\u00f5es socioeducativas para combater o abuso e a explora\u00e7\u00e3o sexual de crian\u00e7as e adolescentes. A campanha, intitulada \u2018Fa\u00e7a Bonito\u2019, \u00e9 uma iniciativa do Governo Municipal, em parceria com a Secretaria Municipal de Assist\u00eancia Social e o CREAS (Centro de Refer\u00eancia de Assist\u00eancia Social), Conselho Tutelar e Projeto Florestinha. As palestras est\u00e3o sendo realizadas em escolas municipais e estaduais nos per\u00edodos matutino e vespertino, al\u00e9m do ESF Rural, com o objetivo de orientar as crian\u00e7as, adolescentes e profissionais sobre a import\u00e2ncia da preven\u00e7\u00e3o e combate a tais viol\u00eancias.<\/div>\n<div class=\"ntc_cont_descricao_noticia sw_txteditor\"><img decoding=\"async\" class=\"imgcentraliza\" src=\"https:\/\/www.costarica.ms.gov.br\/fotos\/3d6480912bd7043c1bd171406c8fb683.jpg\" alt=\"Foto Noticia Principal Grande\" \/><\/p>\n<p>As escolas que j\u00e1 receberam a\u00e7\u00f5es incluem F\u00e1bio Rodrigues Barbosa, Vale do Amanhecer, Jos\u00e9 Ferreira da Costa, Adenocre Alexandre de Morais e ESF Rural. Nesta quinta-feira (18), as a\u00e7\u00f5es acontecem na Escola Francisco Martins Carrijo \u00e0s 7h30min e tamb\u00e9m \u00e0s 13h30min. Nos dias 22 a 24, ser\u00e1 a vez da Escola Joaquim Faustino Rosa e, no final do m\u00eas, a Escola Estadual Santos Dumont encerrar\u00e1 as a\u00e7\u00f5es.<\/p>\n<p>O Dia Nacional de Combate ao Abuso e Explora\u00e7\u00e3o Sexual contra Crian\u00e7as e Adolescentes \u00e9 celebrado em 18 de maio, em mem\u00f3ria do &#8220;Crime Araceli&#8221;, ocorrido em 18 de maio de 1973, em Vit\u00f3ria\/ES. Na ocasi\u00e3o, uma menina de apenas 8 anos de idade foi raptada, drogada, estuprada, morta e carbonizada por jovens da classe m\u00e9dia alta. O crime, apesar de sua natureza hedionda, prescreveu impune. A data foi institu\u00edda como o &#8220;Dia Nacional de Combate ao Abuso e Explora\u00e7\u00e3o Sexual de Crian\u00e7as e Adolescentes&#8221;, a partir da aprova\u00e7\u00e3o da Lei Federal n\u00ba 9.970\/2000.<\/p><\/div>\n<div class=\"ntc_cont_descricao_noticia sw_txteditor\"><img decoding=\"async\" class=\"imgcentraliza\" src=\"https:\/\/www.costarica.ms.gov.br\/fotos\/7bf4dfc21ba8c038d82bcf88c39f5e02.jpg\" alt=\"Foto Noticia Principal Grande\" \/><\/p>\n<p>A secret\u00e1ria municipal de Assist\u00eancia Social, Evair Gomes Nogueira, destaca a import\u00e2ncia da campanha: &#8220;Esquecer \u00e9 permitir, lembrar \u00e9 combater! Fa\u00e7a Bonito, proteja nossas Crian\u00e7as e Adolescentes. Denuncie: Disque 100&#8221;.<br \/>\n<img decoding=\"async\" class=\"imgcentraliza\" src=\"https:\/\/www.costarica.ms.gov.br\/fotos\/9c1116a741e810c2ec8b2cb85abeb1d8.jpg\" alt=\"Foto Noticia Principal Grande\" \/><\/div>\n<div class=\"ntc_cont_descricao_noticia sw_txteditor\">\n<img decoding=\"async\" class=\"imgcentraliza\" src=\"https:\/\/www.costarica.ms.gov.br\/fotos\/e6924e5c0efd506963f335139e8141f1.jpg\" alt=\"Foto Noticia Principal Grande\" \/><\/div>\n<div><\/div>\n<div class=\"ntc_area_info_noticia sw_lato\">\n<div>\n<div class=\"ntc_info_noticia\"><strong class=\"sw_lato_black\">Fonte: <\/strong>Assessoria de Comunica\u00e7\u00e3o &#8211; PMCR,<strong class=\"sw_lato_black\">\u00a0<\/strong>Silvestre de Castro<\/div>\n<\/div>\n<\/div>\n","protected":false},"excerpt":{"rendered":"<p>Costa Rica est\u00e1 realizando uma s\u00e9rie de a\u00e7\u00f5es socioeducativas para combater o abuso e a explora\u00e7\u00e3o sexual de crian\u00e7as e adolescentes. A campanha, intitulada \u2018Fa\u00e7a Bonito\u2019, \u00e9 uma iniciativa do Governo Municipal, em parceria com a Secretaria Municipal de Assist\u00eancia Social e o CREAS (Centro de Refer\u00eancia de Assist\u00eancia Social), Conselho Tutelar e Projeto Florestinha. [&hellip;]<\/p>\n","protected":false},"author":5,"featured_media":240150,"comment_status":"closed","ping_status":"closed","sticky":false,"template":"","format":"standard","meta":{"footnotes":""},"categories":[25],"tags":[],"class_list":["post-240148","post","type-post","status-publish","format-standard","has-post-thumbnail","hentry","category-costa-rica"],"_links":{"self":[{"href":"https:\/\/www.ocorreionews.com.br\/acervo-correio\/index.php?rest_route=\/wp\/v2\/posts\/240148","targetHints":{"allow":["GET"]}}],"collection":[{"href":"https:\/\/www.ocorreionews.com.br\/acervo-correio\/index.php?rest_route=\/wp\/v2\/posts"}],"about":[{"href":"https:\/\/www.ocorreionews.com.br\/acervo-correio\/index.php?rest_route=\/wp\/v2\/types\/post"}],"author":[{"embeddable":true,"href":"https:\/\/www.ocorreionews.com.br\/acervo-correio\/index.php?rest_route=\/wp\/v2\/users\/5"}],"replies":[{"embeddable":true,"href":"https:\/\/www.ocorreionews.com.br\/acervo-correio\/index.php?rest_route=%2Fwp%2Fv2%2Fcomments&post=240148"}],"version-history":[{"count":1,"href":"https:\/\/www.ocorreionews.com.br\/acervo-correio\/index.php?rest_route=\/wp\/v2\/posts\/240148\/revisions"}],"predecessor-version":[{"id":240151,"href":"https:\/\/www.ocorreionews.com.br\/acervo-correio\/index.php?rest_route=\/wp\/v2\/posts\/240148\/revisions\/240151"}],"wp:featuredmedia":[{"embeddable":true,"href":"https:\/\/www.ocorreionews.com.br\/acervo-correio\/index.php?rest_route=\/wp\/v2\/media\/240150"}],"wp:attachment":[{"href":"https:\/\/www.ocorreionews.com.br\/acervo-correio\/index.php?rest_route=%2Fwp%2Fv2%2Fmedia&parent=240148"}],"wp:term":[{"taxonomy":"category","embeddable":true,"href":"https:\/\/www.ocorreionews.com.br\/acervo-correio\/index.php?rest_route=%2Fwp%2Fv2%2Fcategories&post=240148"},{"taxonomy":"post_tag","embeddable":true,"href":"https:\/\/www.ocorreionews.com.br\/acervo-correio\/index.php?rest_route=%2Fwp%2Fv2%2Ftags&post=240148"}],"curies":[{"name":"wp","href":"https:\/\/api.w.org\/{rel}","templated":true}]}}