{"id":240153,"date":"2023-05-18T10:02:33","date_gmt":"2023-05-18T14:02:33","guid":{"rendered":"https:\/\/www.ocorreionews.com.br\/acervo-correio\/?p=240153"},"modified":"2023-05-18T10:04:12","modified_gmt":"2023-05-18T14:04:12","slug":"justiceiros-de-ms-querem-identificar-agressora-de-crianca-mas-video-e-argentino","status":"publish","type":"post","link":"https:\/\/www.ocorreionews.com.br\/acervo-correio\/?p=240153","title":{"rendered":"Justiceiros de MS querem identificar agressora de crian\u00e7a, mas v\u00eddeo \u00e9 argentino"},"content":{"rendered":"<p>V\u00eddeo que mostra crian\u00e7a sendo agredida na Argentina tomou conta das redes sociais em Mato Grosso do Sul nesta quarta-feira (17) e v\u00e1rios justiceiros queriam identificar a agressora. Entretanto, a mulher que aparece na imagens n\u00e3o \u00e9 brasileira e o crime n\u00e3o ocorreu em nenhuma cidade do Estado.<\/p>\n<p>As imagens circularam por Chapad\u00e3o do Sul relatando que o mulher seria moradora do Bairro Planalto, site local teve que desmentir que o caso seria no munic\u00edpio para poder acalmar os \u00e2nimos.<\/p>\n<p>Na Capital, o Campo Grande News recebeu o v\u00eddeo de uma leitora do Bairro Leblon e de outro que pedia &#8220;tem que fazer circular isso at\u00e9 encontrarem essa agressora&#8221;.<\/p>\n<p>Pelo teor das imagens, o v\u00eddeo acabou ganhando uma rede de compartilhadores que se uniram em busca de identificar a mulher que aparecia pisando e puxando o cabelo das crian\u00e7as e aquele que filmou as agress\u00f5es sem oferecer ajuda alguma.<\/p>\n<figure style=\"width: 1141px\" class=\"wp-caption aligncenter\"><img loading=\"lazy\" decoding=\"async\" class=\"img-fluid\" src=\"https:\/\/cdn6.campograndenews.com.br\/uploads\/noticias\/2023\/05\/17\/19yadxwmra9rr.jpeg\" sizes=\"auto, (min-width: 1024px) calc(.5 * (100vw - 21.875em)), 100vw\" srcset=\"https:\/\/cdn6.campograndenews.com.br\/uploads\/noticias\/2023\/05\/17\/2k8g2fowguuc0.jpeg 1024w, https:\/\/cdn6.campograndenews.com.br\/uploads\/noticias\/2023\/05\/17\/712n29pj9od3.jpeg 640w, https:\/\/cdn6.campograndenews.com.br\/uploads\/noticias\/2023\/05\/17\/19yadxwmra9rr.jpeg 320w\" alt=\"Mensagens foram compartilhadas em grupos de WhatsApp (Foto: Direto das Ruas)\" width=\"1141\" height=\"1080\" \/><figcaption class=\"wp-caption-text\">Mensagens foram compartilhadas em grupos de WhatsApp (Foto: Direto das Ruas)<\/figcaption><\/figure>\n<p>&nbsp;<\/p>\n<p>O Campo Grande News identificou que a grava\u00e7\u00e3o chegou a ser compartilhada em outros estados, mas as agress\u00f5es ocorreram na prov\u00edncia de San Juan, na Argentina. O caso veio \u00e0 tona no dia 11 de maio deste ano.<\/p>\n<p>Conforme divulgado pelo portal argentino El Nueve, as investiga\u00e7\u00f5es destas agress\u00f5es est\u00e3o acontecendo em segredo de Justi\u00e7a.<\/p>\n<p>&nbsp;<\/p>\n<p>Por Geniffer Valeriano &#8211;\u00a0 CAMPO GRANDE NEWS<\/p>\n","protected":false},"excerpt":{"rendered":"<p>V\u00eddeo que mostra crian\u00e7a sendo agredida na Argentina tomou conta das redes sociais em Mato Grosso do Sul nesta quarta-feira (17) e v\u00e1rios justiceiros queriam identificar a agressora. Entretanto, a mulher que aparece na imagens n\u00e3o \u00e9 brasileira e o crime n\u00e3o ocorreu em nenhuma cidade do Estado. As imagens circularam por Chapad\u00e3o do Sul [&hellip;]<\/p>\n","protected":false},"author":5,"featured_media":240158,"comment_status":"closed","ping_status":"closed","sticky":false,"template":"","format":"standard","meta":{"footnotes":""},"categories":[38],"tags":[],"class_list":["post-240153","post","type-post","status-publish","format-standard","has-post-thumbnail","hentry","category-policia"],"_links":{"self":[{"href":"https:\/\/www.ocorreionews.com.br\/acervo-correio\/index.php?rest_route=\/wp\/v2\/posts\/240153","targetHints":{"allow":["GET"]}}],"collection":[{"href":"https:\/\/www.ocorreionews.com.br\/acervo-correio\/index.php?rest_route=\/wp\/v2\/posts"}],"about":[{"href":"https:\/\/www.ocorreionews.com.br\/acervo-correio\/index.php?rest_route=\/wp\/v2\/types\/post"}],"author":[{"embeddable":true,"href":"https:\/\/www.ocorreionews.com.br\/acervo-correio\/index.php?rest_route=\/wp\/v2\/users\/5"}],"replies":[{"embeddable":true,"href":"https:\/\/www.ocorreionews.com.br\/acervo-correio\/index.php?rest_route=%2Fwp%2Fv2%2Fcomments&post=240153"}],"version-history":[{"count":1,"href":"https:\/\/www.ocorreionews.com.br\/acervo-correio\/index.php?rest_route=\/wp\/v2\/posts\/240153\/revisions"}],"predecessor-version":[{"id":240165,"href":"https:\/\/www.ocorreionews.com.br\/acervo-correio\/index.php?rest_route=\/wp\/v2\/posts\/240153\/revisions\/240165"}],"wp:featuredmedia":[{"embeddable":true,"href":"https:\/\/www.ocorreionews.com.br\/acervo-correio\/index.php?rest_route=\/wp\/v2\/media\/240158"}],"wp:attachment":[{"href":"https:\/\/www.ocorreionews.com.br\/acervo-correio\/index.php?rest_route=%2Fwp%2Fv2%2Fmedia&parent=240153"}],"wp:term":[{"taxonomy":"category","embeddable":true,"href":"https:\/\/www.ocorreionews.com.br\/acervo-correio\/index.php?rest_route=%2Fwp%2Fv2%2Fcategories&post=240153"},{"taxonomy":"post_tag","embeddable":true,"href":"https:\/\/www.ocorreionews.com.br\/acervo-correio\/index.php?rest_route=%2Fwp%2Fv2%2Ftags&post=240153"}],"curies":[{"name":"wp","href":"https:\/\/api.w.org\/{rel}","templated":true}]}}