{"id":240172,"date":"2023-05-18T10:25:04","date_gmt":"2023-05-18T14:25:04","guid":{"rendered":"https:\/\/www.ocorreionews.com.br\/acervo-correio\/?p=240172"},"modified":"2023-05-18T10:25:04","modified_gmt":"2023-05-18T14:25:04","slug":"prefeitura-prorroga-por-um-ano-validade-do-concurso-de-servidores-publicos","status":"publish","type":"post","link":"https:\/\/www.ocorreionews.com.br\/acervo-correio\/?p=240172","title":{"rendered":"Prefeitura prorroga por um ano validade do concurso de servidores p\u00fablicos."},"content":{"rendered":"<p style=\"font-weight: 400;\">O prefeito em exerc\u00edcio Dr. Jo\u00e3o Buzoli determinou a publica\u00e7\u00e3o do edital de prorroga\u00e7\u00e3o do concurso p\u00fablico no Di\u00e1rio Oficial na \u00faltima sexta-feira,12. O certame foi homologado em julho de 2022, com validade at\u00e9 2023. Entretanto, a Administra\u00e7\u00e3o optou por prorrogar a validade por mais um ano.<\/p>\n<p style=\"font-weight: 400;\">Com a prorroga\u00e7\u00e3o da validade, os candidatos que est\u00e3o na lista de cadastro de reserva poder\u00e3o ser nomeados. O chamamento ocorrer\u00e1 de acordo com as necessidades do Munic\u00edpio.<\/p>\n<p>&nbsp;<\/p>\n<p>*Assessoria de Imprensa<\/p>\n","protected":false},"excerpt":{"rendered":"<p>O prefeito em exerc\u00edcio Dr. Jo\u00e3o Buzoli determinou a publica\u00e7\u00e3o do edital de prorroga\u00e7\u00e3o do concurso p\u00fablico no Di\u00e1rio Oficial na \u00faltima sexta-feira,12. O certame foi homologado em julho de 2022, com validade at\u00e9 2023. Entretanto, a Administra\u00e7\u00e3o optou por prorrogar a validade por mais um ano. Com a prorroga\u00e7\u00e3o da validade, os candidatos que [&hellip;]<\/p>\n","protected":false},"author":5,"featured_media":170779,"comment_status":"closed","ping_status":"closed","sticky":false,"template":"","format":"standard","meta":{"footnotes":""},"categories":[23],"tags":[],"class_list":["post-240172","post","type-post","status-publish","format-standard","has-post-thumbnail","hentry","category-chapadao-do-sul"],"_links":{"self":[{"href":"https:\/\/www.ocorreionews.com.br\/acervo-correio\/index.php?rest_route=\/wp\/v2\/posts\/240172","targetHints":{"allow":["GET"]}}],"collection":[{"href":"https:\/\/www.ocorreionews.com.br\/acervo-correio\/index.php?rest_route=\/wp\/v2\/posts"}],"about":[{"href":"https:\/\/www.ocorreionews.com.br\/acervo-correio\/index.php?rest_route=\/wp\/v2\/types\/post"}],"author":[{"embeddable":true,"href":"https:\/\/www.ocorreionews.com.br\/acervo-correio\/index.php?rest_route=\/wp\/v2\/users\/5"}],"replies":[{"embeddable":true,"href":"https:\/\/www.ocorreionews.com.br\/acervo-correio\/index.php?rest_route=%2Fwp%2Fv2%2Fcomments&post=240172"}],"version-history":[{"count":1,"href":"https:\/\/www.ocorreionews.com.br\/acervo-correio\/index.php?rest_route=\/wp\/v2\/posts\/240172\/revisions"}],"predecessor-version":[{"id":240178,"href":"https:\/\/www.ocorreionews.com.br\/acervo-correio\/index.php?rest_route=\/wp\/v2\/posts\/240172\/revisions\/240178"}],"wp:featuredmedia":[{"embeddable":true,"href":"https:\/\/www.ocorreionews.com.br\/acervo-correio\/index.php?rest_route=\/wp\/v2\/media\/170779"}],"wp:attachment":[{"href":"https:\/\/www.ocorreionews.com.br\/acervo-correio\/index.php?rest_route=%2Fwp%2Fv2%2Fmedia&parent=240172"}],"wp:term":[{"taxonomy":"category","embeddable":true,"href":"https:\/\/www.ocorreionews.com.br\/acervo-correio\/index.php?rest_route=%2Fwp%2Fv2%2Fcategories&post=240172"},{"taxonomy":"post_tag","embeddable":true,"href":"https:\/\/www.ocorreionews.com.br\/acervo-correio\/index.php?rest_route=%2Fwp%2Fv2%2Ftags&post=240172"}],"curies":[{"name":"wp","href":"https:\/\/api.w.org\/{rel}","templated":true}]}}