{"id":24020,"date":"2016-04-01T07:31:57","date_gmt":"2016-04-01T11:31:57","guid":{"rendered":"https:\/\/ocorreionews.com.br\/?p=24020"},"modified":"2016-04-01T07:31:57","modified_gmt":"2016-04-01T11:31:57","slug":"governo-municipal-e-aciacri-oferecem-na-segunda-feira-04-a-palestra-gratuita-como-vender-mais-atraves-do-turismo","status":"publish","type":"post","link":"https:\/\/www.ocorreionews.com.br\/acervo-correio\/?p=24020","title":{"rendered":"Governo Municipal e ACIACRI oferecem na segunda-feira (04) a palestra gratuita \u201cComo vender mais atrav\u00e9s do Turismo\u201d"},"content":{"rendered":"<div class=\"marginBottom30px link-Internas\">\n<p style=\"text-align: justify;\">O Governo Municipal e a ACIACRI &#8211; Associa\u00e7\u00e3o Comercial, Industrial e Agropastoril de Costa Rica &#8211; MS em parceria com o SEBRAE\/MS, FAEMS e FECOM\u00c9RCIO, convidam a todos para a palestra \u201cComo vender mais atrav\u00e9s do Turismo\u201d, a ser realizada na segunda-feira, 04 de abril de 2016, a partir das 19h, no Audit\u00f3rio Cultural Ambiental Valdir Justino de Almeida.<\/p>\n<p style=\"text-align: justify;\">De acordo com o presidente da ACIACRI, Jos\u00e9 Alcides Simpl\u00edcio, a palestra \u00e9 gratuita e ter\u00e1 como objetivo motivar toda a equipe de vendas do empresariado local, principalmente aqueles que trabalham direto ou indiretamente com Turismo. \u201cO palestrante, Claudio Forner, foi conselheiro do Programa O Aprendiz 5 com Roberto Justus da Rede Record\u201d, complementa.<\/p>\n<p style=\"text-align: justify;\"><strong>Programa\u00e7\u00e3o:<\/strong><\/p>\n<p style=\"text-align: justify;\">19h00 \u2013 Abertura e Palestra \u201cComo vender mais atrav\u00e9s do Turismo\u201d com Claudio Forner;<\/p>\n<p style=\"text-align: justify;\">19h40 \u2013 Palestra \u201cO Turismo como indutor do Desenvolvimento Local\u201d com a secret\u00e1ria de Turismo de Bonito\/MS, Juliane Ferreira Salvadori com media\u00e7\u00e3o de\u00a0\u00a0 Maristela de Oliveira Fran\u00e7a.<\/p>\n<p style=\"text-align: justify;\">O Audit\u00f3rio Cultural Ambiental Valdir Justino de Almeida est\u00e1 localizado dentro do PNMSS- Parque Natural Municipal Salto do Sucuri\u00fa. Mais informa\u00e7\u00f5es no telefone (67) 3247 1974.<\/p>\n<p style=\"text-align: justify;\">\n<\/div>\n<div class=\"marginBottom30px link-Internas\" style=\"text-align: justify;\">ASSECOM\/PMCR<\/div>\n","protected":false},"excerpt":{"rendered":"<p>O Governo Municipal e a ACIACRI &#8211; Associa\u00e7\u00e3o Comercial, Industrial e Agropastoril de Costa Rica &#8211; MS em parceria com o SEBRAE\/MS, FAEMS e FECOM\u00c9RCIO, convidam a todos para a palestra \u201cComo vender mais atrav\u00e9s do Turismo\u201d, a ser realizada na segunda-feira, 04 de abril de 2016, a partir das 19h, no Audit\u00f3rio Cultural Ambiental [&hellip;]<\/p>\n","protected":false},"author":4,"featured_media":24021,"comment_status":"closed","ping_status":"closed","sticky":false,"template":"","format":"standard","meta":{"footnotes":""},"categories":[25],"tags":[],"class_list":["post-24020","post","type-post","status-publish","format-standard","has-post-thumbnail","hentry","category-costa-rica"],"_links":{"self":[{"href":"https:\/\/www.ocorreionews.com.br\/acervo-correio\/index.php?rest_route=\/wp\/v2\/posts\/24020","targetHints":{"allow":["GET"]}}],"collection":[{"href":"https:\/\/www.ocorreionews.com.br\/acervo-correio\/index.php?rest_route=\/wp\/v2\/posts"}],"about":[{"href":"https:\/\/www.ocorreionews.com.br\/acervo-correio\/index.php?rest_route=\/wp\/v2\/types\/post"}],"author":[{"embeddable":true,"href":"https:\/\/www.ocorreionews.com.br\/acervo-correio\/index.php?rest_route=\/wp\/v2\/users\/4"}],"replies":[{"embeddable":true,"href":"https:\/\/www.ocorreionews.com.br\/acervo-correio\/index.php?rest_route=%2Fwp%2Fv2%2Fcomments&post=24020"}],"version-history":[{"count":0,"href":"https:\/\/www.ocorreionews.com.br\/acervo-correio\/index.php?rest_route=\/wp\/v2\/posts\/24020\/revisions"}],"wp:featuredmedia":[{"embeddable":true,"href":"https:\/\/www.ocorreionews.com.br\/acervo-correio\/index.php?rest_route=\/wp\/v2\/media\/24021"}],"wp:attachment":[{"href":"https:\/\/www.ocorreionews.com.br\/acervo-correio\/index.php?rest_route=%2Fwp%2Fv2%2Fmedia&parent=24020"}],"wp:term":[{"taxonomy":"category","embeddable":true,"href":"https:\/\/www.ocorreionews.com.br\/acervo-correio\/index.php?rest_route=%2Fwp%2Fv2%2Fcategories&post=24020"},{"taxonomy":"post_tag","embeddable":true,"href":"https:\/\/www.ocorreionews.com.br\/acervo-correio\/index.php?rest_route=%2Fwp%2Fv2%2Ftags&post=24020"}],"curies":[{"name":"wp","href":"https:\/\/api.w.org\/{rel}","templated":true}]}}