{"id":240216,"date":"2023-05-18T14:55:33","date_gmt":"2023-05-18T18:55:33","guid":{"rendered":"https:\/\/www.ocorreionews.com.br\/acervo-correio\/?p=240216"},"modified":"2023-05-18T14:55:33","modified_gmt":"2023-05-18T18:55:33","slug":"alunos-da-escola-civico-militar-de-costa-rica-recebem-certificacao-de-top-10","status":"publish","type":"post","link":"https:\/\/www.ocorreionews.com.br\/acervo-correio\/?p=240216","title":{"rendered":"Alunos da Escola C\u00edvico-Militar de Costa Rica recebem certifica\u00e7\u00e3o de TOP 10"},"content":{"rendered":"<div class=\"ntc_cont_descricao_noticia sw_txteditor\">Nesta quinta-feira (18), a Escola Municipal C\u00edvico-Militar Professor Adenocre Alexandre de Morais, em Costa Rica\/MS, realizou uma solenidade de certifica\u00e7\u00e3o dos alunos TOP 10. A cerim\u00f4nia contou com a presen\u00e7a de autoridades municipais, comunidade escolar e pais, e aconteceu no Gin\u00e1sio Zambet\u00e3o.<\/p>\n<p>A Secret\u00e1ria Municipal de Educa\u00e7\u00e3o, Maria F. Almeida, declarou que \u00e9 bastante gratificante ver os professores envolvidos no processo de aprendizado dos alunos, seja atrav\u00e9s de competi\u00e7\u00f5es ou do comportamento em sala de aula. Ela ressaltou que a educa\u00e7\u00e3o do munic\u00edpio \u00e9 fundamental para o futuro da cidade, do estado e do pa\u00eds, e que dirigir essa \u00e1rea \u00e9 um grande orgulho. Maria agradeceu a Deus por ter sido designada para cumprir essa miss\u00e3o e trabalhar com pessoas comprometidas na rede municipal de ensino.<\/p>\n<p>A equipe multidisciplinar da escola, composta pela dire\u00e7\u00e3o, coordena\u00e7\u00e3o pedag\u00f3gica, professores, monitores militares e equipe t\u00e9cnica de psic\u00f3loga e assistente social, implementou o projeto de boas pr\u00e1ticas com o objetivo de incentivar e contribuir para aumentar o interesse do aluno pelo ato de estudar e instruir e fortalecer o comportamento disciplinar.<\/p>\n<p>O diretor da Escola C\u00edvico Militar Prof. Adenocre Alexandre de Morais, Sandey Eug\u00eanio Betteti, destacou a import\u00e2ncia da motiva\u00e7\u00e3o para os alunos. Segundo ele, quando os alunos se sentem valorizados, adquirem mais conhecimento e despertam interesse em melhorar ainda mais. A premia\u00e7\u00e3o de alunos destaque no primeiro bimestre incentiva outros alunos a se empenharem mais para tamb\u00e9m serem valorizados e destacados no pr\u00f3ximo bimestre.\n<\/p><\/div>\n<div class=\"ntc_cont_descricao_noticia sw_txteditor\">\nForam entregues os certificados de aluno TOP 10 aos dez alunos do 6\u00ba ano, 7\u00ba ano, 8\u00ba ano e 9\u00ba ano, que por seus feitos pedag\u00f3gicos e esfor\u00e7os em adquirir conhecimento merecem men\u00e7\u00e3o honrosa. Tamb\u00e9m foram entregues os certificados de turma destaque \u00e0s turmas que obtiveram melhor rendimento durante o primeiro bimestre, al\u00e9m de um trof\u00e9u.<\/div>\n<div class=\"ntc_cont_descricao_noticia sw_txteditor\"><img decoding=\"async\" class=\"imgcentraliza\" src=\"https:\/\/www.costarica.ms.gov.br\/fotos\/0f1c67e2566bb0814d211f0808875a6b.jpg\" alt=\"Foto Noticia Principal Grande\" \/><\/p>\n<p>O sargento do Corpo de Bombeiros e monitor da escola, Fernando, destacou a import\u00e2ncia do evento para incentivar e enaltecer as crian\u00e7as pela conquista do primeiro bimestre e estimul\u00e1-las a continuar buscando aprendizado. Ele ressaltou que um dos s\u00edmbolos da escola c\u00edvico-militar \u00e9 o respeito ao pr\u00f3ximo, ao professor, \u00e0 institui\u00e7\u00e3o e aos colegas. Fernando afirmou que, embora sempre se busque melhorias, acredita que a escola est\u00e1 no caminho certo e tende a crescer ao longo do ano.<\/p>\n<p>A Escola Municipal C\u00edvico-Militar Professor Adenocre Alexandre de Morais agradeceu a presen\u00e7a de todos na solenidade e os alunos foram recepcionados e convidados a tomarem seus lugares no dispositivo, observando uniformiza\u00e7\u00e3o e apresenta\u00e7\u00e3o individual. Os pais foram direcionados para receberem os boletins dos alunos aos quais s\u00e3o respons\u00e1veis.<\/p>\n<p>Para Jo\u00e3o Paulo Tosta, pai de Gabriel Morila de Freitas, a participa\u00e7\u00e3o no evento de premia\u00e7\u00e3o \u00e9 uma grande satisfa\u00e7\u00e3o como pai, pois incentiva todas as crian\u00e7as e promove o esp\u00edrito de competitividade, permitindo que eles evoluam cada vez mais como pessoas e cidad\u00e3os de bem. Ele destaca que \u00e9 importante estar atento ao conhecimento e procurar novos horizontes. O Gabriel vinha enfrentando dificuldades, mas com o col\u00e9gio militar houve uma mudan\u00e7a radical no comportamento dele e a premia\u00e7\u00e3o comprova isso, estando entre os top 10 da sala dele. Jo\u00e3o Paulo est\u00e1 muito feliz e orgulhoso da premia\u00e7\u00e3o concedida ao seu filho e parabeniza a todos os envolvidos.<\/p>\n<p>A escola certifica que os alunos se destacaram entre seus pares no aprendizado e no estudo aplicado e ficaram classificados entre os 10 melhores alunos na m\u00e9dia geral da escola. O aluno TOP 10 recebeu todo o reconhecimento e apre\u00e7o pelo seu esfor\u00e7o e dedica\u00e7\u00e3o aos estudos. Parab\u00e9ns aos alunos pela conquista!<\/p><\/div>\n<div class=\"ntc_cont_descricao_noticia sw_txteditor\"><img decoding=\"async\" class=\"imgcentraliza\" src=\"https:\/\/www.costarica.ms.gov.br\/fotos\/e92463044f98673398d3bed0408402f0.jpg\" alt=\"Foto Noticia Principal Grande\" \/><\/p>\n<div><strong>TOP 10 ALUNOS COM MELHORES NOTAS NO 1\u00b0 BIMESTRE \u2013 2023<\/strong><\/div>\n<table border=\"0\" cellspacing=\"0\" cellpadding=\"0\" align=\"center\">\n<tbody>\n<tr>\n<td colspan=\"2\" nowrap=\"nowrap\"><strong>6\u00b0 ANO A, B e C.<\/strong><\/td>\n<td><strong>\u00a0<\/strong><\/td>\n<\/tr>\n<tr>\n<td nowrap=\"nowrap\"><strong>NOMES<\/strong><\/td>\n<td><strong>CLASSIFICA\u00c7\u00c3O<\/strong><\/td>\n<td><strong>M\u00e9dia Geral<\/strong><\/td>\n<\/tr>\n<tr>\n<td nowrap=\"nowrap\"><strong>ALICIA DUTRA GAZONI<\/strong><\/td>\n<td><strong>1\u00b0<\/strong><\/td>\n<td><strong>9,235<\/strong><\/td>\n<\/tr>\n<tr>\n<td nowrap=\"nowrap\"><strong>DAVI RUFINO LIMA<\/strong><\/td>\n<td><strong>1\u00b0<\/strong><\/td>\n<td><strong>9,235<\/strong><\/td>\n<\/tr>\n<tr>\n<td nowrap=\"nowrap\"><strong>VALENTINA CORR\u00caA FIGUEIREDO<\/strong><\/td>\n<td><strong>2\u00b0<\/strong><\/td>\n<td><strong>9,059<\/strong><\/td>\n<\/tr>\n<tr>\n<td nowrap=\"nowrap\"><strong>JHULLYE KAUANY SOUZA CARVALHO<\/strong><\/td>\n<td><strong>3\u00b0<\/strong><\/td>\n<td><strong>8,853<\/strong><\/td>\n<\/tr>\n<tr>\n<td nowrap=\"nowrap\"><strong>VICTOR KAUAN FERREIRA DOS REIS<\/strong><\/td>\n<td><strong>4\u00b0<\/strong><\/td>\n<td><strong>8,700<\/strong><\/td>\n<\/tr>\n<tr>\n<td nowrap=\"nowrap\"><strong>CLEDJA DOS SANTOS MOURA<\/strong><\/td>\n<td><strong>5\u00b0<\/strong><\/td>\n<td><strong>8,671<\/strong><\/td>\n<\/tr>\n<tr>\n<td nowrap=\"nowrap\"><strong>ANA CLARA NOGUEIRA MAGALH\u00c3ES<\/strong><\/td>\n<td><strong>6\u00b0<\/strong><\/td>\n<td><strong>8,647<\/strong><\/td>\n<\/tr>\n<tr>\n<td nowrap=\"nowrap\"><strong>GEOVANNA PEREIRA PORTILHO<\/strong><\/td>\n<td><strong>7\u00b0<\/strong><\/td>\n<td><strong>8,471<\/strong><\/td>\n<\/tr>\n<tr>\n<td nowrap=\"nowrap\"><strong>MARCONE ISAQUE DE BARROS SANTOS<\/strong><\/td>\n<td><strong>8\u00b0<\/strong><\/td>\n<td><strong>8,441<\/strong><\/td>\n<\/tr>\n<tr>\n<td nowrap=\"nowrap\"><strong>KAIO DE SOUSA FLORENTINO<\/strong><\/td>\n<td><strong>9\u00b0<\/strong><\/td>\n<td><strong>8,412<\/strong><\/td>\n<\/tr>\n<tr>\n<td nowrap=\"nowrap\"><strong>BEATRIZ AFONSO MOTA<\/strong><\/td>\n<td><strong>9\u00b0<\/strong><\/td>\n<td><strong>8,412<\/strong><\/td>\n<\/tr>\n<tr>\n<td nowrap=\"nowrap\"><strong>ANTONIO HENRIQUE CLAUS COSTA<\/strong><\/td>\n<td><strong>10\u00b0<\/strong><\/td>\n<td><strong>8,382<\/strong><\/td>\n<\/tr>\n<\/tbody>\n<\/table>\n<div><\/div>\n<table border=\"0\" cellspacing=\"0\" cellpadding=\"0\">\n<tbody>\n<tr>\n<td colspan=\"2\" nowrap=\"nowrap\"><strong>7\u00b0 ANO A, B e C.<\/strong><\/td>\n<td><\/td>\n<\/tr>\n<tr>\n<td nowrap=\"nowrap\"><strong>NOMES<\/strong><\/td>\n<td><strong>CLASSIFICA\u00c7\u00c3O<\/strong><\/td>\n<td><strong>M\u00e9dia Geral<\/strong><\/td>\n<\/tr>\n<tr>\n<td nowrap=\"nowrap\"><strong>SOFIA MALDONADO SANTOS<\/strong><\/td>\n<td><strong>1\u00b0<\/strong><\/td>\n<td><strong>9,794<\/strong><\/td>\n<\/tr>\n<tr>\n<td nowrap=\"nowrap\"><strong>MARIANNA RIBAS DE OLIVEIRA<\/strong><\/td>\n<td><strong>2\u00b0<\/strong><\/td>\n<td><strong>9,588<\/strong><\/td>\n<\/tr>\n<tr>\n<td nowrap=\"nowrap\"><strong>ARTHUR SANT ANNA GRANETTO<\/strong><\/td>\n<td><strong>3\u00b0<\/strong><\/td>\n<td><strong>9,559<\/strong><\/td>\n<\/tr>\n<tr>\n<td nowrap=\"nowrap\"><strong>GIOVANNA RIBAS DE OLIVEIRA<\/strong><\/td>\n<td><strong>3\u00b0<\/strong><\/td>\n<td><strong>9,559<\/strong><\/td>\n<\/tr>\n<tr>\n<td nowrap=\"nowrap\"><strong>NAWANA MARIA DE MELO ARAUJO<\/strong><\/td>\n<td><strong>4\u00b0<\/strong><\/td>\n<td><strong>9,500<\/strong><\/td>\n<\/tr>\n<tr>\n<td nowrap=\"nowrap\"><strong>MAX RYAN BARBOSA OLIVEIRA<\/strong><\/td>\n<td><strong>5\u00b0<\/strong><\/td>\n<td><strong>9,482<\/strong><\/td>\n<\/tr>\n<tr>\n<td nowrap=\"nowrap\"><strong>HELENA AGUIAR CEARA<\/strong><\/td>\n<td><strong>6\u00b0<\/strong><\/td>\n<td><strong>9,382<\/strong><\/td>\n<\/tr>\n<tr>\n<td nowrap=\"nowrap\"><strong>FERNANDA SILVA SOUTO<\/strong><\/td>\n<td><strong>7\u00b0<\/strong><\/td>\n<td><strong>9,176<\/strong><\/td>\n<\/tr>\n<tr>\n<td nowrap=\"nowrap\"><strong>MAYDA MORAIS LEITE<\/strong><\/td>\n<td><strong>8\u00b0<\/strong><\/td>\n<td><strong>9,088<\/strong><\/td>\n<\/tr>\n<tr>\n<td nowrap=\"nowrap\"><strong>STEPHANNI PEREIRA SILVA<\/strong><\/td>\n<td><strong>9\u00b0<\/strong><\/td>\n<td><strong>9,029<\/strong><\/td>\n<\/tr>\n<tr>\n<td nowrap=\"nowrap\"><strong>NICOLY MALDONADO SURUBIS DA SILVA<\/strong><\/td>\n<td><strong>10\u00b0<\/strong><\/td>\n<td><strong>8,718<\/strong><\/td>\n<\/tr>\n<\/tbody>\n<\/table>\n<table border=\"1\" cellspacing=\"0\" cellpadding=\"0\" align=\"center\">\n<tbody>\n<tr>\n<td colspan=\"2\" nowrap=\"nowrap\"><strong>8\u00b0 ANO A, B e C.<\/strong><\/td>\n<td><\/td>\n<\/tr>\n<tr>\n<td nowrap=\"nowrap\"><strong>NOMES<\/strong><\/td>\n<td><strong>CLASSIFICA\u00c7\u00c3O<\/strong><\/td>\n<td><strong>M\u00e9dia Geral<\/strong><\/td>\n<\/tr>\n<tr>\n<td nowrap=\"nowrap\"><strong>F\u00c1BIO ARLINDO DE A. C\u00c2NDIDO DIAS<\/strong><\/td>\n<td><strong>1\u00b0<\/strong><\/td>\n<td><strong>9,265<\/strong><\/td>\n<\/tr>\n<tr>\n<td nowrap=\"nowrap\"><strong>MURILO RODRIGUES DE SOUZA<\/strong><\/td>\n<td><strong>2\u00b0<\/strong><\/td>\n<td><strong>9,018<\/strong><\/td>\n<\/tr>\n<tr>\n<td nowrap=\"nowrap\"><strong>FERNANDA LOBO DE SANTANA<\/strong><\/td>\n<td><strong>3\u00b0<\/strong><\/td>\n<td><strong>8,941<\/strong><\/td>\n<\/tr>\n<tr>\n<td nowrap=\"nowrap\"><strong>YASMIN TAINA VIEIRA<\/strong><\/td>\n<td><strong>4\u00b0<\/strong><\/td>\n<td><strong>8,894<\/strong><\/td>\n<\/tr>\n<tr>\n<td nowrap=\"nowrap\"><strong>BRUNA DUTRA ASSIS FERNANDES<\/strong><\/td>\n<td><strong>5\u00b0<\/strong><\/td>\n<td><strong>8,765<\/strong><\/td>\n<\/tr>\n<tr>\n<td nowrap=\"nowrap\"><strong>SOPHIA DE PAULA TAROCO<\/strong><\/td>\n<td><strong>5\u00b0<\/strong><\/td>\n<td><strong>8,765<\/strong><\/td>\n<\/tr>\n<tr>\n<td nowrap=\"nowrap\"><strong>JO\u00c3O PEDRO DE OLIVEIRA COLMAN<\/strong><\/td>\n<td><strong>6\u00b0<\/strong><\/td>\n<td><strong>8,759<\/strong><\/td>\n<\/tr>\n<tr>\n<td nowrap=\"nowrap\"><strong>JENNIFER GABRIELE GUILHERME DE O.<\/strong><\/td>\n<td><strong>7\u00b0<\/strong><\/td>\n<td><strong>8,753<\/strong><\/td>\n<\/tr>\n<tr>\n<td nowrap=\"nowrap\"><strong>LARA CRISTINY CUST\u00d3DIO JUSTINO<\/strong><\/td>\n<td><strong>8\u00b0<\/strong><\/td>\n<td><strong>8,618<\/strong><\/td>\n<\/tr>\n<tr>\n<td nowrap=\"nowrap\"><strong>VICTOR DANIEL DOURADO SANTOS<\/strong><\/td>\n<td><strong>8\u00b0<\/strong><\/td>\n<td><strong>8,618<\/strong><\/td>\n<\/tr>\n<tr>\n<td nowrap=\"nowrap\"><strong>ANA LUZ MELGA\u00c7O DANTAS<\/strong><\/td>\n<td><strong>9\u00b0<\/strong><\/td>\n<td><strong>8,559<\/strong><\/td>\n<\/tr>\n<tr>\n<td nowrap=\"nowrap\"><strong>MELINA VIT\u00d3RIA DA PAZ GOMES<\/strong><\/td>\n<td><strong>9\u00b0<\/strong><\/td>\n<td><strong>8,559<\/strong><\/td>\n<\/tr>\n<tr>\n<td nowrap=\"nowrap\"><strong>LARA DE SOUZA RIBEIRO<\/strong><\/td>\n<td><strong>9\u00b0<\/strong><\/td>\n<td><strong>8,559<\/strong><\/td>\n<\/tr>\n<tr>\n<td nowrap=\"nowrap\"><strong>VINICIUS FERREIRA PELLET<\/strong><\/td>\n<td><strong>10\u00b0<\/strong><\/td>\n<td><strong>8,518<\/strong><\/td>\n<\/tr>\n<\/tbody>\n<\/table>\n<div><\/div>\n<table border=\"0\" cellspacing=\"0\" cellpadding=\"0\">\n<tbody>\n<tr>\n<td colspan=\"3\" nowrap=\"nowrap\"><strong>9\u00b0 ANO \u00da<\/strong><\/td>\n<\/tr>\n<tr>\n<td nowrap=\"nowrap\"><strong>NOMES<\/strong><\/td>\n<td><strong>CLASSIFICA\u00c7\u00c3O<\/strong><\/td>\n<td><strong>M\u00e9dia Geral<\/strong><\/td>\n<\/tr>\n<tr>\n<td nowrap=\"nowrap\"><strong>ISADORA RODRIGUES DA ROCHA<\/strong><\/td>\n<td><strong>1\u00b0<\/strong><\/td>\n<td><strong>9,588<\/strong><\/td>\n<\/tr>\n<tr>\n<td nowrap=\"nowrap\"><strong>KAUANNY EMILLY DE MELO BRAND\u00c3O<\/strong><\/td>\n<td><strong>2\u00b0<\/strong><\/td>\n<td><strong>9,382<\/strong><\/td>\n<\/tr>\n<tr>\n<td nowrap=\"nowrap\"><strong>MARYANA CASTRO DE SOUZA<\/strong><\/td>\n<td><strong>3\u00b0<\/strong><\/td>\n<td><strong>9,088<\/strong><\/td>\n<\/tr>\n<tr>\n<td nowrap=\"nowrap\"><strong>ANA LUIZA COPETTI OLIVEIRA<\/strong><\/td>\n<td><strong>4\u00b0<\/strong><\/td>\n<td><strong>9,029<\/strong><\/td>\n<\/tr>\n<tr>\n<td nowrap=\"nowrap\"><strong>LUCAS FIDELIS OLIVEIRA<\/strong><\/td>\n<td><strong>4\u00b0<\/strong><\/td>\n<td><strong>9,029<\/strong><\/td>\n<\/tr>\n<tr>\n<td nowrap=\"nowrap\"><strong>MARIANA OLIVEIRA AMORIM<\/strong><\/td>\n<td><strong>5\u00b0<\/strong><\/td>\n<td><strong>8,912<\/strong><\/td>\n<\/tr>\n<tr>\n<td nowrap=\"nowrap\"><strong>KETYLLE YASMIN SANTOS DA SILVA<\/strong><\/td>\n<td><strong>6\u00b0<\/strong><\/td>\n<td><strong>8,735<\/strong><\/td>\n<\/tr>\n<tr>\n<td nowrap=\"nowrap\"><strong>IASMIN MIRANDA AM\u00c9RICO<\/strong><\/td>\n<td><strong>7\u00b0<\/strong><\/td>\n<td><strong>8,676<\/strong><\/td>\n<\/tr>\n<tr>\n<td nowrap=\"nowrap\"><strong>GABRIEL MORILA DE FREITAS<\/strong><\/td>\n<td><strong>8\u00b0<\/strong><\/td>\n<td><strong>8,647<\/strong><\/td>\n<\/tr>\n<tr>\n<td nowrap=\"nowrap\"><strong>BRUNA VITORIA DOS SANTOS TIANO<\/strong><\/td>\n<td><strong>9\u00b0<\/strong><\/td>\n<td><strong>8,459<\/strong><\/td>\n<\/tr>\n<tr>\n<td nowrap=\"nowrap\"><strong>MARIA FERNANDA R. SANTANA<\/strong><\/td>\n<td><strong>10\u00b0<\/strong><\/td>\n<td><strong>8,294<\/strong><\/td>\n<\/tr>\n<\/tbody>\n<\/table>\n<p><img decoding=\"async\" class=\"imgcentraliza\" src=\"https:\/\/www.costarica.ms.gov.br\/fotos\/989b21b59c161caf3d3a1e682eb8c822.jpg\" alt=\"Foto Noticia Principal Grande\" \/><\/div>\n<div class=\"ntc_area_info_noticia sw_lato\">\n<div>\n<div class=\"ntc_info_noticia\"><strong class=\"sw_lato_black\">Fonte: <\/strong>Assessoria de Comunica\u00e7\u00e3o &#8211; PMCR,<strong class=\"sw_lato_black\">\u00a0<\/strong>Silvestre de Castro<\/div>\n<\/div>\n<\/div>\n","protected":false},"excerpt":{"rendered":"<p>Nesta quinta-feira (18), a Escola Municipal C\u00edvico-Militar Professor Adenocre Alexandre de Morais, em Costa Rica\/MS, realizou uma solenidade de certifica\u00e7\u00e3o dos alunos TOP 10. A cerim\u00f4nia contou com a presen\u00e7a de autoridades municipais, comunidade escolar e pais, e aconteceu no Gin\u00e1sio Zambet\u00e3o. A Secret\u00e1ria Municipal de Educa\u00e7\u00e3o, Maria F. Almeida, declarou que \u00e9 bastante gratificante [&hellip;]<\/p>\n","protected":false},"author":5,"featured_media":240218,"comment_status":"closed","ping_status":"closed","sticky":false,"template":"","format":"standard","meta":{"footnotes":""},"categories":[25],"tags":[],"class_list":["post-240216","post","type-post","status-publish","format-standard","has-post-thumbnail","hentry","category-costa-rica"],"_links":{"self":[{"href":"https:\/\/www.ocorreionews.com.br\/acervo-correio\/index.php?rest_route=\/wp\/v2\/posts\/240216","targetHints":{"allow":["GET"]}}],"collection":[{"href":"https:\/\/www.ocorreionews.com.br\/acervo-correio\/index.php?rest_route=\/wp\/v2\/posts"}],"about":[{"href":"https:\/\/www.ocorreionews.com.br\/acervo-correio\/index.php?rest_route=\/wp\/v2\/types\/post"}],"author":[{"embeddable":true,"href":"https:\/\/www.ocorreionews.com.br\/acervo-correio\/index.php?rest_route=\/wp\/v2\/users\/5"}],"replies":[{"embeddable":true,"href":"https:\/\/www.ocorreionews.com.br\/acervo-correio\/index.php?rest_route=%2Fwp%2Fv2%2Fcomments&post=240216"}],"version-history":[{"count":1,"href":"https:\/\/www.ocorreionews.com.br\/acervo-correio\/index.php?rest_route=\/wp\/v2\/posts\/240216\/revisions"}],"predecessor-version":[{"id":240220,"href":"https:\/\/www.ocorreionews.com.br\/acervo-correio\/index.php?rest_route=\/wp\/v2\/posts\/240216\/revisions\/240220"}],"wp:featuredmedia":[{"embeddable":true,"href":"https:\/\/www.ocorreionews.com.br\/acervo-correio\/index.php?rest_route=\/wp\/v2\/media\/240218"}],"wp:attachment":[{"href":"https:\/\/www.ocorreionews.com.br\/acervo-correio\/index.php?rest_route=%2Fwp%2Fv2%2Fmedia&parent=240216"}],"wp:term":[{"taxonomy":"category","embeddable":true,"href":"https:\/\/www.ocorreionews.com.br\/acervo-correio\/index.php?rest_route=%2Fwp%2Fv2%2Fcategories&post=240216"},{"taxonomy":"post_tag","embeddable":true,"href":"https:\/\/www.ocorreionews.com.br\/acervo-correio\/index.php?rest_route=%2Fwp%2Fv2%2Ftags&post=240216"}],"curies":[{"name":"wp","href":"https:\/\/api.w.org\/{rel}","templated":true}]}}