{"id":240224,"date":"2023-05-18T16:45:20","date_gmt":"2023-05-18T20:45:20","guid":{"rendered":"https:\/\/www.ocorreionews.com.br\/acervo-correio\/?p=240224"},"modified":"2023-05-18T16:48:13","modified_gmt":"2023-05-18T20:48:13","slug":"adolescente-e-esfaqueado-por-traficante-por-divida-e-comercio-de-drogas-em-costa-rica","status":"publish","type":"post","link":"https:\/\/www.ocorreionews.com.br\/acervo-correio\/?p=240224","title":{"rendered":"Adolescente \u00e9 esfaqueado por traficante por d\u00edvida e comercio de drogas em Costa Rica"},"content":{"rendered":"<p>No in\u00edcio da tarde desta quinta-feira (18), um adolescente de 17 anos foi esfaqueado por um jovem de 20 anos ap\u00f3s se desentenderem por d\u00edvida e comercio de drogas em Costa Rica.<\/p>\n<p>De acordo com informa\u00e7\u00f5es do Boletim de Ocorr\u00eancia, a Pol\u00edcia Militar recebeu acionamento via 190, que informa que uma pessoa teria sido esfaqueada por outro indiv\u00edduo na Rua Domingos Afonso de Amorim e que a v\u00edtima procurou abrigo em um com\u00e9rcio da Rua J pedindo para que fosse acionada a PM.<\/p>\n<p>De imediato os policias foram at\u00e9 o local, mas o adolescente j\u00e1 havia sido levado a Funda\u00e7\u00e3o Hospitalar pelo Corpo de Bombeiros. No local era poss\u00edvel ver o rastro de sangue deixado pela v\u00edtima por todo o caminho percorrido at\u00e9 chegar no com\u00e9rcio onde pediu socorro.<\/p>\n<p>Os policias deslocou at\u00e9 a Funda\u00e7\u00e3o Hospitalar e realizou contato com o adolescente que relatou quem seria o autor da facada e segundo ele o motivo seria o com\u00e9rcio e d\u00edvidas de drogas.<\/p>\n<p>Com todas as informa\u00e7\u00f5es, uma equipe policial iniciou dilig\u00eancias no intuito de localizar o autor e a arma do crime, sendo que a faca usada pelo autor foi encontrada aos fundos de um bar abandonado na Rua Domingos Afonso de Amorim cruzamento com Rua 07.<\/p>\n<p>Os militares foram at\u00e9 a casa do Autor, ponto de v\u00e1rias den\u00fancias de venda de entorpecentes e no local, a resid\u00eancia aparentava ter sido desocupada \u00e0s pressas, pois estava tudo bagun\u00e7ado e objetos jogado no ch\u00e3o. Foi encontrado no local ainda R$ 871,30 al\u00e9m de 05 maquininhas Mercado Pago \/ Point Mini cor Azul possivelmente proveniente do resultado da venda de Drogas, documentos pessoais do de alguns suspeitos que ser\u00e3o indiciados por tr\u00e1fico de drogas e associa\u00e7\u00e3o ao tr\u00e1fico, sendo tudo entregue na Delegacia de Pol\u00edcia.<\/p>\n<p>A Pol\u00edcia Militar segue em dilig\u00eancias a fins de localizar o autor dos fatos que se encontra foragido.<\/p>\n<p>Segundo informa\u00e7\u00f5es repassadas a nossa reportagem, tanto a v\u00edtima o adolescentes de 17 anos quanto o autor da tentativa de homic\u00eddio o jovem de 20 anos, apesar da pouca idades ambos tem v\u00e1rias passagens pela pol\u00edcia.<\/p>\n<p><a href=\"https:\/\/www.ocorreionews.com.br\/acervo-correio\/wp-content\/uploads\/2023\/05\/boca-CR.jpg\"><img loading=\"lazy\" decoding=\"async\" class=\"alignnone wp-image-240228\" src=\"https:\/\/www.ocorreionews.com.br\/acervo-correio\/wp-content\/uploads\/2023\/05\/boca-CR.jpg\" alt=\"\" width=\"588\" height=\"784\" srcset=\"https:\/\/www.ocorreionews.com.br\/acervo-correio\/wp-content\/uploads\/2023\/05\/boca-CR.jpg 1200w, https:\/\/www.ocorreionews.com.br\/acervo-correio\/wp-content\/uploads\/2023\/05\/boca-CR-225x300.jpg 225w, https:\/\/www.ocorreionews.com.br\/acervo-correio\/wp-content\/uploads\/2023\/05\/boca-CR-768x1024.jpg 768w, https:\/\/www.ocorreionews.com.br\/acervo-correio\/wp-content\/uploads\/2023\/05\/boca-CR-1152x1536.jpg 1152w\" sizes=\"auto, (max-width: 588px) 100vw, 588px\" \/><\/a><\/p>\n<p>* O Correio News, com informa\u00e7\u00f5es da Assessoria de Comunica\u00e7\u00e3o da 4\u00aaCIPM<\/p>\n","protected":false},"excerpt":{"rendered":"<p>No in\u00edcio da tarde desta quinta-feira (18), um adolescente de 17 anos foi esfaqueado por um jovem de 20 anos ap\u00f3s se desentenderem por d\u00edvida e comercio de drogas em Costa Rica. De acordo com informa\u00e7\u00f5es do Boletim de Ocorr\u00eancia, a Pol\u00edcia Militar recebeu acionamento via 190, que informa que uma pessoa teria sido esfaqueada [&hellip;]<\/p>\n","protected":false},"author":5,"featured_media":240233,"comment_status":"closed","ping_status":"closed","sticky":false,"template":"","format":"standard","meta":{"footnotes":""},"categories":[25,38],"tags":[],"class_list":["post-240224","post","type-post","status-publish","format-standard","has-post-thumbnail","hentry","category-costa-rica","category-policia"],"_links":{"self":[{"href":"https:\/\/www.ocorreionews.com.br\/acervo-correio\/index.php?rest_route=\/wp\/v2\/posts\/240224","targetHints":{"allow":["GET"]}}],"collection":[{"href":"https:\/\/www.ocorreionews.com.br\/acervo-correio\/index.php?rest_route=\/wp\/v2\/posts"}],"about":[{"href":"https:\/\/www.ocorreionews.com.br\/acervo-correio\/index.php?rest_route=\/wp\/v2\/types\/post"}],"author":[{"embeddable":true,"href":"https:\/\/www.ocorreionews.com.br\/acervo-correio\/index.php?rest_route=\/wp\/v2\/users\/5"}],"replies":[{"embeddable":true,"href":"https:\/\/www.ocorreionews.com.br\/acervo-correio\/index.php?rest_route=%2Fwp%2Fv2%2Fcomments&post=240224"}],"version-history":[{"count":1,"href":"https:\/\/www.ocorreionews.com.br\/acervo-correio\/index.php?rest_route=\/wp\/v2\/posts\/240224\/revisions"}],"predecessor-version":[{"id":240235,"href":"https:\/\/www.ocorreionews.com.br\/acervo-correio\/index.php?rest_route=\/wp\/v2\/posts\/240224\/revisions\/240235"}],"wp:featuredmedia":[{"embeddable":true,"href":"https:\/\/www.ocorreionews.com.br\/acervo-correio\/index.php?rest_route=\/wp\/v2\/media\/240233"}],"wp:attachment":[{"href":"https:\/\/www.ocorreionews.com.br\/acervo-correio\/index.php?rest_route=%2Fwp%2Fv2%2Fmedia&parent=240224"}],"wp:term":[{"taxonomy":"category","embeddable":true,"href":"https:\/\/www.ocorreionews.com.br\/acervo-correio\/index.php?rest_route=%2Fwp%2Fv2%2Fcategories&post=240224"},{"taxonomy":"post_tag","embeddable":true,"href":"https:\/\/www.ocorreionews.com.br\/acervo-correio\/index.php?rest_route=%2Fwp%2Fv2%2Ftags&post=240224"}],"curies":[{"name":"wp","href":"https:\/\/api.w.org\/{rel}","templated":true}]}}