{"id":240225,"date":"2023-05-18T16:22:21","date_gmt":"2023-05-18T20:22:21","guid":{"rendered":"https:\/\/www.ocorreionews.com.br\/acervo-correio\/?p=240225"},"modified":"2023-05-18T16:51:36","modified_gmt":"2023-05-18T20:51:36","slug":"durante-uma-troca-de-armas-irmaos-se-desentende-e-um-atira-no-outro-em-costa-rica","status":"publish","type":"post","link":"https:\/\/www.ocorreionews.com.br\/acervo-correio\/?p=240225","title":{"rendered":"Durante uma troca de armas irm\u00e3os se desentendem e um atira no outro em Costa Rica"},"content":{"rendered":"<p>&nbsp;<\/p>\n<p>Na manh\u00e3 desta quinta-feira (18), durante uma troca de armas em uma fazenda de Costa Rica que envolvia quatros pessoas, em determinado momento os irm\u00e3os g\u00eameos se desentenderam e um pegou a arma e atirou contra o outro.<\/p>\n<p>Segundo informa\u00e7\u00f5es do Boletim de Ocorr\u00eancia, quatro pessoas sendo os irm\u00e3os g\u00eameos de 38 anos, um de 27 e outro 53 anos, estavam em um bar da cidade e em determinado momento ap\u00f3s consumo abusivo de bebida alco\u00f3lica resolveram ir at\u00e9 uma Fazenda pr\u00f3ximo ao Pesque-pague da Laje, para trocarem uma arma de fogo. No local durante a amostragem de uma das armas, os irm\u00e3os come\u00e7aram a se desentenderem e um deles pegou a arma e atirou contra o outro acertando sua m\u00e3o.<\/p>\n<p>Em seguida os outros dois homens que s\u00e3o tio e sobrinho, socorreram a v\u00edtima at\u00e9 o bar onde eles estavam antes, e acionaram o Corpo de Bombeiros que levou ele para at\u00e9 a Funda\u00e7\u00e3o Hospitalar.<\/p>\n<p>O irm\u00e3o que foi ferido acabou fugindo do hospital antes de ser realizado a cirurgia.<\/p>\n<p>A Pol\u00edcia Militar de Costa Rica, foi acionada pelos atendentes da Funda\u00e7\u00e3o Hospitalar e com as informa\u00e7\u00f5es repassadas, localizaram a v\u00edtima na resid\u00eancia de seu genitor e o encaminharam at\u00e9 o hospital, pois ele reclamava de muita dor e estava com o proj\u00e9til alojado na sua m\u00e3o e precisava passar por cirurgia.<\/p>\n<p>Os policias ent\u00e3o come\u00e7aram as dilig\u00eancias para encontrar os envolvidos, pouco tempo depois tiveram \u00eaxito em encontrar o autor do disparo e a arma, sendo uma carabina calibre 22, al\u00e9m de uma espingarda de press\u00e3o.<\/p>\n<p>Os militares entraram em contato com os outros dois homens envolvidos, os mesmos confirmaram que iriam realizar troca de armas com a v\u00edtima e que entregariam as suas armas, pois estavam escondidas.<\/p>\n<p>Na casa do homem mais velho os militares encontraram duas carabinas calibre 22 e uma garrucha calibre 22. E na casa do seu sobrinho foi encontrado 09 (nove) muni\u00e7\u00f5es de calibre .22.<\/p>\n<p>Diante dos fatos, o homem de 38 anos foi preso por les\u00e3o corporal dolosa a seu irm\u00e3o, bem como posse de arma de fogo de uso permitido. O irm\u00e3o, tamb\u00e9m de 38 anos, v\u00edtima do disparo, foi preso por posse de arma de fogo de uso restrito; o homem de 53 por posse de arma de fogo restrito e o homem de 27 anos, foi conduzido por posse de arma de fogo de uso permitido.<\/p>\n<p>Ao todo, foram apreendidas 04 (quatro) armas de fogo, 09 (nove) muni\u00e7\u00f5es de calibre .22 e uma arma de press\u00e3o.<\/p>\n<div style=\"width: 848px;\" class=\"wp-video\"><!--[if lt IE 9]><script>document.createElement('video');<\/script><![endif]-->\n<video class=\"wp-video-shortcode\" id=\"video-240225-1\" width=\"848\" height=\"480\" preload=\"metadata\" controls=\"controls\"><source type=\"video\/mp4\" src=\"https:\/\/www.ocorreionews.com.br\/acervo-correio\/wp-content\/uploads\/2023\/05\/WhatsApp-Video-2023-05-18-at-16.31.12.mp4?_=1\" \/><a href=\"https:\/\/www.ocorreionews.com.br\/acervo-correio\/wp-content\/uploads\/2023\/05\/WhatsApp-Video-2023-05-18-at-16.31.12.mp4\">https:\/\/www.ocorreionews.com.br\/acervo-correio\/wp-content\/uploads\/2023\/05\/WhatsApp-Video-2023-05-18-at-16.31.12.mp4<\/a><\/video><\/div>\n<p><a href=\"https:\/\/www.ocorreionews.com.br\/acervo-correio\/wp-content\/uploads\/2023\/05\/armas-2.jpg\"><img loading=\"lazy\" decoding=\"async\" class=\"alignnone wp-image-240226\" src=\"https:\/\/www.ocorreionews.com.br\/acervo-correio\/wp-content\/uploads\/2023\/05\/armas-2.jpg\" alt=\"\" width=\"618\" height=\"405\" srcset=\"https:\/\/www.ocorreionews.com.br\/acervo-correio\/wp-content\/uploads\/2023\/05\/armas-2.jpg 1599w, https:\/\/www.ocorreionews.com.br\/acervo-correio\/wp-content\/uploads\/2023\/05\/armas-2-300x197.jpg 300w, https:\/\/www.ocorreionews.com.br\/acervo-correio\/wp-content\/uploads\/2023\/05\/armas-2-1024x672.jpg 1024w, https:\/\/www.ocorreionews.com.br\/acervo-correio\/wp-content\/uploads\/2023\/05\/armas-2-768x504.jpg 768w, https:\/\/www.ocorreionews.com.br\/acervo-correio\/wp-content\/uploads\/2023\/05\/armas-2-1536x1008.jpg 1536w\" sizes=\"auto, (max-width: 618px) 100vw, 618px\" \/><\/a><\/p>\n<p>&nbsp;<\/p>\n<p>* O Correio News, com informa\u00e7\u00f5es da Assessoria de Comunica\u00e7\u00e3o da 4\u00aaCIPM<\/p>\n","protected":false},"excerpt":{"rendered":"<p>&nbsp; Na manh\u00e3 desta quinta-feira (18), durante uma troca de armas em uma fazenda de Costa Rica que envolvia quatros pessoas, em determinado momento os irm\u00e3os g\u00eameos se desentenderam e um pegou a arma e atirou contra o outro. Segundo informa\u00e7\u00f5es do Boletim de Ocorr\u00eancia, quatro pessoas sendo os irm\u00e3os g\u00eameos de 38 anos, um [&hellip;]<\/p>\n","protected":false},"author":5,"featured_media":240227,"comment_status":"closed","ping_status":"closed","sticky":false,"template":"","format":"standard","meta":{"footnotes":""},"categories":[25,38],"tags":[],"class_list":["post-240225","post","type-post","status-publish","format-standard","has-post-thumbnail","hentry","category-costa-rica","category-policia"],"_links":{"self":[{"href":"https:\/\/www.ocorreionews.com.br\/acervo-correio\/index.php?rest_route=\/wp\/v2\/posts\/240225","targetHints":{"allow":["GET"]}}],"collection":[{"href":"https:\/\/www.ocorreionews.com.br\/acervo-correio\/index.php?rest_route=\/wp\/v2\/posts"}],"about":[{"href":"https:\/\/www.ocorreionews.com.br\/acervo-correio\/index.php?rest_route=\/wp\/v2\/types\/post"}],"author":[{"embeddable":true,"href":"https:\/\/www.ocorreionews.com.br\/acervo-correio\/index.php?rest_route=\/wp\/v2\/users\/5"}],"replies":[{"embeddable":true,"href":"https:\/\/www.ocorreionews.com.br\/acervo-correio\/index.php?rest_route=%2Fwp%2Fv2%2Fcomments&post=240225"}],"version-history":[{"count":1,"href":"https:\/\/www.ocorreionews.com.br\/acervo-correio\/index.php?rest_route=\/wp\/v2\/posts\/240225\/revisions"}],"predecessor-version":[{"id":240236,"href":"https:\/\/www.ocorreionews.com.br\/acervo-correio\/index.php?rest_route=\/wp\/v2\/posts\/240225\/revisions\/240236"}],"wp:featuredmedia":[{"embeddable":true,"href":"https:\/\/www.ocorreionews.com.br\/acervo-correio\/index.php?rest_route=\/wp\/v2\/media\/240227"}],"wp:attachment":[{"href":"https:\/\/www.ocorreionews.com.br\/acervo-correio\/index.php?rest_route=%2Fwp%2Fv2%2Fmedia&parent=240225"}],"wp:term":[{"taxonomy":"category","embeddable":true,"href":"https:\/\/www.ocorreionews.com.br\/acervo-correio\/index.php?rest_route=%2Fwp%2Fv2%2Fcategories&post=240225"},{"taxonomy":"post_tag","embeddable":true,"href":"https:\/\/www.ocorreionews.com.br\/acervo-correio\/index.php?rest_route=%2Fwp%2Fv2%2Ftags&post=240225"}],"curies":[{"name":"wp","href":"https:\/\/api.w.org\/{rel}","templated":true}]}}