{"id":24026,"date":"2016-04-01T07:44:04","date_gmt":"2016-04-01T11:44:04","guid":{"rendered":"https:\/\/ocorreionews.com.br\/?p=24026"},"modified":"2016-04-01T07:44:04","modified_gmt":"2016-04-01T11:44:04","slug":"ex-prefeito-de-selviria-e-condenado-a-devolver-r-352-00722-ao-estado","status":"publish","type":"post","link":"https:\/\/www.ocorreionews.com.br\/acervo-correio\/?p=24026","title":{"rendered":"Ex-Prefeito de Selv\u00edria \u00e9 condenado a devolver R$ 352.007,22 ao Estado"},"content":{"rendered":"<p>O Juiz de Direito em substitui\u00e7\u00e3o legal Rodrigo Pedrini Marcos, da Vara de Fazenda P\u00fablica e Registros P\u00fablicos de Tr\u00eas Lagoas\/MS, julgou procedente A\u00e7\u00e3o de Improbidade Administrativa, promovida pelo Minist\u00e9rio P\u00fablico do Estado de Mato Grosso do Sul, por meio do Promotor de Justi\u00e7a Fernando Marcelo Peixoto Lanza, em face de Jos\u00e9 Dodo da Rocha, ex-Prefeito de Selv\u00edria, e condenou o r\u00e9u \u00e0 perda da fun\u00e7\u00e3o p\u00fablica; \u00e0 suspens\u00e3o de seus direitos pol\u00edticos por oito anos; e a ter que ressarcir ao Estado de MS o valor de R$ 352.007,22 atualizado monetariamente pelo \u00cdndice Nacional de Pre\u00e7os ao Consumidor (INPC) e acrescido de juros morat\u00f3rios.<\/p>\n<p>Na mesma senten\u00e7a, o Magistrado ainda condenou o r\u00e9u a pagar, a t\u00edtulo de multa civil, o equivalente a uma vez o valor que recebeu indevidamente a t\u00edtulo de remunera\u00e7\u00e3o dos anos de 2005 a 2011, em favor do Estado de MS, atualizado monetariamente e acrescido de juros morat\u00f3rios. O r\u00e9u ainda est\u00e1 proibido de contratar com o Poder P\u00fablico e de receber incentivos fiscais ou credit\u00edcios, direta ou indiretamente, ainda que por interm\u00e9dio de pessoa jur\u00eddica da qual seja s\u00f3cio majorit\u00e1rio, pelo prazo de 10 anos.<\/p>\n<p>O Minist\u00e9rio P\u00fablico do Estado sustentou, em sua den\u00fancia, que Jos\u00e9 Dodo da Rocha \u00e9 Agente de Pol\u00edcia Judici\u00e1ria e foi eleito Prefeito para o per\u00edodo de 2005 a 2008, bem como reeleito para 2009 a 2012 e, durante seis anos consecutivos, recebeu cumulativamente a remunera\u00e7\u00e3o mensal de policial civil, na quantia de R$ 5.330,18 e o subs\u00eddio de Prefeito, no valor de R$ 14.448,00, totalizando a quantia indevida de R$ 352.007,22.<\/p>\n<p>De acordo com a den\u00fancia, somente ap\u00f3s a instaura\u00e7\u00e3o do inqu\u00e9rito civil pela Promotoria de Justi\u00e7a de Tr\u00eas Lagoas, em 25 de agosto de 2011, o ent\u00e3o Prefeito foi afastado do cargo de agente policial sem \u00f4nus para o Estado.\u00a0A\u00a0decis\u00e3o cabe recurso.<\/p>\n<p>&nbsp;<\/p>\n<p>&nbsp;<\/p>\n<p>&nbsp;<\/p>\n<p>&nbsp;<\/p>\n<p>Not\u00edcia de autoria do site do Minist\u00e9rio P\u00fablico Estadual<\/p>\n","protected":false},"excerpt":{"rendered":"<p>O Juiz de Direito em substitui\u00e7\u00e3o legal Rodrigo Pedrini Marcos, da Vara de Fazenda P\u00fablica e Registros P\u00fablicos de Tr\u00eas Lagoas\/MS, julgou procedente A\u00e7\u00e3o de Improbidade Administrativa, promovida pelo Minist\u00e9rio P\u00fablico do Estado de Mato Grosso do Sul, por meio do Promotor de Justi\u00e7a Fernando Marcelo Peixoto Lanza, em face de Jos\u00e9 Dodo da Rocha, [&hellip;]<\/p>\n","protected":false},"author":4,"featured_media":24027,"comment_status":"closed","ping_status":"closed","sticky":false,"template":"","format":"standard","meta":{"footnotes":""},"categories":[37],"tags":[],"class_list":["post-24026","post","type-post","status-publish","format-standard","has-post-thumbnail","hentry","category-politica"],"_links":{"self":[{"href":"https:\/\/www.ocorreionews.com.br\/acervo-correio\/index.php?rest_route=\/wp\/v2\/posts\/24026","targetHints":{"allow":["GET"]}}],"collection":[{"href":"https:\/\/www.ocorreionews.com.br\/acervo-correio\/index.php?rest_route=\/wp\/v2\/posts"}],"about":[{"href":"https:\/\/www.ocorreionews.com.br\/acervo-correio\/index.php?rest_route=\/wp\/v2\/types\/post"}],"author":[{"embeddable":true,"href":"https:\/\/www.ocorreionews.com.br\/acervo-correio\/index.php?rest_route=\/wp\/v2\/users\/4"}],"replies":[{"embeddable":true,"href":"https:\/\/www.ocorreionews.com.br\/acervo-correio\/index.php?rest_route=%2Fwp%2Fv2%2Fcomments&post=24026"}],"version-history":[{"count":0,"href":"https:\/\/www.ocorreionews.com.br\/acervo-correio\/index.php?rest_route=\/wp\/v2\/posts\/24026\/revisions"}],"wp:featuredmedia":[{"embeddable":true,"href":"https:\/\/www.ocorreionews.com.br\/acervo-correio\/index.php?rest_route=\/wp\/v2\/media\/24027"}],"wp:attachment":[{"href":"https:\/\/www.ocorreionews.com.br\/acervo-correio\/index.php?rest_route=%2Fwp%2Fv2%2Fmedia&parent=24026"}],"wp:term":[{"taxonomy":"category","embeddable":true,"href":"https:\/\/www.ocorreionews.com.br\/acervo-correio\/index.php?rest_route=%2Fwp%2Fv2%2Fcategories&post=24026"},{"taxonomy":"post_tag","embeddable":true,"href":"https:\/\/www.ocorreionews.com.br\/acervo-correio\/index.php?rest_route=%2Fwp%2Fv2%2Ftags&post=24026"}],"curies":[{"name":"wp","href":"https:\/\/api.w.org\/{rel}","templated":true}]}}