{"id":240261,"date":"2023-05-18T18:25:03","date_gmt":"2023-05-18T22:25:03","guid":{"rendered":"https:\/\/www.ocorreionews.com.br\/acervo-correio\/?p=240261"},"modified":"2023-05-19T07:28:42","modified_gmt":"2023-05-19T11:28:42","slug":"240261-2","status":"publish","type":"post","link":"https:\/\/www.ocorreionews.com.br\/acervo-correio\/?p=240261","title":{"rendered":"C\u00e2mara Municipal de Chapad\u00e3o do Sul emitiu Nota de Pesar"},"content":{"rendered":"<p>A C\u00e2mara Municipal de Chapad\u00e3o do Sul, manifesta o mais profundo pesar pelo falecimento de Iva Maria de Freitas, aos 82 anos de idade, moradora e pioneira de Chapad\u00e3o do Sul desde 1978. Ela estava em tratamento de sa\u00fade, na Santa Casa de Campo Grande (MS), onde sofreu uma parada respirat\u00f3ria, na tarde de quarta-feira, 17 de maio.<\/p>\n<p>Iva que era vi\u00fava de Luiz Faria de Freitas, deixa os filhos Jos\u00e9 Vicente, Guilherme e Luiz Carlos, al\u00e9m de noras, netos e 6 bisnetos.<\/p>\n<p>Luiz Carlos inclusive foi vereador no primeiro mandato da primeira legislatura da C\u00e2mara Municipal ap\u00f3s a emancipa\u00e7\u00e3o de Chapad\u00e3o do Sul.<\/p>\n<p>Neste momento de dor prestamos solidariedade \u00e0 fam\u00edlia e amigos. Pedimos a Deus que conforte o cora\u00e7\u00e3o de todos.<\/p>\n<p><img decoding=\"async\" src=\"https:\/\/www.camarachapadaodosul.ms.gov.br\/\/uploads\/wysiwyg\/\/53ac305f.jpeg\" alt=\"\" \/><\/p>\n<p>&nbsp;<\/p>\n<p>&nbsp;<\/p>\n<p>*Assessoria<\/p>\n","protected":false},"excerpt":{"rendered":"<p>A C\u00e2mara Municipal de Chapad\u00e3o do Sul, manifesta o mais profundo pesar pelo falecimento de Iva Maria de Freitas, aos 82 anos de idade, moradora e pioneira de Chapad\u00e3o do Sul desde 1978. Ela estava em tratamento de sa\u00fade, na Santa Casa de Campo Grande (MS), onde sofreu uma parada respirat\u00f3ria, na tarde de quarta-feira, [&hellip;]<\/p>\n","protected":false},"author":5,"featured_media":240262,"comment_status":"closed","ping_status":"closed","sticky":false,"template":"","format":"standard","meta":{"footnotes":""},"categories":[20,23],"tags":[],"class_list":["post-240261","post","type-post","status-publish","format-standard","has-post-thumbnail","hentry","category-camara-municipal","category-chapadao-do-sul"],"_links":{"self":[{"href":"https:\/\/www.ocorreionews.com.br\/acervo-correio\/index.php?rest_route=\/wp\/v2\/posts\/240261","targetHints":{"allow":["GET"]}}],"collection":[{"href":"https:\/\/www.ocorreionews.com.br\/acervo-correio\/index.php?rest_route=\/wp\/v2\/posts"}],"about":[{"href":"https:\/\/www.ocorreionews.com.br\/acervo-correio\/index.php?rest_route=\/wp\/v2\/types\/post"}],"author":[{"embeddable":true,"href":"https:\/\/www.ocorreionews.com.br\/acervo-correio\/index.php?rest_route=\/wp\/v2\/users\/5"}],"replies":[{"embeddable":true,"href":"https:\/\/www.ocorreionews.com.br\/acervo-correio\/index.php?rest_route=%2Fwp%2Fv2%2Fcomments&post=240261"}],"version-history":[{"count":1,"href":"https:\/\/www.ocorreionews.com.br\/acervo-correio\/index.php?rest_route=\/wp\/v2\/posts\/240261\/revisions"}],"predecessor-version":[{"id":240265,"href":"https:\/\/www.ocorreionews.com.br\/acervo-correio\/index.php?rest_route=\/wp\/v2\/posts\/240261\/revisions\/240265"}],"wp:featuredmedia":[{"embeddable":true,"href":"https:\/\/www.ocorreionews.com.br\/acervo-correio\/index.php?rest_route=\/wp\/v2\/media\/240262"}],"wp:attachment":[{"href":"https:\/\/www.ocorreionews.com.br\/acervo-correio\/index.php?rest_route=%2Fwp%2Fv2%2Fmedia&parent=240261"}],"wp:term":[{"taxonomy":"category","embeddable":true,"href":"https:\/\/www.ocorreionews.com.br\/acervo-correio\/index.php?rest_route=%2Fwp%2Fv2%2Fcategories&post=240261"},{"taxonomy":"post_tag","embeddable":true,"href":"https:\/\/www.ocorreionews.com.br\/acervo-correio\/index.php?rest_route=%2Fwp%2Fv2%2Ftags&post=240261"}],"curies":[{"name":"wp","href":"https:\/\/api.w.org\/{rel}","templated":true}]}}