{"id":240285,"date":"2023-05-19T08:20:27","date_gmt":"2023-05-19T12:20:27","guid":{"rendered":"https:\/\/www.ocorreionews.com.br\/acervo-correio\/?p=240285"},"modified":"2023-05-19T09:09:13","modified_gmt":"2023-05-19T13:09:13","slug":"policia-civil-apreende-armas-de-fogo-e-municoes-em-costa-rica","status":"publish","type":"post","link":"https:\/\/www.ocorreionews.com.br\/acervo-correio\/?p=240285","title":{"rendered":"Pol\u00edcia Civil apreende armas de fogo e muni\u00e7\u00f5es em Costa Rica"},"content":{"rendered":"<p>A Pol\u00edcia Civil, por meio da Se\u00e7\u00e3o de Investiga\u00e7\u00f5es Gerais (SIG), da Delegacia de Costa Rica, realizou uma dilig\u00eancia na manh\u00e3 desta quinta-feira, 18\/05, que resultou na apreens\u00e3o de quatro armas de fogo de uso permitido e diversas muni\u00e7\u00f5es. Tr\u00eas pessoas foram conduzidas para a Delegacia de Pol\u00edcia para prestar esclarecimentos.<\/p>\n<p>Ap\u00f3s um intenso trabalho investigativo, os agentes da Pol\u00edcia Civil identificaram que uma propriedade rural de Costa Rica estava sendo utilizada para esconder armas de fogo.<\/p>\n<p>Durante a dilig\u00eancia, os policiais encontraram e apreenderam duas armas longas e duas armas curtas, al\u00e9m de um estoque consider\u00e1vel de muni\u00e7\u00f5es. A apreens\u00e3o das armas e muni\u00e7\u00f5es representa um importante avan\u00e7o no combate ao porte\/posse ilegal de armas na regi\u00e3o.<\/p>\n<p>Tr\u00eas indiv\u00edduos que estavam presentes no local foram conduzidos para a Delegacia de Pol\u00edcia de Costa Rica, onde ser\u00e3o ouvidos pela autoridade competente. A investiga\u00e7\u00e3o em curso busca esclarecer a origem das armas e a poss\u00edvel rela\u00e7\u00e3o dos conduzidos com outros crimes na regi\u00e3o.<\/p>\n<div class=\"\" dir=\"auto\">\n<div id=\":rdo:\" class=\"x1iorvi4 x1pi30zi x1l90r2v x1swvt13\" data-ad-comet-preview=\"message\" data-ad-preview=\"message\">\n<div class=\"x78zum5 xdt5ytf xz62fqu x16ldp7u\">\n<div class=\"xu06os2 x1ok221b\">\n<div class=\"xdj266r x11i5rnm xat24cr x1mh8g0r x1vvkbs x126k92a\">\n<div dir=\"auto\">Em duas opera\u00e7\u00f5es uma da Pol\u00edcia Militar e est\u00e1 Pol\u00edcia Civil, resultaram em apreens\u00e3o de 8 armas de fogos somente nesta quinta-feira na cidade de Costa Rica.<\/div>\n<div dir=\"auto\"><\/div>\n<\/div>\n<\/div>\n<\/div>\n<\/div>\n<\/div>\n<p>O Delegado de Pol\u00edcia respons\u00e1vel pelo caso, Jhonny Garcia Trindade Monteiro, destacou a import\u00e2ncia da a\u00e7\u00e3o e ressaltou o compromisso da Pol\u00edcia Civil em manter a seguran\u00e7a da popula\u00e7\u00e3o. \u201cEssa apreens\u00e3o \u00e9 resultado de um trabalho conjunto da equipe de investiga\u00e7\u00e3o, que segue empenhada em combater o crime e preservar a tranquilidade da nossa comunidade\u201d, afirmou o Delegado.<\/p>\n<p>A Pol\u00edcia Civil refor\u00e7a a import\u00e2ncia da participa\u00e7\u00e3o da popula\u00e7\u00e3o, por meio de den\u00fancias, no combate \u00e0 criminalidade. Qualquer informa\u00e7\u00e3o que possa auxiliar nas investiga\u00e7\u00f5es pode ser repassada de forma an\u00f4nima atrav\u00e9s do Disque Den\u00fancia, pelo n\u00famero (67) 3247-6500 ou diretamente na Delegacia de Pol\u00edcia.<\/p>\n<p>&nbsp;<\/p>\n<p><a href=\"https:\/\/www.ocorreionews.com.br\/acervo-correio\/wp-content\/uploads\/2023\/05\/Operacao-Policia-Civil-Costa-Rica.jpg\"><img loading=\"lazy\" decoding=\"async\" class=\"alignnone size-full wp-image-240290\" src=\"https:\/\/www.ocorreionews.com.br\/acervo-correio\/wp-content\/uploads\/2023\/05\/Operacao-Policia-Civil-Costa-Rica.jpg\" alt=\"\" width=\"1198\" height=\"710\" srcset=\"https:\/\/www.ocorreionews.com.br\/acervo-correio\/wp-content\/uploads\/2023\/05\/Operacao-Policia-Civil-Costa-Rica.jpg 1198w, https:\/\/www.ocorreionews.com.br\/acervo-correio\/wp-content\/uploads\/2023\/05\/Operacao-Policia-Civil-Costa-Rica-300x178.jpg 300w, https:\/\/www.ocorreionews.com.br\/acervo-correio\/wp-content\/uploads\/2023\/05\/Operacao-Policia-Civil-Costa-Rica-1024x607.jpg 1024w, https:\/\/www.ocorreionews.com.br\/acervo-correio\/wp-content\/uploads\/2023\/05\/Operacao-Policia-Civil-Costa-Rica-768x455.jpg 768w\" sizes=\"auto, (max-width: 1198px) 100vw, 1198px\" \/><\/a><\/p>\n<p>*Assessoria Pol\u00edcia Civil<\/p>\n","protected":false},"excerpt":{"rendered":"<p>A Pol\u00edcia Civil, por meio da Se\u00e7\u00e3o de Investiga\u00e7\u00f5es Gerais (SIG), da Delegacia de Costa Rica, realizou uma dilig\u00eancia na manh\u00e3 desta quinta-feira, 18\/05, que resultou na apreens\u00e3o de quatro armas de fogo de uso permitido e diversas muni\u00e7\u00f5es. Tr\u00eas pessoas foram conduzidas para a Delegacia de Pol\u00edcia para prestar esclarecimentos. Ap\u00f3s um intenso trabalho [&hellip;]<\/p>\n","protected":false},"author":5,"featured_media":240299,"comment_status":"closed","ping_status":"closed","sticky":false,"template":"","format":"standard","meta":{"footnotes":""},"categories":[25,38],"tags":[],"class_list":["post-240285","post","type-post","status-publish","format-standard","has-post-thumbnail","hentry","category-costa-rica","category-policia"],"_links":{"self":[{"href":"https:\/\/www.ocorreionews.com.br\/acervo-correio\/index.php?rest_route=\/wp\/v2\/posts\/240285","targetHints":{"allow":["GET"]}}],"collection":[{"href":"https:\/\/www.ocorreionews.com.br\/acervo-correio\/index.php?rest_route=\/wp\/v2\/posts"}],"about":[{"href":"https:\/\/www.ocorreionews.com.br\/acervo-correio\/index.php?rest_route=\/wp\/v2\/types\/post"}],"author":[{"embeddable":true,"href":"https:\/\/www.ocorreionews.com.br\/acervo-correio\/index.php?rest_route=\/wp\/v2\/users\/5"}],"replies":[{"embeddable":true,"href":"https:\/\/www.ocorreionews.com.br\/acervo-correio\/index.php?rest_route=%2Fwp%2Fv2%2Fcomments&post=240285"}],"version-history":[{"count":1,"href":"https:\/\/www.ocorreionews.com.br\/acervo-correio\/index.php?rest_route=\/wp\/v2\/posts\/240285\/revisions"}],"predecessor-version":[{"id":240301,"href":"https:\/\/www.ocorreionews.com.br\/acervo-correio\/index.php?rest_route=\/wp\/v2\/posts\/240285\/revisions\/240301"}],"wp:featuredmedia":[{"embeddable":true,"href":"https:\/\/www.ocorreionews.com.br\/acervo-correio\/index.php?rest_route=\/wp\/v2\/media\/240299"}],"wp:attachment":[{"href":"https:\/\/www.ocorreionews.com.br\/acervo-correio\/index.php?rest_route=%2Fwp%2Fv2%2Fmedia&parent=240285"}],"wp:term":[{"taxonomy":"category","embeddable":true,"href":"https:\/\/www.ocorreionews.com.br\/acervo-correio\/index.php?rest_route=%2Fwp%2Fv2%2Fcategories&post=240285"},{"taxonomy":"post_tag","embeddable":true,"href":"https:\/\/www.ocorreionews.com.br\/acervo-correio\/index.php?rest_route=%2Fwp%2Fv2%2Ftags&post=240285"}],"curies":[{"name":"wp","href":"https:\/\/api.w.org\/{rel}","templated":true}]}}