{"id":240293,"date":"2023-05-19T08:52:12","date_gmt":"2023-05-19T12:52:12","guid":{"rendered":"https:\/\/www.ocorreionews.com.br\/acervo-correio\/?p=240293"},"modified":"2023-05-19T08:52:12","modified_gmt":"2023-05-19T12:52:12","slug":"ms-tem-a-quarta-menor-taxa-de-desemprego-do-pais-mostra-pesquisa-do-ibge","status":"publish","type":"post","link":"https:\/\/www.ocorreionews.com.br\/acervo-correio\/?p=240293","title":{"rendered":"MS tem a quarta menor taxa de desemprego do Pa\u00eds, mostra pesquisa do IBGE"},"content":{"rendered":"<p>Com a pol\u00edtica de atra\u00e7\u00e3o de empresas para gerar empregos e renda \u00e0 popula\u00e7\u00e3o, Mato Grosso do Sul tem a quarta menor taxa de desemprego do Pa\u00eds. Esta avalia\u00e7\u00e3o foi feita pela PNAD Cont\u00ednua (Pesquisa Nacional por Amostra de Domic\u00edlio), realizada pelo IBGE (Instituto Brasileiro de Geografia e Estat\u00edstica). O levantamento foi feito em rela\u00e7\u00e3o ao primeiro trimestre de 2023.<\/p>\n<p>Na pesquisa Mato Grosso do Sul apresenta a taxa de 4,8% de desemprego, sendo superado apenas por Rond\u00f4nia (3,2%), Santa Catarina (3,8%) e Mato Grosso (4,5%). A m\u00e9dia do Brasil inclusive \u00e9 de 8,8%. J\u00e1 as maiores taxas ficaram com Bahia (14,4%) e Pernambuco (14,1%).<\/p>\n<p>O secret\u00e1rio-executivo de Qualifica\u00e7\u00e3o Profissional e Trabalho da Semadesc (Secretaria de Meio Ambiente, Desenvolvimento, Ci\u00eancia, Tecnologia e Inova\u00e7\u00e3o), Bruno Gouv\u00eaa, avaliou os n\u00fameros como positivos, j\u00e1 que mostram o Estado entre os melhores da federa\u00e7\u00e3o neste quesito.<\/p>\n<p>\u201cEntendemos que os n\u00fameros do emprego no Mato Grosso do Sul continuam positivos. Hoje ainda somos o quarto estado com a menor desocupa\u00e7\u00e3o do Pa\u00eds. Seria muito dif\u00edcil manter os 3,3% de desocupa\u00e7\u00e3o do trimestre anterior, que foi um recorde da s\u00e9rie hist\u00f3rica, mas continuamos como o melhor resultado desde 2014\u201d, afirmou.<\/p>\n<p>Gouv\u00eaa ainda citou os bons n\u00fameros do Estado em rela\u00e7\u00e3o a taxa de formalidade, que \u00e9 a 6\u00b0 melhor do Brasil, assim como outros dados de destaque. \u201cTamb\u00e9m teve a influ\u00eancia positiva de pessoas que n\u00e3o estavam procurando emprego e passaram a procurar, entrando na lista de desocupa\u00e7\u00e3o, assim como 25% a mais em rela\u00e7\u00e3o ao primeiro trimestre de 2022 em rela\u00e7\u00e3o a ocupa\u00e7\u00e3o de empregadores\u201d.<\/p>\n<p>Na sua avalia\u00e7\u00e3o estes n\u00fameros aliados a boa perspectiva de crescimento econ\u00f4mico do Estado, com a vinda de novas ind\u00fastrias e o lan\u00e7amento do plano estadual \u201cMS Qualifica\u201d pelo Governo do Estado, trazem boas perspectivas na situa\u00e7\u00e3o do \u201cemprego\u201d em Mato Grosso do Sul.<\/p>\n<p><strong>Oportunidades e qualifica\u00e7\u00e3o<\/strong><\/p>\n<p>O governador Eduardo Riedel afirmou que o Estado disp\u00f5e de uma \u201ccarteira de investimentos privados\u201d no valor de R$ 60 bilh\u00f5es, em diferentes \u00e1reas, com industrias, f\u00e1bricas e empresas que escolheram investir aqui pelo \u201cbom ambiente de neg\u00f3cios\u201d do Estado, gerando empregos, novas oportunidades e melhor renda para toda popula\u00e7\u00e3o.<\/p>\n<p>\u201cO Estado tem feito sua parte, com obras de infraestrutura para melhorar os acessos e log\u00edstica em diferentes regi\u00f5es, assim como pol\u00edtica de incentivos fiscais e desenvolvendo um ambiente positivo e atrativo para vinda de novas empresas. O resultado \u00e9 mais empregos para as pessoas\u201d, disse o governador.<\/p>\n<p>Outro foco \u00e9 a qualifica\u00e7\u00e3o profissional, para preencher as vagas que est\u00e3o dispon\u00edveis no mercado, mas que falta m\u00e3o de obra preparada para assumir as fun\u00e7\u00f5es. Para isto o Governo lan\u00e7ou o plano estadual \u201cMS Qualifica\u201d, onde vai fazer a capacita\u00e7\u00e3o de trabalhadores, para que tenham um emprego melhor.<\/p>\n<p>O plano \u00e9 uma iniciativa que promove a inclus\u00e3o social e cumpre um compromisso firmado com a popula\u00e7\u00e3o sul-mato-grossense. Para desenvolver o \u201cMS Qualifica\u201d o Governo do Estado vai realizar um trabalho \u201ctransversal\u201d com v\u00e1rias secretarias, em uma a\u00e7\u00e3o conjunta. Tamb\u00e9m ser\u00e3o feitas parcerias com institui\u00e7\u00f5es, entidades e iniciativa privada.<\/p>\n<p>A primeira a\u00e7\u00e3o foi o \u201cVoucher Transportador\u201d, que vai qualificar mil motoristas de cargas e \u00f4nibus, por meio de um conv\u00eanio com o Sest\/Senat. Depois da capacita\u00e7\u00e3o, eles ainda v\u00e3o ter \u201ccusto zero\u201d para inclu\u00edrem em suas carteiras de habilita\u00e7\u00e3o as letras \u201cD\u201d e \u201cE\u201d.<\/p>\n<p><em>Leonardo Rocha, Comunica\u00e7\u00e3o do Governo de MS<\/em><\/p>\n","protected":false},"excerpt":{"rendered":"<p>Com a pol\u00edtica de atra\u00e7\u00e3o de empresas para gerar empregos e renda \u00e0 popula\u00e7\u00e3o, Mato Grosso do Sul tem a quarta menor taxa de desemprego do Pa\u00eds. Esta avalia\u00e7\u00e3o foi feita pela PNAD Cont\u00ednua (Pesquisa Nacional por Amostra de Domic\u00edlio), realizada pelo IBGE (Instituto Brasileiro de Geografia e Estat\u00edstica). O levantamento foi feito em rela\u00e7\u00e3o [&hellip;]<\/p>\n","protected":false},"author":5,"featured_media":92231,"comment_status":"closed","ping_status":"closed","sticky":false,"template":"","format":"standard","meta":{"footnotes":""},"categories":[37],"tags":[],"class_list":["post-240293","post","type-post","status-publish","format-standard","has-post-thumbnail","hentry","category-politica"],"_links":{"self":[{"href":"https:\/\/www.ocorreionews.com.br\/acervo-correio\/index.php?rest_route=\/wp\/v2\/posts\/240293","targetHints":{"allow":["GET"]}}],"collection":[{"href":"https:\/\/www.ocorreionews.com.br\/acervo-correio\/index.php?rest_route=\/wp\/v2\/posts"}],"about":[{"href":"https:\/\/www.ocorreionews.com.br\/acervo-correio\/index.php?rest_route=\/wp\/v2\/types\/post"}],"author":[{"embeddable":true,"href":"https:\/\/www.ocorreionews.com.br\/acervo-correio\/index.php?rest_route=\/wp\/v2\/users\/5"}],"replies":[{"embeddable":true,"href":"https:\/\/www.ocorreionews.com.br\/acervo-correio\/index.php?rest_route=%2Fwp%2Fv2%2Fcomments&post=240293"}],"version-history":[{"count":1,"href":"https:\/\/www.ocorreionews.com.br\/acervo-correio\/index.php?rest_route=\/wp\/v2\/posts\/240293\/revisions"}],"predecessor-version":[{"id":240297,"href":"https:\/\/www.ocorreionews.com.br\/acervo-correio\/index.php?rest_route=\/wp\/v2\/posts\/240293\/revisions\/240297"}],"wp:featuredmedia":[{"embeddable":true,"href":"https:\/\/www.ocorreionews.com.br\/acervo-correio\/index.php?rest_route=\/wp\/v2\/media\/92231"}],"wp:attachment":[{"href":"https:\/\/www.ocorreionews.com.br\/acervo-correio\/index.php?rest_route=%2Fwp%2Fv2%2Fmedia&parent=240293"}],"wp:term":[{"taxonomy":"category","embeddable":true,"href":"https:\/\/www.ocorreionews.com.br\/acervo-correio\/index.php?rest_route=%2Fwp%2Fv2%2Fcategories&post=240293"},{"taxonomy":"post_tag","embeddable":true,"href":"https:\/\/www.ocorreionews.com.br\/acervo-correio\/index.php?rest_route=%2Fwp%2Fv2%2Ftags&post=240293"}],"curies":[{"name":"wp","href":"https:\/\/api.w.org\/{rel}","templated":true}]}}